{"id":29725,"date":"2017-05-18T12:11:32","date_gmt":"2017-05-18T15:11:32","guid":{"rendered":"http:\/\/alianzanacional.com.uy\/web\/?p=29725"},"modified":"2017-05-18T12:11:32","modified_gmt":"2017-05-18T15:11:32","slug":"olivera-la-situacion-del-vertedero-refleja-una-dejadez-total","status":"publish","type":"post","link":"https:\/\/alianzanacional.com.uy\/web\/olivera-la-situacion-del-vertedero-refleja-una-dejadez-total\/","title":{"rendered":"Olivera: La situaci\u00f3n del vertedero refleja \u201cuna dejadez total\u201d"},"content":{"rendered":"<p><a href=\"https:\/\/alianzanacional.com.uy\/web\/wp-content\/uploads\/2016\/03\/olivera.jpg\"><img fetchpriority=\"high\" decoding=\"async\" src=\"https:\/\/alianzanacional.com.uy\/web\/wp-content\/uploads\/2016\/03\/olivera-700x394.jpg\" alt=\"\" width=\"620\" height=\"349\" class=\"alignnone size-large wp-image-28231\" srcset=\"https:\/\/alianzanacional.com.uy\/web\/wp-content\/uploads\/2016\/03\/olivera-700x394.jpg 700w, https:\/\/alianzanacional.com.uy\/web\/wp-content\/uploads\/2016\/03\/olivera-400x225.jpg 400w, https:\/\/alianzanacional.com.uy\/web\/wp-content\/uploads\/2016\/03\/olivera-768x432.jpg 768w, https:\/\/alianzanacional.com.uy\/web\/wp-content\/uploads\/2016\/03\/olivera.jpg 1154w\" sizes=\"(max-width: 620px) 100vw, 620px\" \/><\/a><\/p>\n<p>El diputado nacionalista Nicol\u00e1s Olivera y los ediles del Partido Nacional Gabriela G\u00f3mez, Guadalupe Caballero y Jos\u00e9 Pedro Illia, volvieron a denunciar la situaci\u00f3n del vertedero en la zona de Casa Blanca, donde trabajan como hurgadores menores de edad, sin control de las autoridades y expuestos a la contaminaci\u00f3n del lugar. Los pol\u00edticos aseguran que la Intendencia, el INAU y el Mides est\u00e1n al tanto de la situaci\u00f3n pero que no han tomado cartas en el asunto, m\u00e1s all\u00e1 de los planteos que se les han realizado.<br \/>\nLa problem\u00e1tica del Vertedero Municipal \u201cse ha trabajado desde hace tiempo; la cuesti\u00f3n ahora es que, pese a la intensa labor y de llevar adelante todo lo que se ten\u00eda que hacer, hay un ausentismo y una dejadez total de ciertas instituciones que no asumen la responsabilidad, como el INAU y el Mides\u201d, asever\u00f3 Olivera a EL TELEGRAFO. Identificados los problemas, como el trabajo de los menores y la contaminaci\u00f3n, no se ha puesto remedio. El diputado indic\u00f3 que existe \u201cun agujero negro\u201d donde las autoridades no intervienen, insisti\u00f3.<br \/>\nOlivera record\u00f3 que la Intendencia, el 29 de agosto del a\u00f1o pasado a trav\u00e9s de una resoluci\u00f3n, modific\u00f3 el reglamento del vertedero, donde se indic\u00f3 de forma expresa que estaba prohibido el ingreso de menores de edad. Sin embargo, en la actualidad \u201chay menores de edad que no concurren a las escuelas, que tienen que ir a CAIF y no lo hacen\u201d, dijo.<br \/>\n\u201cEl a\u00f1o pasado se difundi\u00f3 en la prensa, que la Intendencia, el INAU y el Mides iban a hacer un abordaje institucional y resulta que hasta ahora esa gente sigue estando en la misma situaci\u00f3n. La responsabilidad es del Estado que sabe lo que pasa y no hace nada. Mucha de esa gente no tiene otra forma de ingreso que no sea a trav\u00e9s del vertedero, de la clasificaci\u00f3n de residuos\u201d, a\u00f1adi\u00f3 el legislador nacionalista. \u201cLa situaci\u00f3n sanitaria es totalmente deplorable. El tema no es culpar a los padres, sino insistir sobre los deberes del Estado, que conoce la situaci\u00f3n, que anunci\u00f3 que iba a abordar el tema y no lo ha hecho\u201d. <\/p>\n<p><strong>SILENCIO<\/strong><br \/>\nEn concreto, la edila G\u00f3mez coment\u00f3 que en diciembre de 2016 denunciaron una serie de hechos que pasaron por las comisiones de Obras, Higiene y Promoci\u00f3n Social, a la vez que elevaron oficios al INAU, al Mides, al Centro Coordinador de Emergencias Departamentales (Cecoed) y al Ministerio de Salud P\u00fablica (MSP), \u201csin recibir respuestas\u201d. Tambi\u00e9n \u201chemos invitado a reuniones de vecinos a las autoridades de la Intendencia y el Mides y tampoco nos respondieron. Solicitamos una entrevista con el INAU, sin \u00e9xito\u201d. \u201cNadie ha dado respuesta de nada. Hay una ausencia del Estado en los lugares que tiene que estar presente en territorio\u201d, subray\u00f3.<br \/>\n\u201cEl principal responsable es la intendencia de Paysand\u00fa\u201d, dijo, de su lado, el edil Illia. \u201cHay mont\u00f3n de normativas que obliga al intendente y a a la Junta a denunciar y resolver esos temas. Se genera por la mala gesti\u00f3n del basurero. Adem\u00e1s, se encuentra en una zona rural, frente a una colonia del Instituto Nacional de Colonizaci\u00f3n (INC) y ni siquiera se plantean un eventual conflicto con el INC\u201d, agreg\u00f3.<br \/>\nEn la zona del Vertedero Municipal conviven unas 80 familias distribuidas en los asentamientos Juan Santos, El Sauce y Espinillo (as\u00ed son denominados por sus pobladores), en condiciones de extrema precariedad. \u201cAll\u00ed los hurgadores mandan m\u00e1s que las autoridades. No hay control, no hay planificaci\u00f3n\u201d, denunci\u00f3 Illia. En el mismo sentido, la edila Guadalupe dijo que al vertedero \u201centra y sale quien quiere\u201d y que hay quienes se adue\u00f1aron del lugar que, incluso, \u201cno permiten utilizar el ba\u00f1o a los que vienen de afuera\u201d. <\/p>\n<p><strong>UN TEMA DE VOLUNTAD<\/strong><br \/>\nHace un tiempo, los asentamientos, que pasaron 12 d\u00edas sin agua potable, lograron solucionar una problem\u00e1tica de salubridad. Pero, actualmente, \u201chace dos meses\u201d que no aparece la barom\u00e9trica, seg\u00fan el diputado Olivera. \u201cEsa gente no puede vivir ah\u00ed. Pero mientras no se pueda gestionar esa soluci\u00f3n de fondo, tampoco podemos permitir que estos gurises est\u00e9n sin ir a la escuela y metidos dentro de un lugar contaminado\u201d, a\u00f1adi\u00f3. El titular del frigor\u00edfico Casa Blanca, Eugenio Schneider, se ha mostrado dispuesto a colaborar con las autoridades, como buscar un realojo para que puedan \u201cvivir dignamente\u201d, record\u00f3 el edil Illia. \u201cQueremos soluciones pero las autoridades competentes no hacen nada. Tapar la basura a cielo abierto y regular el ingreso de hurgadores se puede hacer ma\u00f1ana. Hay falta de voluntad\u201d, concluy\u00f3.<\/p>\n<p>Fuente: El Tel\u00e9grafo<\/p>\n","protected":false},"excerpt":{"rendered":"<p>El diputado nacionalista Nicol\u00e1s Olivera y los ediles del Partido Nacional Gabriela G\u00f3mez, Guadalupe Caballero y Jos\u00e9 Pedro Illia, volvieron a denunciar la situaci\u00f3n del vertedero en la zona de Casa Blanca, donde trabajan como hurgadores menores de edad, sin control de las autoridades y expuestos a la contaminaci\u00f3n del lugar. Los pol\u00edticos aseguran que [&hellip;]<\/p>\n","protected":false},"author":1,"featured_media":28231,"comment_status":"open","ping_status":"open","sticky":false,"template":"","format":"standard","meta":{"footnotes":""},"categories":[232],"tags":[],"class_list":["post-29725","post","type-post","status-publish","format-standard","has-post-thumbnail","hentry","category-departamentales"],"_links":{"self":[{"href":"https:\/\/alianzanacional.com.uy\/web\/wp-json\/wp\/v2\/posts\/29725","targetHints":{"allow":["GET"]}}],"collection":[{"href":"https:\/\/alianzanacional.com.uy\/web\/wp-json\/wp\/v2\/posts"}],"about":[{"href":"https:\/\/alianzanacional.com.uy\/web\/wp-json\/wp\/v2\/types\/post"}],"author":[{"embeddable":true,"href":"https:\/\/alianzanacional.com.uy\/web\/wp-json\/wp\/v2\/users\/1"}],"replies":[{"embeddable":true,"href":"https:\/\/alianzanacional.com.uy\/web\/wp-json\/wp\/v2\/comments?post=29725"}],"version-history":[{"count":1,"href":"https:\/\/alianzanacional.com.uy\/web\/wp-json\/wp\/v2\/posts\/29725\/revisions"}],"predecessor-version":[{"id":29726,"href":"https:\/\/alianzanacional.com.uy\/web\/wp-json\/wp\/v2\/posts\/29725\/revisions\/29726"}],"wp:featuredmedia":[{"embeddable":true,"href":"https:\/\/alianzanacional.com.uy\/web\/wp-json\/wp\/v2\/media\/28231"}],"wp:attachment":[{"href":"https:\/\/alianzanacional.com.uy\/web\/wp-json\/wp\/v2\/media?parent=29725"}],"wp:term":[{"taxonomy":"category","embeddable":true,"href":"https:\/\/alianzanacional.com.uy\/web\/wp-json\/wp\/v2\/categories?post=29725"},{"taxonomy":"post_tag","embeddable":true,"href":"https:\/\/alianzanacional.com.uy\/web\/wp-json\/wp\/v2\/tags?post=29725"}],"curies":[{"name":"wp","href":"https:\/\/api.w.org\/{rel}","templated":true}]}}