{"id":29729,"date":"2017-05-18T12:31:04","date_gmt":"2017-05-18T15:31:04","guid":{"rendered":"http:\/\/alianzanacional.com.uy\/web\/?p=29729"},"modified":"2017-05-18T12:31:04","modified_gmt":"2017-05-18T15:31:04","slug":"lecheria-para-roselli-es-tiempo-de-soluciones-solo-falta-voluntad-del-gobierno","status":"publish","type":"post","link":"https:\/\/alianzanacional.com.uy\/web\/lecheria-para-roselli-es-tiempo-de-soluciones-solo-falta-voluntad-del-gobierno\/","title":{"rendered":"Lecher\u00eda: Para Roselli \u00abes tiempo de soluciones, solo falta voluntad del gobierno\u00bb"},"content":{"rendered":"<p><a href=\"https:\/\/alianzanacional.com.uy\/web\/wp-content\/uploads\/2017\/05\/5dea34_f8f9df8b0d054bac95f9a23bf072f63c-mv2_d_4305_2872_s_4_2.jpg\"><img fetchpriority=\"high\" decoding=\"async\" src=\"https:\/\/alianzanacional.com.uy\/web\/wp-content\/uploads\/2017\/05\/5dea34_f8f9df8b0d054bac95f9a23bf072f63c-mv2_d_4305_2872_s_4_2.jpg\" alt=\"\" width=\"4305\" height=\"2872\" class=\"alignnone size-full wp-image-29730\" \/><\/a><\/p>\n<p>En el \u00faltimo Consejo de Ministros realizado en Cardal el gobierno nacional anunci\u00f3 que rebajar\u00e1 el costo de la energ\u00eda el\u00e9ctrica 15 % para los tambos, y que esa medida se aplicar\u00e1 en los meses de junio, julio y agosto. El anuncio del presidente Dr. Tabar\u00e9 V\u00e1zquez fue planteado como una ayuda para palear una situaci\u00f3n grave que ya no es noticia y que nos preocupa mucho, especialmente a Colonia que es esencialmente lechero.<\/p>\n<p>Si analizamos la realidad y pasamos a n\u00fameros la bonificaci\u00f3n anunciada nos encontramos con que tenemos que en un tambo de 150 vacas trabajando doble horario un productor pag\u00f3 en energ\u00eda el\u00e9ctrica $ 24.600 en febrero, $ 21.900 en marzo y $ 21.000 en abril (datos aportados por el productor y directivo de la Asociaci\u00f3n Nacional de Productores de Leche, Cono Ru\u00edz).  Con el ajuste anunciado el productor tendr\u00e1 un impacto mensual promedio cercano a $ 3.150. Conaprole tiene un costo energ\u00e9tico de  600.000 d\u00f3lares mensuales, la bonificaci\u00f3n ser\u00eda un ajuste de 90.000 d\u00f3lares por mes. Esto es insuficiente y equivale a tapar agujeros y dejar que sigan abri\u00e9ndose otros.<\/p>\n<p>El sector lechero ocupa hoy 800.000 hect\u00e1reas, un \u00e1rea superior a la ocupada por los bosques, y emplea 20.000 personas en la etapa primaria e industrial.<\/p>\n<p>Su endeudamiento, solo a nivel de producci\u00f3n, es de alrededor de U$S 450 millones; con el Banco Rep\u00fablica se mantiene una deuda de U$S 250 millones; alrededor de U$S 70 millones con los proveedores y unos U$S 130 millones con la banca privada.<\/p>\n<p>En 2014 la deuda de los productores representaba menos del 25 % de lo que produc\u00eda en un a\u00f1o, en 2016 esa deuda trep\u00f3 al 70 %.Se gener\u00f3 una p\u00e9rdida acumulada de U$S 100 millones. Esto no es verso, alcanza con recorrer los establecimientos y hablar con los productores, como lo hemos hecho en la Comisi\u00f3n de Ganader\u00eda, Agricultura y Pesca de Diputados.<\/p>\n<p>Tampoco se trata de repetir ahora estos n\u00fameros porque es el tema del d\u00eda, sino que esta situaci\u00f3n la vengo denunciando desde el a\u00f1o 2015 y sigo sin ver las medidas reales y efectivas para ayudar especialmente al productor chico y mediano que hoy apenas saca para vivir, y en algunos casos ni siquiera eso en medio de un proceso de agravamiento claro y visible.<\/p>\n<p>Otro dato de ese agravamiento es que en 2016 los tamberos enviaron 112 mil vacas a los frigor\u00edficos, pues es la forma que tienen de hacerse de efectivo r\u00e1pido. Pero esa acci\u00f3n necesaria para la econom\u00eda implica la p\u00e9rdida de a\u00f1os de mejora gen\u00e9tica y trabajo arduo para lograr una mejor calidad productiva.<br \/>\nEn Uruguay tenemos entre un 15 % y un 20 % menos de vacas produciendo, el volumen de leche cay\u00f3 en igual porcentaje comparado con 2014. Y nos jactamos de ser un pa\u00eds agr\u00edcola ganadero.  A esto se suma la industria lechera que intenta exportar al m\u00e1ximo su producci\u00f3n en un mercado totalmente vol\u00e1til. La baja producci\u00f3n de leche asociada a la alta concentraci\u00f3n de mercados no es buena combinaci\u00f3n.  Y si a todo esto sumamos caminos vecinales y rutas en un mal estado, seguimos oscureciendo el panorama.<\/p>\n<p>No quiero seguir dando n\u00fameros que todos pueden encontrar en las publicaciones especializadas o dialogando con los actores del sector, tampoco quiero hacer demagogia con la desesperaci\u00f3n de la gente, pero hoy vuelvo a pedir que se busquen salidas a la deuda de los productores y la industria, salidas reales.<\/p>\n<p>Desde la Asociaci\u00f3n Nacional de Productores Lecheros se pide crear un fondo cercano a los U$S 100 millones a pagar con devoluci\u00f3n de impuestos, esto debe estudiarse r\u00e1pidamente y tenerse en cuenta o proponer una alternativa. Hay que salir a buscar nuevos mercados, abrir la cancha, porque no nos puede pasar lo que ocurri\u00f3 con Venezuela, nuestro principal importador de quesos, o M\u00e9xico que da se\u00f1ales de dificultad.<\/p>\n<p>Y vuelvo a insistir con las rutas y los caminos vecinales, tampoco se les da  buena infraestructura a los productores y a la industria.<\/p>\n<p>No se puede pensar a mediano y largo plazo, el tiempo se acab\u00f3, es ahora que hay que solucionar estos problemas y sabemos que se puede, s\u00f3lo hace falta voluntad y eficacia en la gesti\u00f3n de aquellos que tienen a su cargo la toma de decisiones.<\/p>\n<p>Edmundo Roselli.<\/p>\n","protected":false},"excerpt":{"rendered":"<p>En el \u00faltimo Consejo de Ministros realizado en Cardal el gobierno nacional anunci\u00f3 que rebajar\u00e1 el costo de la energ\u00eda el\u00e9ctrica 15 % para los tambos, y que esa medida se aplicar\u00e1 en los meses de junio, julio y agosto. El anuncio del presidente Dr. Tabar\u00e9 V\u00e1zquez fue planteado como una ayuda para palear una [&hellip;]<\/p>\n","protected":false},"author":1,"featured_media":29730,"comment_status":"open","ping_status":"open","sticky":false,"template":"","format":"standard","meta":{"footnotes":""},"categories":[17],"tags":[],"class_list":["post-29729","post","type-post","status-publish","format-standard","has-post-thumbnail","hentry","category-columna"],"_links":{"self":[{"href":"https:\/\/alianzanacional.com.uy\/web\/wp-json\/wp\/v2\/posts\/29729","targetHints":{"allow":["GET"]}}],"collection":[{"href":"https:\/\/alianzanacional.com.uy\/web\/wp-json\/wp\/v2\/posts"}],"about":[{"href":"https:\/\/alianzanacional.com.uy\/web\/wp-json\/wp\/v2\/types\/post"}],"author":[{"embeddable":true,"href":"https:\/\/alianzanacional.com.uy\/web\/wp-json\/wp\/v2\/users\/1"}],"replies":[{"embeddable":true,"href":"https:\/\/alianzanacional.com.uy\/web\/wp-json\/wp\/v2\/comments?post=29729"}],"version-history":[{"count":2,"href":"https:\/\/alianzanacional.com.uy\/web\/wp-json\/wp\/v2\/posts\/29729\/revisions"}],"predecessor-version":[{"id":29757,"href":"https:\/\/alianzanacional.com.uy\/web\/wp-json\/wp\/v2\/posts\/29729\/revisions\/29757"}],"wp:featuredmedia":[{"embeddable":true,"href":"https:\/\/alianzanacional.com.uy\/web\/wp-json\/wp\/v2\/media\/29730"}],"wp:attachment":[{"href":"https:\/\/alianzanacional.com.uy\/web\/wp-json\/wp\/v2\/media?parent=29729"}],"wp:term":[{"taxonomy":"category","embeddable":true,"href":"https:\/\/alianzanacional.com.uy\/web\/wp-json\/wp\/v2\/categories?post=29729"},{"taxonomy":"post_tag","embeddable":true,"href":"https:\/\/alianzanacional.com.uy\/web\/wp-json\/wp\/v2\/tags?post=29729"}],"curies":[{"name":"wp","href":"https:\/\/api.w.org\/{rel}","templated":true}]}}