{"id":29768,"date":"2017-05-19T11:51:55","date_gmt":"2017-05-19T14:51:55","guid":{"rendered":"http:\/\/alianzanacional.com.uy\/web\/?p=29768"},"modified":"2017-05-19T11:51:55","modified_gmt":"2017-05-19T14:51:55","slug":"larranaga-pide-evitar-antropofagia-en-los-blancos-porque-un-triunfo-electoral-en-2019-depende-de-que-su-sector-politico-este-muy-fuerte","status":"publish","type":"post","link":"https:\/\/alianzanacional.com.uy\/web\/larranaga-pide-evitar-antropofagia-en-los-blancos-porque-un-triunfo-electoral-en-2019-depende-de-que-su-sector-politico-este-muy-fuerte\/","title":{"rendered":"Larra\u00f1aga pide evitar \u201cantropofagia\u201d en los blancos, porque un triunfo electoral en 2019 depende de que su sector pol\u00edtico est\u00e9 \u201cmuy fuerte\u201d"},"content":{"rendered":"<p><a href=\"https:\/\/alianzanacional.com.uy\/web\/wp-content\/uploads\/2017\/05\/in_larranaganda.jpg\"><img fetchpriority=\"high\" decoding=\"async\" class=\"alignnone size-large wp-image-29769\" src=\"https:\/\/alianzanacional.com.uy\/web\/wp-content\/uploads\/2017\/05\/in_larranaganda-700x466.jpg\" alt=\"\" width=\"620\" height=\"413\" srcset=\"https:\/\/alianzanacional.com.uy\/web\/wp-content\/uploads\/2017\/05\/in_larranaganda-700x466.jpg 700w, https:\/\/alianzanacional.com.uy\/web\/wp-content\/uploads\/2017\/05\/in_larranaganda-400x266.jpg 400w, https:\/\/alianzanacional.com.uy\/web\/wp-content\/uploads\/2017\/05\/in_larranaganda-768x511.jpg 768w, https:\/\/alianzanacional.com.uy\/web\/wp-content\/uploads\/2017\/05\/in_larranaganda.jpg 898w\" sizes=\"(max-width: 620px) 100vw, 620px\" \/><\/a><\/p>\n<p><em>Jorge Larra\u00f1aga se reclina en su silla y resopla profundamente antes de contestar. Hablar de candidaturas lo pone inc\u00f3modo. Aunque reconoce que el camino se va angostando y sus propios dirigentes le empiezan a reclamar definiciones, una vez m\u00e1s dice que no es el momento. Les pide a los periodistas que salgan a la calle y le pregunten a la gente a ver si est\u00e1n pensando en qui\u00e9nes son los posibles presidenciables. \u201cA la gente le preocupa si llega a fin de mes, si puede educar a sus hijos\u201d. Y al senador blanco le preocupa que el pa\u00eds est\u00e9 \u201caletargado\u201d. Reclama \u201csacudir la modorra\u201d. Dice que el Frente Amplio \u201cchoc\u00f3 una Ferrari\u201d, que hoy \u201cno moviliza a nadie\u201d, y chicanea con que muchos de sus dirigentes se podr\u00edan postular para el Cirque du Soleil por su habilidad como \u201cequilibristas\u201d demostrada para defender la situaci\u00f3n pol\u00edtica en Venezuela. \u201c\u00bfCu\u00e1ntos m\u00e1s tienen que morir?\u201d, se pregunta. El otro tema que lo obsesiona es construir un proyecto como alternativa al relato frenteamplista e insiste en tender puentes con el resto de los partidos de la oposici\u00f3n para impulsar pol\u00edticas de Estado de futuro y tener chances serias de victoria. Se\u00f1ala que el examen de las distintas oposiciones no se salva haciendo \u201cacuerditos\u201d a 30 d\u00edas de las elecciones. En la entrevista con B\u00fasqueda, Larra\u00f1aga tambi\u00e9n hace su an\u00e1lisis sobre la interna del Partido Nacional. Dice que es \u201cvital\u201d y \u201cfundamental\u201d que el ala wilsonista que representa est\u00e9 \u201cmuy fuerte\u201d para que los blancos puedan llegar al gobierno. Por eso pide no entrar en la antropofagia. \u201cTenemos que cuidarnos entre todos\u201d, a\u00f1ade. A Larra\u00f1aga no le consta que haya movimientos de dirigentes dentro de su sector y sostiene que no deber\u00eda haber una contienda electoral para definir el liderazgo de Juntos. Sobre su posible candidatura insiste en un concepto: \u201cNo por mucho madrugar se amanece m\u00e1s temprano\u201d.<\/em><\/p>\n<p><strong>\u2014En una de sus recientes recorridas por Montevideo dijo que el pa\u00eds est\u00e1 como \u201caletargado\u201d, que se debe \u201csacudir la modorra\u201d. \u00bfEn qu\u00e9 se basa para decir eso?<\/strong><\/p>\n<p>\u2014Creo que el Frente Amplio choc\u00f3 la Ferrari. Dilapid\u00f3 el crecimiento econ\u00f3mico. Y tambi\u00e9n uno advierte que hay una lejan\u00eda de la gente con relaci\u00f3n a la pol\u00edtica. Y eso no es una buena noticia para el pa\u00eds porque la gente va acumulando frustraciones, desenga\u00f1os, hast\u00edos y descreimiento. Eso frente a demandas que no son satisfechas, a respuestas que hablan de un mal gobierno, de un mal gerenciamiento de las principales pol\u00edticas de Estado. Hoy asistimos a una situaci\u00f3n compleja donde se han cerrado varias empresas, se han perdido muchos puestos de trabajo, donde no hay equidad e igualdad de oportunidades en la educaci\u00f3n, donde hay problemas dram\u00e1ticos en seguridad p\u00fablica, donde se mira para otro lado de lo que pasa en Venezuela, que ya tiene 43 muertes. Todo eso impone la construcci\u00f3n de una alternativa cultural al proyecto frentista. No es solamente un desaf\u00edo pol\u00edtico, es algo mayor que eso. Y forma parte de los deberes de la oposici\u00f3n.<\/p>\n<p><strong>\u2014Usted ha insistido en hacer un pacto educativo, una \u201crevoluci\u00f3n\u201d en la educaci\u00f3n. \u00bfQu\u00e9 respuestas ha tenido?<\/strong><\/p>\n<p>\u2014Nosotros escribimos un documento sobre la educaci\u00f3n y lo trasladamos a los partidos de la oposici\u00f3n. Tambi\u00e9n se lo vamos a trasladar al gobierno, a las autoridades de la educaci\u00f3n\u2026<\/p>\n<p><strong>\u2014\u00bfPero con qu\u00e9 expectativas?<\/strong><\/p>\n<p>\u2014Bueno, las expectativas no son de optimismo. Porque si uno advierte la gesti\u00f3n y las respuestas de la ministra de Educaci\u00f3n, no convocan al optimismo. Muy por el contrario. Persisten en la ceguera de estar recorriendo un camino equivocado que ven con no s\u00e9 qu\u00e9 tipo de anteojos. Se niega persistentemente la realidad y se insiste con un cambio de ADN que nadie ve. Se desprecian las propuestas de la oposici\u00f3n, se exacerban los resultados de algunas pol\u00edticas como el Plan Ceibal y no se da cuenta de todas las otras cifras. Nosotros hacemos nuestro trabajo, entregamos propuestas y buscamos que la oposici\u00f3n tenga un proyecto. Lo que no hace el gobierno es ejercer la responsabilidad de gobernar.<\/p>\n<p><strong>\u2014\u00bfY qui\u00e9n debe sacudirse la modorra? \u00bfEl gobierno, la oposici\u00f3n, la gente?<\/strong><\/p>\n<p>\u2013Ah, yo creo que el futuro nacional es responsabilidad de todos los uruguayos. Yo lo he dicho: tiene que haber un despertar ciudadano. No vivimos en un pa\u00eds en donde es dable manotear cuanto derecho ande en la vuelta, pero resulta que no hay un correlato de enfrentar las obligaciones. Transitamos por un camino de p\u00e9rdida de valores donde prima el individualismo y no hay asunci\u00f3n de responsabilidades por parte de los diferentes actores. A eso me refiero cuando digo que hay que sacudir la modorra.<\/p>\n<p><strong>\u2014Reci\u00e9n se\u00f1alaba que hay un desprecio por las ideas de la oposici\u00f3n. \u00bfEn qu\u00e9 termin\u00f3 la mesa de di\u00e1logo convocada por el presidente Tabar\u00e9 V\u00e1zquez para atacar el tema de la inseguridad?<\/strong><\/p>\n<p>\u2014En muy poca cosa. Lamentablemente. Muchos defendimos ese camino del di\u00e1logo por la seguridad\u2026<\/p>\n<p><strong>\u2014Le cost\u00f3 alguna cr\u00edtica interna incluso.<\/strong><\/p>\n<p>\u2014Bueno, pero no importa. Porque m\u00e1s all\u00e1 de que los resultados no fueron en l\u00ednea con los esfuerzos uno debe persistir en el camino del di\u00e1logo. El pa\u00eds que viene forzosamente va a tener que ser de di\u00e1logo. Ning\u00fan partido va a tener mayor\u00edas parlamentarias. Van a ser necesarios los entendimientos. Y las distintas oposiciones no salvamos el examen haciendo acuerditos faltando 30 d\u00edas para las elecciones. Tenemos que buscar respuestas trascendentes para los grandes temas del pa\u00eds: salud, educaci\u00f3n, seguridad, pol\u00edtica exterior. Y trabajo. Yo no me opongo a atraer inversi\u00f3n extranjera, apoyo emprendimientos que permitan radicar fuentes de trabajo. Est\u00e1 bien hacer esfuerzos para canalizar una nueva planta de celulosa, pero hay otras \u201cUPM\u201d que importan miles de millones de d\u00f3lares tambi\u00e9n y que est\u00e1n padeciendo. El sector lechero, el sector productivo, peque\u00f1os y medianos comerciantes. \u00bfCu\u00e1les son las pol\u00edticas activas para estimular emprendimientos que generen trabajo en el interior del pa\u00eds?<\/p>\n<p><strong>\u2014\u00bfLo que dice es menos UPM y m\u00e1s mirar lo que pasa adentro?<\/strong><\/p>\n<p>\u2014No, no, yo lo que digo es que hay que generar igualdad de oportunidades. Que pueda haber ventajas tambi\u00e9n tributarias de la misma forma que se las dan a un megaemprendimiento extranjero. Que m\u00e1s all\u00e1 de la p\u00e9rdida fiscal se pueda reconstruir un tejido productivo que se entronca con un tejido social y con pol\u00edticas de radicaci\u00f3n de miles de familias en el interior del pa\u00eds. Si no, vamos a seguir teniendo un interior de segunda, que no tiene oportunidades. El pa\u00eds hoy padece de un centralismo pol\u00edtico enorme. Un centralismo que ha sido patolog\u00eda entronizada en todos los partidos pol\u00edticos uruguayos. Y en esa enfermedad est\u00e1 metido el Uruguay.<\/p>\n<p><strong>\u2014\u00bfQu\u00e9 margen tiene la oposici\u00f3n para plantear este tipo de temas en la agenda del gobierno?<\/strong><\/p>\n<p>\u2014\u00bfQu\u00e9 margen? Tiene que haber un margen. Siempre hay. Solamente la miop\u00eda de los pol\u00edticos puede angostar los m\u00e1rgenes.<\/p>\n<p><strong>\u2014Pareciera que eso es lo que ocurre ahora. Durante esta charla mencion\u00f3 varias pol\u00edticas que est\u00e1n trancadas por falta de acuerdos.<\/strong><\/p>\n<p>\u2014Ah\u00ed la enorme responsabilidad, y no es por sacar la pata del lazo, es del gobierno. Han utilizado sus mayor\u00edas parlamentarias para hacer un reparto parcelado del poder, pero nunca tendiendo puentes con la oposici\u00f3n. En este gobierno, m\u00e1s all\u00e1 de la parodia de algunos temas puntuales de encuentro, no se ha hecho nada.<\/p>\n<p><strong>\u2014\u00bfLa mesa convocada por V\u00e1zquez por la seguridad fue una parodia?<\/strong><\/p>\n<p>\u2014A los \u00e1rboles hay que juzgarlos por sus frutos. \u00bfQu\u00e9 frutos dieron esos \u00e1rboles? Pocos.<\/p>\n<p><strong>\u2014En el tema de la gesti\u00f3n de Ancap encontr\u00f3 a la oposici\u00f3n m\u00e1s articulada. \u00bfC\u00f3mo est\u00e1 siguiendo el proceso judicial? \u00bfQu\u00e9 expectativa tiene?<\/strong><\/p>\n<p>\u2014Ah\u00ed hicimos lo que hab\u00eda que hacer. Ahora, en una democracia donde prima el principio de separaci\u00f3n de poderes la respuesta estar\u00e1 en la Justicia. Creo que ha quedado al descubierto el mal manejo de parcelas del gobierno, de algunas empresas p\u00fablicas. Ya ven\u00edamos con todo lo que signific\u00f3 Pluna, se gastaron no s\u00e9 cu\u00e1ntos millones de d\u00f3lares en Alas U que no sirvieron para nada. Y aparecen todos los d\u00edas nuevas cosas de Ancap y vemos c\u00f3mo el Frente propici\u00f3 la ausencia de controles de las empresas p\u00fablicas, estimulando la privatizaci\u00f3n, llegando al colmo que es lo que pas\u00f3 en Alur. Son cosas que sorprenden.<\/p>\n<p><strong>\u2014Si se present\u00f3 la denuncia penal contra Ancap, se asumi\u00f3 que hay una sospecha de delito&#8230;<\/strong><\/p>\n<p>\u2014Yo no soy juez. Lo resolver\u00e1 la Justicia. Lo que revienta los ojos es la p\u00e9sima administraci\u00f3n, si esa p\u00e9sima administraci\u00f3n constituye figuras delictivas, no me corresponde a m\u00ed determinarlo.<\/p>\n<p><strong>\u2014En momentos en que se est\u00e1 dando el proceso judicial, el Frente Amplio, con la firma de dos senadores blancos, plante\u00f3 la derogaci\u00f3n del delito de abusos de funciones, que podr\u00eda encuadrar en el tema de Ancap, \u00bfqu\u00e9 lectura hace de eso?<\/strong><\/p>\n<p>\u2014Los compa\u00f1eros que firmaron fue para que se activara la discusi\u00f3n, que tiene muchas facetas. Estamos obviamente en un momento muy complejo donde es complejo legislar con nombre y apellido. Nosotros hemos pedido reuniones dentro del partido para encaminar una decisi\u00f3n.<\/p>\n<p><strong>\u2014\u00bfY usted est\u00e1 en contra o favor de derogar?<\/strong><\/p>\n<p>\u2014Yo tengo una posici\u00f3n contraria.<\/p>\n<p><strong>\u2014En diciembre del a\u00f1o pasado anunci\u00f3 que Alianza Nacional cambiaba de nombre a Juntos y se reconvert\u00eda \u00bfPor qu\u00e9 es necesario ese cambio?<\/strong><\/p>\n<p>\u2014Porque los sectores deben tener cambios. La otra ala del Partido Nacional lo hizo. En las \u00faltimas elecciones algunos compa\u00f1eros intendentes me hab\u00edan dicho que eran partidarios de crear un movimiento que cobijara distintas tendencias y quiz\u00e1s tuvimos alguna responsabilidad en no haber seguido ese camino. Nos parece que ahora Alianza Nacional tiene que pasar de ser un sector a ser un movimiento que sea el paraguas para distintos sectores. Creo adem\u00e1s que es imprescindible para el Partido Nacional que esta ala del wilsonismo, de este nacionalismo popular y progresista, tenga una expresi\u00f3n potente. Es vital para el triunfo del Partido Nacional, es fundamental. Es m\u00e1s, voy a decir algo que puede sonar demasiado altisonante: si no hay un muy fuerte sector Juntos, seguramente se pueden limitar las posibilidades de victoria del Partido Nacional.<\/p>\n<p><strong>\u2014Ha habido movimientos de dirigentes dentro del sector. Algunos que anuncian su partida, otros que eval\u00faan presentar su candidatura. \u00bfLe preocupa?<\/strong><\/p>\n<p>\u2014No tengo comunicaci\u00f3n al respecto. Con toda franqueza lo expreso. A m\u00ed lo que me parece trascendente es el proyecto. Las personas est\u00e1n en un segundo plano. Yo no he tenido comunicaci\u00f3n del alejamiento de nadie. Lo digo claramente. Puede haber conversaciones y son todas leg\u00edtimas. Insisto: el proyecto Juntos es un proyecto wilsonista que el Partido Nacional precisa. Yo he sido un referente pol\u00edtico que no ha tenido herencias, que no ha tenido padrinazgos \u2014y no lo digo en alusi\u00f3n a nadie\u2014; yo sal\u00ed con el mono al hombro desde mi Paysand\u00fa y conform\u00e9 un proyecto pol\u00edtico que termin\u00f3 siendo mayor\u00eda en el 2004. Fui el candidato a la presidencia m\u00e1s votado del Partido Nacional con el 35%. Nadie obtuvo ese porcentaje desde 1985 hasta la fecha. Nadie. Ni ganando el Partido Nacional con tres candidatos en 1989.<\/p>\n<p><strong>\u2014Dirigentes de su sector dejan entrever que hay una incertidumbre porque usted tampoco se ha asumido como candidato.<\/strong><\/p>\n<p>\u2014A ver, yo les pido a ustedes que hagan una recorrida y hablen con la gente. \u00bfUstedes creen que la gente hoy est\u00e1 preocupada por qui\u00e9nes van a ser los candidatos? Yo creo que no.<\/p>\n<p><strong>\u2014A lo mejor los pol\u00edticos tienen que estar un paso antes.<\/strong><\/p>\n<p>\u2014No, no, el tema es que a veces la agenda de los pol\u00edticos no coincide con la agenda de la gente. Yo s\u00e9 que estamos a 24 meses de una interna. Uno comprende que los compa\u00f1eros puedan tener preocupaci\u00f3n, pero tenemos que mirar el proyecto. Seguramente no estemos lejos de encontrar definiciones. Se ver\u00e1.<\/p>\n<p><strong>\u2014\u00bfJuntos puede albergar otra candidatura que no sea la suya?<\/strong><\/p>\n<p>\u2014Lo que importa es el proyecto. Tampoco creo que dentro de Juntos tenga que haber una suerte de contienda electoral.<\/p>\n<p><strong>\u2014Usted plantea que la gente no est\u00e1 interesada en si tal o cual va a ser candidato. Pero el senador colorado Pedro Bordaberry, por ejemplo, se baj\u00f3 con tiempo y les dio margen a sus compa\u00f1eros para buscar a alguien que ocupe su lugar. \u00bfLa falta de definici\u00f3n por parte suya no genera inquietud de sus dirigentes?<\/strong><\/p>\n<p>\u2014La respuesta a esa pregunta surge de lo que ya contest\u00e9. Si no es el momento de las candidaturas, significa que queda tiempo para definiciones. No por mucho madrugar se amanece m\u00e1s temprano.<\/p>\n<p><strong>\u2014Lo que ha habido hasta ahora son rumores de que usted les comunic\u00f3 a sus dirigentes m\u00e1s cercanos que ser\u00e1 candidato. \u00bfEso es as\u00ed?<\/strong><\/p>\n<p>\u2014Usted mismo lo dijo: son rumores. Yo tengo que establecer certezas. Conmigo se sabe de la previsibilidad y la responsabilidad que me ha tocado enfrentar cuando gan\u00e9 y cuando perd\u00ed. Larra\u00f1aga siempre enfrent\u00f3 las responsabilidades. No se puede decir que he dejado a nadie por el camino: ni a mi partido ni a mis compa\u00f1eros. Las definiciones importan en tanto proyecto. Hay que fortalecer al partido, agrandarlo, no entrar en la antropofagia. No es acumulando m\u00e1s dirigentes de un lado o del otro que se lleva adelante un proyecto pol\u00edtico. El partido vot\u00f3 bien cuando sus sectores tuvieron una expresi\u00f3n electoral muy fuerte. Hacia adentro tenemos que cuidarnos entre todos. Hacia afuera hay que decir si es necesario un cambio cultural que sustituya el relato frentista por un cambio que el pa\u00eds necesita. Y para eso hay que tender puentes con el resto de los partidos de la oposici\u00f3n.<\/p>\n<p><strong>\u2014Si alguien viene dentro del sector Juntos y toca la mesa para decir que quiere ser candidato, \u00bfc\u00f3mo lo tomar\u00eda?<\/strong><\/p>\n<p>\u2014Esa hip\u00f3tesis no se ha planteado.<\/p>\n<p><strong>\u2014B\u00fasqueda public\u00f3 la semana pasada que la senadora Ver\u00f3nica Alonso pretende impulsar su candidatura dentro del sector.<\/strong><\/p>\n<p>\u2014Perfecto, a m\u00ed no se me plante\u00f3.<\/p>\n<p><strong>\u2014\u00bfSi se le planteara?<\/strong><\/p>\n<p>\u2014No entro en esas especulaciones. Pero la libertad es la regla, nadie tiene que pedir permiso para nada. Cuando quise ser candidato, lo dije. Y tanto lo dije que form\u00e9 un sector pol\u00edtico y sal\u00ed a la cancha.<\/p>\n<p>Fuente: Federico Castillo y Guillermo Draper para B\u00fasqueda<\/p>\n","protected":false},"excerpt":{"rendered":"<p>Jorge Larra\u00f1aga se reclina en su silla y resopla profundamente antes de contestar. Hablar de candidaturas lo pone inc\u00f3modo. Aunque reconoce que el camino se va angostando y sus propios dirigentes le empiezan a reclamar definiciones, una vez m\u00e1s dice que no es el momento. Les pide a los periodistas que salgan a la calle [&hellip;]<\/p>\n","protected":false},"author":1,"featured_media":29769,"comment_status":"open","ping_status":"open","sticky":false,"template":"","format":"standard","meta":{"footnotes":""},"categories":[163],"tags":[],"class_list":["post-29768","post","type-post","status-publish","format-standard","has-post-thumbnail","hentry","category-entrevistas"],"_links":{"self":[{"href":"https:\/\/alianzanacional.com.uy\/web\/wp-json\/wp\/v2\/posts\/29768","targetHints":{"allow":["GET"]}}],"collection":[{"href":"https:\/\/alianzanacional.com.uy\/web\/wp-json\/wp\/v2\/posts"}],"about":[{"href":"https:\/\/alianzanacional.com.uy\/web\/wp-json\/wp\/v2\/types\/post"}],"author":[{"embeddable":true,"href":"https:\/\/alianzanacional.com.uy\/web\/wp-json\/wp\/v2\/users\/1"}],"replies":[{"embeddable":true,"href":"https:\/\/alianzanacional.com.uy\/web\/wp-json\/wp\/v2\/comments?post=29768"}],"version-history":[{"count":2,"href":"https:\/\/alianzanacional.com.uy\/web\/wp-json\/wp\/v2\/posts\/29768\/revisions"}],"predecessor-version":[{"id":29771,"href":"https:\/\/alianzanacional.com.uy\/web\/wp-json\/wp\/v2\/posts\/29768\/revisions\/29771"}],"wp:featuredmedia":[{"embeddable":true,"href":"https:\/\/alianzanacional.com.uy\/web\/wp-json\/wp\/v2\/media\/29769"}],"wp:attachment":[{"href":"https:\/\/alianzanacional.com.uy\/web\/wp-json\/wp\/v2\/media?parent=29768"}],"wp:term":[{"taxonomy":"category","embeddable":true,"href":"https:\/\/alianzanacional.com.uy\/web\/wp-json\/wp\/v2\/categories?post=29768"},{"taxonomy":"post_tag","embeddable":true,"href":"https:\/\/alianzanacional.com.uy\/web\/wp-json\/wp\/v2\/tags?post=29768"}],"curies":[{"name":"wp","href":"https:\/\/api.w.org\/{rel}","templated":true}]}}