{"id":29774,"date":"2017-05-30T13:46:12","date_gmt":"2017-05-30T16:46:12","guid":{"rendered":"http:\/\/alianzanacional.com.uy\/web\/?p=29774"},"modified":"2017-05-30T13:46:12","modified_gmt":"2017-05-30T16:46:12","slug":"viernes-16-de-junio-celebramos-el-reencuentro-juntos","status":"publish","type":"post","link":"https:\/\/alianzanacional.com.uy\/web\/viernes-16-de-junio-celebramos-el-reencuentro-juntos\/","title":{"rendered":"Viernes 16 de junio: Celebramos el reencuentro, juntos."},"content":{"rendered":"<p><del><a href=\"https:\/\/alianzanacional.com.uy\/web\/wp-content\/uploads\/2017\/05\/tarjeta-reencuentro-final-2-1-tapa.jpg\"><img fetchpriority=\"high\" decoding=\"async\" class=\"alignnone size-large wp-image-29775\" src=\"https:\/\/alianzanacional.com.uy\/web\/wp-content\/uploads\/2017\/05\/tarjeta-reencuentro-final-2-1-tapa-700x406.jpg\" alt=\"\" width=\"620\" height=\"360\" srcset=\"https:\/\/alianzanacional.com.uy\/web\/wp-content\/uploads\/2017\/05\/tarjeta-reencuentro-final-2-1-tapa-700x406.jpg 700w, https:\/\/alianzanacional.com.uy\/web\/wp-content\/uploads\/2017\/05\/tarjeta-reencuentro-final-2-1-tapa-400x232.jpg 400w, https:\/\/alianzanacional.com.uy\/web\/wp-content\/uploads\/2017\/05\/tarjeta-reencuentro-final-2-1-tapa-768x445.jpg 768w, https:\/\/alianzanacional.com.uy\/web\/wp-content\/uploads\/2017\/05\/tarjeta-reencuentro-final-2-1-tapa.jpg 1550w\" sizes=\"(max-width: 620px) 100vw, 620px\" \/><\/a><\/del><\/p>\n<p><strong>Alianza Nacional <\/strong>tiene el agrado de invitarlos al homenaje que, con motivo del 33er aniversario del reencuentro de Wilson con su pueblo, se llevar\u00e1 a cabo el viernes 16 de junio de 2017 en el Centro Gallego de Montevideo.<\/p>\n<p>Porque son parte de nuestra historia, porque acompa\u00f1aron a Wilson en el Ciudad de Mar del Plata II, porque queremos festejar el reencuentro de quienes estaban en\u00a0ese barco, de los que lo esperaron en cada rinc\u00f3n del pa\u00eds y de quienes sue\u00f1an con que esos valores, principios e ideales, sean gobierno.<\/p>\n<p>Por todo eso, celebramos reencontrarnos.<\/p>\n<p>\u00a1Viva Wilson!<\/p>\n<p><strong>VIERNES 16 DE JUNIO &#8211; 19 HORAS<br \/>\nCENTRO GALLEGO DE MONTEVIDEO &#8211; SAN JOS\u00c9 870 c\/ ANDES<\/strong><\/p>\n<p><iframe width=\"560\" height=\"315\" src=\"https:\/\/www.youtube.com\/embed\/q5wjGF73ies?ecver=1\" frameborder=\"0\" allowfullscreen><\/iframe><\/p>\n","protected":false},"excerpt":{"rendered":"<p>Alianza Nacional tiene el agrado de invitarlos al homenaje que, con motivo del 33er aniversario del reencuentro de Wilson con su pueblo, se llevar\u00e1 a cabo el viernes 16 de junio de 2017 en el Centro Gallego de Montevideo. Porque son parte de nuestra historia, porque acompa\u00f1aron a Wilson en el Ciudad de Mar del [&hellip;]<\/p>\n","protected":false},"author":1,"featured_media":29775,"comment_status":"open","ping_status":"open","sticky":false,"template":"","format":"standard","meta":{"footnotes":""},"categories":[4],"tags":[],"class_list":["post-29774","post","type-post","status-publish","format-standard","has-post-thumbnail","hentry","category-agenda"],"_links":{"self":[{"href":"https:\/\/alianzanacional.com.uy\/web\/wp-json\/wp\/v2\/posts\/29774","targetHints":{"allow":["GET"]}}],"collection":[{"href":"https:\/\/alianzanacional.com.uy\/web\/wp-json\/wp\/v2\/posts"}],"about":[{"href":"https:\/\/alianzanacional.com.uy\/web\/wp-json\/wp\/v2\/types\/post"}],"author":[{"embeddable":true,"href":"https:\/\/alianzanacional.com.uy\/web\/wp-json\/wp\/v2\/users\/1"}],"replies":[{"embeddable":true,"href":"https:\/\/alianzanacional.com.uy\/web\/wp-json\/wp\/v2\/comments?post=29774"}],"version-history":[{"count":1,"href":"https:\/\/alianzanacional.com.uy\/web\/wp-json\/wp\/v2\/posts\/29774\/revisions"}],"predecessor-version":[{"id":29779,"href":"https:\/\/alianzanacional.com.uy\/web\/wp-json\/wp\/v2\/posts\/29774\/revisions\/29779"}],"wp:featuredmedia":[{"embeddable":true,"href":"https:\/\/alianzanacional.com.uy\/web\/wp-json\/wp\/v2\/media\/29775"}],"wp:attachment":[{"href":"https:\/\/alianzanacional.com.uy\/web\/wp-json\/wp\/v2\/media?parent=29774"}],"wp:term":[{"taxonomy":"category","embeddable":true,"href":"https:\/\/alianzanacional.com.uy\/web\/wp-json\/wp\/v2\/categories?post=29774"},{"taxonomy":"post_tag","embeddable":true,"href":"https:\/\/alianzanacional.com.uy\/web\/wp-json\/wp\/v2\/tags?post=29774"}],"curies":[{"name":"wp","href":"https:\/\/api.w.org\/{rel}","templated":true}]}}