{"id":29797,"date":"2017-06-11T11:00:02","date_gmt":"2017-06-11T14:00:02","guid":{"rendered":"http:\/\/alianzanacional.com.uy\/web\/?p=29797"},"modified":"2017-06-11T14:01:46","modified_gmt":"2017-06-11T17:01:46","slug":"un-sector-imprescindible-para-uruguay","status":"publish","type":"post","link":"https:\/\/alianzanacional.com.uy\/web\/un-sector-imprescindible-para-uruguay\/","title":{"rendered":"Un sector imprescindible para Uruguay."},"content":{"rendered":"<p><a href=\"https:\/\/alianzanacional.com.uy\/web\/wp-content\/uploads\/2017\/06\/5dea34_7eb161c2aa9c410db6b7eb3765ef1821-mv2_d_4496_3000_s_4_2.jpg\"><img fetchpriority=\"high\" decoding=\"async\" src=\"https:\/\/alianzanacional.com.uy\/web\/wp-content\/uploads\/2017\/06\/5dea34_7eb161c2aa9c410db6b7eb3765ef1821-mv2_d_4496_3000_s_4_2-700x467.jpg\" alt=\"\" width=\"620\" height=\"414\" class=\"alignnone size-large wp-image-29798\" srcset=\"https:\/\/alianzanacional.com.uy\/web\/wp-content\/uploads\/2017\/06\/5dea34_7eb161c2aa9c410db6b7eb3765ef1821-mv2_d_4496_3000_s_4_2-700x467.jpg 700w, https:\/\/alianzanacional.com.uy\/web\/wp-content\/uploads\/2017\/06\/5dea34_7eb161c2aa9c410db6b7eb3765ef1821-mv2_d_4496_3000_s_4_2-400x267.jpg 400w, https:\/\/alianzanacional.com.uy\/web\/wp-content\/uploads\/2017\/06\/5dea34_7eb161c2aa9c410db6b7eb3765ef1821-mv2_d_4496_3000_s_4_2-768x512.jpg 768w\" sizes=\"(max-width: 620px) 100vw, 620px\" \/><\/a>La carta de un productor lechero al presidente de UTE Gonzalo Casaravilla rechazando el beneficio del descuento del 15 % de los primeros 500 Kw durante tres meses se ha hecho viral y ha sido publicada en todas las redes sociales.<\/p>\n<p>El rechazo de un productor del beneficio mencionado no es un hecho noticioso en s\u00ed mismo, pero adquiere un peso diferente cuando se atienden los argumentos que expresa.<\/p>\n<p>El 8 de mayo el presidente de la Rep\u00fablica Dr. Tabar\u00e9 V\u00e1zquez anunci\u00f3 en el Consejo de Ministros realizado en Cardal que se tomar\u00edan medidas para aliviar la situaci\u00f3n del sector lechero que desde hace varios a\u00f1os est\u00e1 sufriendo una fuerte crisis que en su cara m\u00e1s dura se muestra a trav\u00e9s de los tambos y las industrias que cierran. Cada establecimiento l\u00e1cteo cerrado incrementa la desocupaci\u00f3n y vac\u00eda el campo.<\/p>\n<p>En su carta al presidente de UTE, el productor Alejandro Arregui expresa que Uruguay se ha ubicado en el quinto lugar como exportador mundial de leche en polvo, y razona: \u201cSi bien tenemos problemas tambi\u00e9n tenemos dignidad\u201d y por esa dignidad se siente obligado a \u201cno pedir ni aceptar limosnas\u201d como la mencionada rebaja.<\/p>\n<p>Arregui explica que en su caso particular el ofrecimiento de UTE es s\u00f3lo de $ 559 cuando la factura que paga asciende casi a $ 50.000.<\/p>\n<p>La nota deja en evidencia lo insuficiente de la ayuda propuesta por el Dr. V\u00e1zquez que parece ignorar la magnitud de las dificultades del sector y lo conveniente que es para el pa\u00eds poseer una lecher\u00eda pujante.<\/p>\n<p>Lo hemos dicho y escrito: en el gobierno no vemos voluntad para ayudar a la lecher\u00eda a salir del pozo, ni siquiera vemos que tenga consciencia de lo que el sector l\u00e1cteo representa para el pa\u00eds en lo econ\u00f3mico como social.<\/p>\n<p>Hablar de lecher\u00eda es hablar de los miles de puestos de trabajo que genera en toda la cadena, desde el tambo con sus empleados hasta el consumidor final en un almac\u00e9n o supermercado; es hablar de las exportaciones y del destaque que representa para Uruguay por el volumen y por la calidad de lo que produce; es hablar de investigaci\u00f3n cient\u00edfica y tecnol\u00f3gica, y tambi\u00e9n de inversi\u00f3n.<\/p>\n<p>Desde el punto de vista sociol\u00f3gico la lecher\u00eda tambi\u00e9n cumple un papel important\u00edsimo como agente de retenci\u00f3n de las familias en el medio rural.<\/p>\n<p>No tengamos dudas que es un sector estrat\u00e9gico para el pa\u00eds que realiza aportes econ\u00f3micos y sociales imprescindibles, y como tal debe ser tratado.<\/p>\n<p>Edmundo Roselli.<\/p>\n","protected":false},"excerpt":{"rendered":"<p>La carta de un productor lechero al presidente de UTE Gonzalo Casaravilla rechazando el beneficio del descuento del 15 % de los primeros 500 Kw durante tres meses se ha hecho viral y ha sido publicada en todas las redes sociales. El rechazo de un productor del beneficio mencionado no es un hecho noticioso en [&hellip;]<\/p>\n","protected":false},"author":1,"featured_media":29798,"comment_status":"open","ping_status":"open","sticky":false,"template":"","format":"standard","meta":{"footnotes":""},"categories":[17],"tags":[],"class_list":["post-29797","post","type-post","status-publish","format-standard","has-post-thumbnail","hentry","category-columna"],"_links":{"self":[{"href":"https:\/\/alianzanacional.com.uy\/web\/wp-json\/wp\/v2\/posts\/29797","targetHints":{"allow":["GET"]}}],"collection":[{"href":"https:\/\/alianzanacional.com.uy\/web\/wp-json\/wp\/v2\/posts"}],"about":[{"href":"https:\/\/alianzanacional.com.uy\/web\/wp-json\/wp\/v2\/types\/post"}],"author":[{"embeddable":true,"href":"https:\/\/alianzanacional.com.uy\/web\/wp-json\/wp\/v2\/users\/1"}],"replies":[{"embeddable":true,"href":"https:\/\/alianzanacional.com.uy\/web\/wp-json\/wp\/v2\/comments?post=29797"}],"version-history":[{"count":1,"href":"https:\/\/alianzanacional.com.uy\/web\/wp-json\/wp\/v2\/posts\/29797\/revisions"}],"predecessor-version":[{"id":29799,"href":"https:\/\/alianzanacional.com.uy\/web\/wp-json\/wp\/v2\/posts\/29797\/revisions\/29799"}],"wp:featuredmedia":[{"embeddable":true,"href":"https:\/\/alianzanacional.com.uy\/web\/wp-json\/wp\/v2\/media\/29798"}],"wp:attachment":[{"href":"https:\/\/alianzanacional.com.uy\/web\/wp-json\/wp\/v2\/media?parent=29797"}],"wp:term":[{"taxonomy":"category","embeddable":true,"href":"https:\/\/alianzanacional.com.uy\/web\/wp-json\/wp\/v2\/categories?post=29797"},{"taxonomy":"post_tag","embeddable":true,"href":"https:\/\/alianzanacional.com.uy\/web\/wp-json\/wp\/v2\/tags?post=29797"}],"curies":[{"name":"wp","href":"https:\/\/api.w.org\/{rel}","templated":true}]}}