{"id":29815,"date":"2017-06-18T12:21:33","date_gmt":"2017-06-18T15:21:33","guid":{"rendered":"http:\/\/alianzanacional.com.uy\/web\/?p=29815"},"modified":"2017-06-21T14:34:09","modified_gmt":"2017-06-21T17:34:09","slug":"larranaga-salgo-convencido-y-a-ganar","status":"publish","type":"post","link":"https:\/\/alianzanacional.com.uy\/web\/larranaga-salgo-convencido-y-a-ganar\/","title":{"rendered":"Larra\u00f1aga: \u00abSalgo convencido y a ganar\u00bb"},"content":{"rendered":"<p><a href=\"https:\/\/alianzanacional.com.uy\/web\/wp-content\/uploads\/2017\/06\/59459ed3556dc.jpg\"><img fetchpriority=\"high\" decoding=\"async\" class=\"alignnone size-full wp-image-29816\" src=\"https:\/\/alianzanacional.com.uy\/web\/wp-content\/uploads\/2017\/06\/59459ed3556dc.jpg\" alt=\"\" width=\"616\" height=\"376\" srcset=\"https:\/\/alianzanacional.com.uy\/web\/wp-content\/uploads\/2017\/06\/59459ed3556dc.jpg 616w, https:\/\/alianzanacional.com.uy\/web\/wp-content\/uploads\/2017\/06\/59459ed3556dc-400x244.jpg 400w, https:\/\/alianzanacional.com.uy\/web\/wp-content\/uploads\/2017\/06\/59459ed3556dc-270x164.jpg 270w\" sizes=\"(max-width: 616px) 100vw, 616px\" \/><\/a><\/p>\n<p><em>Salt\u00f3 finalmente al ruedo pol\u00edtico en su papel de candidato, algo que conoce bien. En estos tiempos, el precandidato hizo autocr\u00edtica, reconoci\u00f3 errores y est\u00e1 \u201cconvencido\u201d de que va a \u201cganar\u201d la Presidencia en 2019.<\/em><\/p>\n<p>A sus 60 a\u00f1os de edad, subray\u00f3 que \u201cnadie me ha regalado nada en la pol\u00edtica\u201d y que ha \u201cluchado siempre\u201d. Ser\u00e1 el referente del legado wilsonista, pero adem\u00e1s de la ideolog\u00eda de su caudillo, \u00e9l planifica \u201clo que el pa\u00eds precisa para el futuro\u201d.<\/p>\n<p><strong>\u2014Finalmente decidi\u00f3 ser precandidato. Ser\u00e1 la cuarta vez que va a competir en una interna nacionalista. \u00bfQu\u00e9 lo decidi\u00f3?<\/strong><\/p>\n<p>\u2014Pretendo defender un conjunto de ideas, un proyecto pol\u00edtico que sigue estando plenamente vigente. Mucha gente me ha pedido que sea precandidato y creo que uno al aprender de los errores tiene la posibilidad de llevar adelante un proyecto que le sirva al partido y al pa\u00eds. Salgo convencido y a ganar. Por eso la frase Venimos de vuelta (NdeR: del video de Facebook donde anunci\u00f3 que competir\u00e1) con un proyecto nacionalista, wilsonista, popular, integrador.<\/p>\n<p><strong>\u2014Usted va a enarbolar la bandera del wilsonismo. \u00bfLe llega a las generaciones m\u00e1s j\u00f3venes con ese mensaje?<\/strong><\/p>\n<p>\u2014El hecho de no conocer a Wilson no significa que \u00e9l no haya dejado una gran ense\u00f1anza. Hoy miles que no conocieron a Wilson siguen sus ideas, su ejemplo. El proyecto es nacionalista, que no se queda solo en las ideas de Wilson, sino tambi\u00e9n en lo que el pa\u00eds precisa hacia el futuro. Es una propuesta honesta y seria. Estamos convencidos de eso. Tengo la decisi\u00f3n de desafiar la adversidad y la obligaci\u00f3n de no ser espectador de la sociedad. Vemos que a veces los pol\u00edticos nos hemos alejado de la gente. Hay que interpretar ese sentimiento y hacer que el partido se acerque a la gente.<\/p>\n<p><strong>\u2014Algunos dirigentes ped\u00edan una f\u00f3rmula acordada para evitar desgastes. \u00bfComparte la idea?<\/strong><\/p>\n<p>\u2014No. No se puede sustituir el camino de las urnas en el Partido Nacional. Las urnas son el instrumento de legitimaci\u00f3n dentro de la democracia y no le agrega ning\u00fan desgaste el pasar por el filtro de la decisi\u00f3n de la gente. Estoy profundamente convencido de esto.<\/p>\n<p><strong>\u2014\u00bfEn qu\u00e9 qued\u00f3 la conformaci\u00f3n del megasector Juntos que hab\u00eda lanzado el a\u00f1o pasado?<\/strong><\/p>\n<p>\u2014Es un proyecto vigente que supone un proceso. No es una construcci\u00f3n de hoy para ma\u00f1ana. El proyecto Juntos es un proyecto pa\u00eds porque hay un sistema pol\u00edtico dividido, una sociedad crispada, y por eso hay que impulsar un proyecto superador que no pasa por la negaci\u00f3n absoluta de todo lo que se ha hecho, sino por impulsar una visi\u00f3n superadora. Este proyecto puede tener sucesivas etapas.<\/p>\n<p><strong>\u2014\u00bfUn objetivo de este proyecto puede ser atraer a frenteamplistas desencantados con el gobierno, que apoyen sin perder su identidad frenteamplista?<\/strong><\/p>\n<p>\u2014Ese proyecto es amplio, inclusivo, abarcativo de nacionalistas y de gente de otros partidos que puedan confiar en el nuestro como instrumento para mejorar la sociedad y el gobierno.<\/p>\n<p><strong>\u2014\u00bfHay lugar para una tercera v\u00eda o corriente en el Partido Nacional?<\/strong><\/p>\n<p>\u2014No voy a hablar de los espacios que puedan existir. Eso lo va a determinar la gente. Yo ten\u00eda necesidad de definirme y fue lo que hice tras un tiempo de reflexi\u00f3n. Habl\u00e9 de lo que pas\u00f3, de los errores que comet\u00ed para aprender de ellos, tomar experiencia de ellos. Cuando faltan menos de dos a\u00f1os para la interna cre\u00ed oportuno salir. Habl\u00e9 con los compa\u00f1eros de todos los sectores, habl\u00e9 con los principales referentes de los sectores para que no se enteraran por la prensa, habl\u00e9 con intendentes, legisladores, l\u00edderes pol\u00edticos. Esta decisi\u00f3n no va en contra de nadie sino a favor del partido que integro. No tengo que dar fe de ser blanco. He dado ejemplos siempre de trabajar y no solo hablar a favor de la unidad del partido.<\/p>\n<p><strong>\u2014\u00bfC\u00f3mo es hoy su relaci\u00f3n con los intendentes de Alianza Nacional, que hab\u00edan comenzado a conversar para eventualmente armar un grupo nuevo?<\/strong><\/p>\n<p>\u2014Tengo pleno aprecio y afecto por los intendentes del Partido Nacional. Habl\u00e9 con todos y entiendo que hay que respetar los tiempos de todos, de la misma manera como han respetado mis tiempos. Lo que importa es el final del camino. Me parece que en lo fundamental vamos a estar juntos porque la fuerza pol\u00edtica que gobierna est\u00e1 program\u00e1ticamente decadente, tiene enormes dificultades porque pese a tener 13 a\u00f1os de crecimiento econ\u00f3mico no hay mejor educaci\u00f3n, salud, seguridad, infraestructura. Es intolerable adem\u00e1s el nivel de impuestos. No hay eficiencia, disciplina y orden fiscal para manejar la econom\u00eda.<\/p>\n<p><strong>\u2014Reci\u00e9n habl\u00f3 de errores que cometi\u00f3 y de los cuales tomar\u00e1 la experiencia. \u00bfCu\u00e1les son esos errores que identific\u00f3?<\/strong><\/p>\n<p>\u2014Cuando se producen determinados resultados es porque evidentemente se han cometido errores. Los he analizado, no voy a hacer una enumeraci\u00f3n porque ese proceso de autocr\u00edtica se hace con los compa\u00f1eros y se adoptar\u00e1n las medidas para buscar la construcci\u00f3n que el pa\u00eds necesita. A m\u00ed nadie me ha regalado nada en la pol\u00edtica. He luchado siempre, sal\u00ed de Paysand\u00fa, fui dos per\u00edodos intendente y he llevado adelante la construcci\u00f3n de un proyecto pol\u00edtico que tiene enorme vigencia y de un vital aporte para el Partido Nacional. Cuando dije Venimos de vuelta es porque he recorrido un camino que me avala y me da fortalezas. Estoy convencido de lo que alguien dijo (NdeR: Babe Ruth, famoso beisbolista estadounidense): Es muy dif\u00edcil derrotar a quien nunca deja de luchar. Y este es un legado wilsonista que me ha marcado siempre. Tengo 60 a\u00f1os, que la gente decida. Es un principio democr\u00e1tico insustituible.<\/p>\n<p><strong>\u2014Hace a\u00f1os que est\u00e1 en el Senado. M\u00e1s all\u00e1 de que es algo que le otorga la gente a un partido, \u00bfes bueno para un gobierno tener mayor\u00eda parlamentaria?<\/strong><\/p>\n<p>\u2014La mayor\u00eda parlamentaria que se ha dado por mandato de la gente ha terminado por ser algo contraproducente para el gobierno y para el pa\u00eds. Hemos tenido una mayor\u00eda regimentada en tres per\u00edodos de gobierno donde no se ha tomado en cuenta a la otra mitad del pa\u00eds. Este va a ser el desaf\u00edo que tenemos por venir, gobernar sin mayor\u00edas que es lo que va a pasar despu\u00e9s de la elecci\u00f3n de 2019, porque ninguna fuerza pol\u00edtica va a tener mayor\u00eda parlamentaria. Hay que impulsar las respuesta en cinco o seis temas vitales.<\/p>\n<p><strong>\u2014\u00bfSe perdi\u00f3 la negociaci\u00f3n en el Senado? \u00bfYa no se negocia a causa de la mayor\u00eda parlamentaria?<\/strong><\/p>\n<p>\u2014El grave problema que ha tenido el Frente Amplio es que en sus tres per\u00edodos de gobierno, con franqueza, nunca tuvo a un referente que representara a Tabar\u00e9 V\u00e1zquez o a Jos\u00e9 Mujica. Esto es una realidad comprobable. Cuando gobern\u00f3 el Partido Nacional hab\u00eda referentes en el Senado, cuando gobernaron Sanguinetti y Batlle hab\u00eda referentes que representaban a los presidentes. El problema del gobierno es que el presidente queda solo, condicionado por la Mesa Pol\u00edtica, que est\u00e1 separada de la representaci\u00f3n parlamentaria del gobierno. Eso dificulta los acuerdos en el Parlamento. Por eso las mayor\u00edas parlamentarias tantos a\u00f1os en manos de un partido han complejizado la realidad pol\u00edtica.<\/p>\n<p><strong>\u2014Transcurrida la mitad del segundo gobierno de Tabar\u00e9 V\u00e1zquez, \u00bfpuede compararlo con la primera administraci\u00f3n?<\/strong><\/p>\n<p>\u2014El pa\u00eds es diferente, pero el gobierno del Frente Amplio se ha agotado. El Frente no ha tenido respuestas. No hay ninguna herramienta m\u00e1s redistributiva e importante que la Educaci\u00f3n y el Frente ha dejado la Educaci\u00f3n en manos de los corporativismos. Tenemos un nivel intolerable de impuestos y la poblaci\u00f3n ya se ve agobiada por ello. No se defiende al productor, al comerciante, al trabajador. Se le pone alfombra roja a emprendimientos extranjeros pero tenemos sectores de la producci\u00f3n con enormes problemas, como el l\u00e1cteo. Es evidente que el Frente tiene problemas para dar respuestas desde el gobierno.<\/p>\n<p><strong>\u2014Si ganara el Partido Nacional seguramente se resolver\u00e1 importar combustible en vez de refinarlo en La Teja para dejar de perder dinero. \u00bfC\u00f3mo se manejar\u00eda la relaci\u00f3n con el sindicato de Ancap que obviamente se opondr\u00eda a esto?<\/strong><\/p>\n<p>\u2014Yo creo en el di\u00e1logo con los sindicatos. Ante un triunfo del Partido Nacional es evidente que los sindicatos reformular\u00edan su posici\u00f3n. Podr\u00e1 ser m\u00e1s dura o podr\u00e1 ser diferente porque los sindicatos advertir\u00e1n que ya no tendr\u00e1n una fuerza pol\u00edtica que les cabrestear\u00e1 permanentemente. No obstante eso, el di\u00e1logo va a ser un instrumento vital para ambas partes. Frente a un cambio de gobierno nadie puede ser tan obtuso de no reconocer la realidad y advertir que en una democracia hay que dialogar siempre. Eso requerir\u00e1 solidez, firmeza, equipo, respaldo parlamentario.<\/p>\n<p><strong>\u2014Con vistas al futuro, \u00bfse ha planteado volver a ser candidato a la Intendencia de Paysand\u00fa?<\/strong><\/p>\n<p>\u2014Con toda franqueza no, porque voy a ser presidente de la Rep\u00fablica.<\/p>\n<p><strong>PARA LARRA\u00d1AGA, LA EDUCACI\u00d3N NECESITA UN \u201cBLINDAJE POL\u00cdTICO\u201d.<\/strong><\/p>\n<p><em>\u00abSi somos gobierno, el Frente Amplio estar\u00e1 en el Codicen\u00bb<\/em><br \/>\nEl senador Jorge Larra\u00f1aga adelant\u00f3 que si los nacionalistas ganaran la elecci\u00f3n de 2019, habr\u00e1 presencia del Frente Amplio en los organismos de control de la educaci\u00f3n.<\/p>\n<p><strong>\u2014Si el Partido Nacional ganara las elecciones de 2019, \u00bfqu\u00e9 medidas de shock habr\u00eda que adoptar para mejorar la educaci\u00f3n?<\/strong><\/p>\n<p>\u2014Lo m\u00e1s importante es rescatar la educaci\u00f3n para la sociedad, para la gente. La primera medida es que el gobierno de la educaci\u00f3n no sea un gobierno impregnado de corporativismos. Lo primero que har\u00eda es que las autoridades de la educaci\u00f3n fueran de todos los partidos.<\/p>\n<p><strong>\u2014\u00bfSe le dar\u00eda participaci\u00f3n al Frente Amplio como oposici\u00f3n y no como ahora, donde todo es oficialismo?<\/strong><\/p>\n<p>\u2014S\u00ed, a todos los partidos porque la educaci\u00f3n debe tener un blindaje pol\u00edtico. Hubo un acuerdo entre todos los partidos en 2012 y nunca se cumpli\u00f3. Por eso interpel\u00e9 al entonces ministro de Educaci\u00f3n y Cultura Ricardo Ehrlich.<\/p>\n<p><strong>\u2014En el presente y de cara al futuro, \u00bfc\u00f3mo ordenar\u00eda por importancia los problemas m\u00e1s graves que enfrenta el pa\u00eds? \u00bfEducaci\u00f3n? \u00bfSeguridad? \u00bfCrisis de valores?<\/strong><\/p>\n<p>\u2014La educaci\u00f3n es central, pero como no tiene un efecto inmediato ni sobre los valores ni sobre la seguridad, tambi\u00e9n hay que hacer mucho en seguridad. Sobre los valores y su recuperaci\u00f3n hemos presentado proyectos de ley para educar sobre ello. Los valores que ha perdido la sociedad se recuperan con educaci\u00f3n. La educaci\u00f3n es central pero no hay paz con miedo, no hay seguridad con miedo. No quiero ser tajante en la respuesta. Son temas que deben tener distintos enfoques para converger en una soluci\u00f3n a los tres: educaci\u00f3n, seguridad y valores, \u00edntimamente relacionados.<\/p>\n<p>Daniel Isgleas para El Pa\u00eds<br \/>\nFoto: Darwin Borrelli<\/p>\n","protected":false},"excerpt":{"rendered":"<p>Salt\u00f3 finalmente al ruedo pol\u00edtico en su papel de candidato, algo que conoce bien. En estos tiempos, el precandidato hizo autocr\u00edtica, reconoci\u00f3 errores y est\u00e1 \u201cconvencido\u201d de que va a \u201cganar\u201d la Presidencia en 2019. A sus 60 a\u00f1os de edad, subray\u00f3 que \u201cnadie me ha regalado nada en la pol\u00edtica\u201d y que ha \u201cluchado [&hellip;]<\/p>\n","protected":false},"author":1,"featured_media":29816,"comment_status":"open","ping_status":"open","sticky":false,"template":"","format":"standard","meta":{"footnotes":""},"categories":[163],"tags":[],"class_list":["post-29815","post","type-post","status-publish","format-standard","has-post-thumbnail","hentry","category-entrevistas"],"_links":{"self":[{"href":"https:\/\/alianzanacional.com.uy\/web\/wp-json\/wp\/v2\/posts\/29815","targetHints":{"allow":["GET"]}}],"collection":[{"href":"https:\/\/alianzanacional.com.uy\/web\/wp-json\/wp\/v2\/posts"}],"about":[{"href":"https:\/\/alianzanacional.com.uy\/web\/wp-json\/wp\/v2\/types\/post"}],"author":[{"embeddable":true,"href":"https:\/\/alianzanacional.com.uy\/web\/wp-json\/wp\/v2\/users\/1"}],"replies":[{"embeddable":true,"href":"https:\/\/alianzanacional.com.uy\/web\/wp-json\/wp\/v2\/comments?post=29815"}],"version-history":[{"count":3,"href":"https:\/\/alianzanacional.com.uy\/web\/wp-json\/wp\/v2\/posts\/29815\/revisions"}],"predecessor-version":[{"id":29844,"href":"https:\/\/alianzanacional.com.uy\/web\/wp-json\/wp\/v2\/posts\/29815\/revisions\/29844"}],"wp:featuredmedia":[{"embeddable":true,"href":"https:\/\/alianzanacional.com.uy\/web\/wp-json\/wp\/v2\/media\/29816"}],"wp:attachment":[{"href":"https:\/\/alianzanacional.com.uy\/web\/wp-json\/wp\/v2\/media?parent=29815"}],"wp:term":[{"taxonomy":"category","embeddable":true,"href":"https:\/\/alianzanacional.com.uy\/web\/wp-json\/wp\/v2\/categories?post=29815"},{"taxonomy":"post_tag","embeddable":true,"href":"https:\/\/alianzanacional.com.uy\/web\/wp-json\/wp\/v2\/tags?post=29815"}],"curies":[{"name":"wp","href":"https:\/\/api.w.org\/{rel}","templated":true}]}}