{"id":29822,"date":"2017-06-21T13:15:37","date_gmt":"2017-06-21T16:15:37","guid":{"rendered":"http:\/\/alianzanacional.com.uy\/web\/?p=29822"},"modified":"2017-06-21T13:20:00","modified_gmt":"2017-06-21T16:20:00","slug":"gandini-denuncia-grave-irregularidad-en-el-pago-de-auxiliares-en-las-escuelas","status":"publish","type":"post","link":"https:\/\/alianzanacional.com.uy\/web\/gandini-denuncia-grave-irregularidad-en-el-pago-de-auxiliares-en-las-escuelas\/","title":{"rendered":"Gandini denuncia grave irregularidad en el pago de auxiliares en las escuelas"},"content":{"rendered":"<p><a href=\"https:\/\/alianzanacional.com.uy\/web\/wp-content\/uploads\/2017\/06\/DCzA5-2XsAES6SW.jpg\"><img fetchpriority=\"high\" decoding=\"async\" src=\"https:\/\/alianzanacional.com.uy\/web\/wp-content\/uploads\/2017\/06\/DCzA5-2XsAES6SW-700x525.jpg\" alt=\"\" width=\"620\" height=\"465\" class=\"alignnone size-large wp-image-29823\" srcset=\"https:\/\/alianzanacional.com.uy\/web\/wp-content\/uploads\/2017\/06\/DCzA5-2XsAES6SW-700x525.jpg 700w, https:\/\/alianzanacional.com.uy\/web\/wp-content\/uploads\/2017\/06\/DCzA5-2XsAES6SW-400x300.jpg 400w, https:\/\/alianzanacional.com.uy\/web\/wp-content\/uploads\/2017\/06\/DCzA5-2XsAES6SW-768x576.jpg 768w, https:\/\/alianzanacional.com.uy\/web\/wp-content\/uploads\/2017\/06\/DCzA5-2XsAES6SW.jpg 2048w\" sizes=\"(max-width: 620px) 100vw, 620px\" \/><\/a><\/p>\n<p>La Federaci\u00f3n Uruguaya de Magisterio (FUM) se reuni\u00f3 con diputados nacionalistas, a pocas horas de que el Poder Ejecutivo presente la Rendici\u00f3n de Cuentas ante el Parlamento.<\/p>\n<p>El Diputado Jorge Gandini expres\u00f3 que \u201clo poco que trae la Rendici\u00f3n de Cuentas son USD 50 millones para cumplir con el convenio salarial firmado con los trabajadores de ANEP. La FUM nos viene a decir -y nos muestra los n\u00fameros de la propia ANEP-, que faltan $ 200 millones para cumplir con ese convenio. Es decir, no va a alcanzar para pagarles a todos lo convenido, firmado y vuelto a firmar. La primera cosa grave es esa, no alcanza.\u201d<\/p>\n<p>Pero Gandini ve m\u00e1s grave a\u00fan, la existencia de 1.023 trabajadores que hacen las tareas de auxiliares en las escuelas, b\u00e1sicamente de limpieza, que \u201cno son funcionarios de ANEP, sino  que los contratan los directores, que deben formar empresas unipersonales para tomar un empleado y le pagan con el dinero que les pasa ANEP procedente del Impuesto de Primaria, un impuesto con el que no se pueden pagar salarios\u201d, explic\u00f3.<\/p>\n<p>Con ese dinero, el Director le paga el salario a los trabajadores, que son sus dependientes, por el rubro gasto. \u201cCualquier reclamo no se lo hacen a ANEP, sino al pobre director que tiene que asumir esa tercer\u00eda con responsabilidades, d\u00e1ndole un destino a un dinero p\u00fablico a trav\u00e9s de una empresa privada que es la propia. Esto es una irregularidad muy grave que est\u00e1 siendo tolerada por el sistema, porque sino las escuelas no se limpian o ANEP tiene que crear los cargos. El dinero est\u00e1, pero se hace a trav\u00e9s de este modo y adem\u00e1s est\u00e1 desviando hacia un fin prohibido: el dinero que recauda el Impuesto de Primaria no es para pagar salarios ni siquiera de modo indirecto u oculto como se hace aqu\u00ed\u201d, remarc\u00f3 Gandini.<\/p>\n<p>Para el legislador nacionalista, \u201ceste es un tema que esta Rendici\u00f3n de Cuentas tiene que  revisar y ordenar. Si hay 1.023 personas que trabajan limpiando las escuelas tienen que ser funcionarios del organismo, no de los directores\u201d, indic\u00f3.<\/p>\n<p>Se adjunta audio de la rueda de prensa.<br \/>\n<div class=\"wp-playlist wp-audio-playlist wp-playlist-light\">\n\t\t\t<div class=\"wp-playlist-current-item\"><\/div>\n\t\t<audio controls=\"controls\" preload=\"none\" width=\"778\"\n\t\t\t><\/audio>\n\t<div class=\"wp-playlist-next\"><\/div>\n\t<div class=\"wp-playlist-prev\"><\/div>\n\t<noscript>\n\t<ol>\n\t\t<li><a href='https:\/\/alianzanacional.com.uy\/web\/wp-content\/uploads\/2017\/06\/Gandini-FUM-20jun17.mp3'>Gandini FUM 20jun17<\/a><\/li>\t<\/ol>\n\t<\/noscript>\n\t<script type=\"application\/json\" class=\"wp-playlist-script\">{\"type\":\"audio\",\"tracklist\":true,\"tracknumbers\":true,\"images\":true,\"artists\":true,\"tracks\":[{\"src\":\"https:\/\/alianzanacional.com.uy\/web\/wp-content\/uploads\/2017\/06\/Gandini-FUM-20jun17.mp3\",\"type\":\"audio\/mpeg\",\"title\":\"Gandini FUM 20jun17\",\"caption\":\"\",\"description\":\"\\\"Gandini FUM 20jun17\\\".\",\"meta\":{\"length_formatted\":\"2:25\"},\"image\":{\"src\":\"https:\/\/alianzanacional.com.uy\/web\/wp-includes\/images\/media\/audio.svg\",\"width\":48,\"height\":64},\"thumb\":{\"src\":\"https:\/\/alianzanacional.com.uy\/web\/wp-includes\/images\/media\/audio.svg\",\"width\":48,\"height\":64}}]}<\/script>\n<\/div>\n\t<\/p>\n","protected":false},"excerpt":{"rendered":"<p>La Federaci\u00f3n Uruguaya de Magisterio (FUM) se reuni\u00f3 con diputados nacionalistas, a pocas horas de que el Poder Ejecutivo presente la Rendici\u00f3n de Cuentas ante el Parlamento. El Diputado Jorge Gandini expres\u00f3 que \u201clo poco que trae la Rendici\u00f3n de Cuentas son USD 50 millones para cumplir con el convenio salarial firmado con los trabajadores [&hellip;]<\/p>\n","protected":false},"author":1,"featured_media":29823,"comment_status":"open","ping_status":"open","sticky":false,"template":"","format":"standard","meta":{"footnotes":""},"categories":[164],"tags":[],"class_list":["post-29822","post","type-post","status-publish","format-standard","has-post-thumbnail","hentry","category-legislativas"],"_links":{"self":[{"href":"https:\/\/alianzanacional.com.uy\/web\/wp-json\/wp\/v2\/posts\/29822","targetHints":{"allow":["GET"]}}],"collection":[{"href":"https:\/\/alianzanacional.com.uy\/web\/wp-json\/wp\/v2\/posts"}],"about":[{"href":"https:\/\/alianzanacional.com.uy\/web\/wp-json\/wp\/v2\/types\/post"}],"author":[{"embeddable":true,"href":"https:\/\/alianzanacional.com.uy\/web\/wp-json\/wp\/v2\/users\/1"}],"replies":[{"embeddable":true,"href":"https:\/\/alianzanacional.com.uy\/web\/wp-json\/wp\/v2\/comments?post=29822"}],"version-history":[{"count":4,"href":"https:\/\/alianzanacional.com.uy\/web\/wp-json\/wp\/v2\/posts\/29822\/revisions"}],"predecessor-version":[{"id":29830,"href":"https:\/\/alianzanacional.com.uy\/web\/wp-json\/wp\/v2\/posts\/29822\/revisions\/29830"}],"wp:featuredmedia":[{"embeddable":true,"href":"https:\/\/alianzanacional.com.uy\/web\/wp-json\/wp\/v2\/media\/29823"}],"wp:attachment":[{"href":"https:\/\/alianzanacional.com.uy\/web\/wp-json\/wp\/v2\/media?parent=29822"}],"wp:term":[{"taxonomy":"category","embeddable":true,"href":"https:\/\/alianzanacional.com.uy\/web\/wp-json\/wp\/v2\/categories?post=29822"},{"taxonomy":"post_tag","embeddable":true,"href":"https:\/\/alianzanacional.com.uy\/web\/wp-json\/wp\/v2\/tags?post=29822"}],"curies":[{"name":"wp","href":"https:\/\/api.w.org\/{rel}","templated":true}]}}