{"id":29833,"date":"2017-06-21T10:38:16","date_gmt":"2017-06-21T13:38:16","guid":{"rendered":"http:\/\/alianzanacional.com.uy\/web\/?p=29833"},"modified":"2017-06-21T13:49:20","modified_gmt":"2017-06-21T16:49:20","slug":"edil-barrios-propone-exonerar-patente-a-electricos","status":"publish","type":"post","link":"https:\/\/alianzanacional.com.uy\/web\/edil-barrios-propone-exonerar-patente-a-electricos\/","title":{"rendered":"Edil Barrios propone exonerar patente a el\u00e9ctricos"},"content":{"rendered":"<p><a href=\"https:\/\/alianzanacional.com.uy\/web\/wp-content\/uploads\/2017\/05\/barrios-bove.png\"><img fetchpriority=\"high\" decoding=\"async\" src=\"https:\/\/alianzanacional.com.uy\/web\/wp-content\/uploads\/2017\/05\/barrios-bove-700x441.png\" alt=\"\" width=\"620\" height=\"391\" class=\"alignnone size-large wp-image-29667\" srcset=\"https:\/\/alianzanacional.com.uy\/web\/wp-content\/uploads\/2017\/05\/barrios-bove-700x441.png 700w, https:\/\/alianzanacional.com.uy\/web\/wp-content\/uploads\/2017\/05\/barrios-bove-400x252.png 400w, https:\/\/alianzanacional.com.uy\/web\/wp-content\/uploads\/2017\/05\/barrios-bove-768x484.png 768w, https:\/\/alianzanacional.com.uy\/web\/wp-content\/uploads\/2017\/05\/barrios-bove.png 1587w\" sizes=\"(max-width: 620px) 100vw, 620px\" \/><\/a><\/p>\n<p><em>El edil nacionalista Javier Barrios Bove present\u00f3 una propuesta para exonerar la patente a los veh\u00edculos el\u00e9ctricos de dos o m\u00e1s ruedas que se importen a partir de este a\u00f1o.<\/em><\/p>\n<p>\u00abLa idea es facilitar la compra de estos veh\u00edculos, que ya de por si son caros, y que por ende van a tener patente cara\u00bb, explic\u00f3.<\/p>\n<p>En el caso de los veh\u00edculos de tres o m\u00e1s ruedas, el incentivo se reducir\u00eda luego del cuarto a\u00f1o, en un 20% anual, hasta su eliminaci\u00f3n.<\/p>\n<p>\u00abEl incentivo ser\u00e1 del 60% y sujeto al mismo r\u00e9gimen de reducci\u00f3n, a partir del ejercicio siguiente para aquellos veh\u00edculos que originalmente propulsados por motor a combusti\u00f3n sean adaptados al nuevo tipo de propulsi\u00f3n. Los importadores deber\u00e1n asegurar el adecuado reciclaje y\/o disposici\u00f3n final de las bater\u00edas, procedimiento que deber\u00e1 ser certificado por las oficinas t\u00e9cnicas con competencia en la materia\u00bb, se\u00f1ala la propuesta.<\/p>\n<p>Fuente: El Pa\u00eds<\/p>\n","protected":false},"excerpt":{"rendered":"<p>El edil nacionalista Javier Barrios Bove present\u00f3 una propuesta para exonerar la patente a los veh\u00edculos el\u00e9ctricos de dos o m\u00e1s ruedas que se importen a partir de este a\u00f1o. \u00abLa idea es facilitar la compra de estos veh\u00edculos, que ya de por si son caros, y que por ende van a tener patente cara\u00bb, [&hellip;]<\/p>\n","protected":false},"author":1,"featured_media":29667,"comment_status":"open","ping_status":"open","sticky":false,"template":"","format":"standard","meta":{"footnotes":""},"categories":[232],"tags":[],"class_list":["post-29833","post","type-post","status-publish","format-standard","has-post-thumbnail","hentry","category-departamentales"],"_links":{"self":[{"href":"https:\/\/alianzanacional.com.uy\/web\/wp-json\/wp\/v2\/posts\/29833","targetHints":{"allow":["GET"]}}],"collection":[{"href":"https:\/\/alianzanacional.com.uy\/web\/wp-json\/wp\/v2\/posts"}],"about":[{"href":"https:\/\/alianzanacional.com.uy\/web\/wp-json\/wp\/v2\/types\/post"}],"author":[{"embeddable":true,"href":"https:\/\/alianzanacional.com.uy\/web\/wp-json\/wp\/v2\/users\/1"}],"replies":[{"embeddable":true,"href":"https:\/\/alianzanacional.com.uy\/web\/wp-json\/wp\/v2\/comments?post=29833"}],"version-history":[{"count":1,"href":"https:\/\/alianzanacional.com.uy\/web\/wp-json\/wp\/v2\/posts\/29833\/revisions"}],"predecessor-version":[{"id":29835,"href":"https:\/\/alianzanacional.com.uy\/web\/wp-json\/wp\/v2\/posts\/29833\/revisions\/29835"}],"wp:featuredmedia":[{"embeddable":true,"href":"https:\/\/alianzanacional.com.uy\/web\/wp-json\/wp\/v2\/media\/29667"}],"wp:attachment":[{"href":"https:\/\/alianzanacional.com.uy\/web\/wp-json\/wp\/v2\/media?parent=29833"}],"wp:term":[{"taxonomy":"category","embeddable":true,"href":"https:\/\/alianzanacional.com.uy\/web\/wp-json\/wp\/v2\/categories?post=29833"},{"taxonomy":"post_tag","embeddable":true,"href":"https:\/\/alianzanacional.com.uy\/web\/wp-json\/wp\/v2\/tags?post=29833"}],"curies":[{"name":"wp","href":"https:\/\/api.w.org\/{rel}","templated":true}]}}