{"id":29836,"date":"2017-06-21T13:07:36","date_gmt":"2017-06-21T16:07:36","guid":{"rendered":"http:\/\/alianzanacional.com.uy\/web\/?p=29836"},"modified":"2017-06-21T13:51:51","modified_gmt":"2017-06-21T16:51:51","slug":"ayala-propone-crear-registro-de-automotores-del-estado-para-evitar-abusos","status":"publish","type":"post","link":"https:\/\/alianzanacional.com.uy\/web\/ayala-propone-crear-registro-de-automotores-del-estado-para-evitar-abusos\/","title":{"rendered":"Ayala propone crear registro de automotores del Estado para evitar abusos"},"content":{"rendered":"<p><a href=\"https:\/\/alianzanacional.com.uy\/web\/wp-content\/uploads\/2017\/06\/screencapture-i-ytimg-vi_webp-0__EEuC3sqc-sddefault-webp-1498063500354.jpg\"><img fetchpriority=\"high\" decoding=\"async\" src=\"https:\/\/alianzanacional.com.uy\/web\/wp-content\/uploads\/2017\/06\/screencapture-i-ytimg-vi_webp-0__EEuC3sqc-sddefault-webp-1498063500354.jpg\" alt=\"\" width=\"626\" height=\"352\" class=\"alignnone size-full wp-image-29837\" srcset=\"https:\/\/alianzanacional.com.uy\/web\/wp-content\/uploads\/2017\/06\/screencapture-i-ytimg-vi_webp-0__EEuC3sqc-sddefault-webp-1498063500354.jpg 626w, https:\/\/alianzanacional.com.uy\/web\/wp-content\/uploads\/2017\/06\/screencapture-i-ytimg-vi_webp-0__EEuC3sqc-sddefault-webp-1498063500354-400x225.jpg 400w\" sizes=\"(max-width: 626px) 100vw, 626px\" \/><\/a><\/p>\n<p>\u201cHemos recibido denuncias de autos en balnearios, hasta en la frontera haciendo compras en supermercados\u201d, afirma el diputado Ayala.<\/p>\n<p>El diputado nacionalista Mario Ayala  est\u00e1 preocupado por el uso y abuso de los autos oficiales: afirma que recibe muchas denuncias de autos oficiales en situaciones irregulares y por eso present\u00f3 un proyecto de ley que crea un registro de automotores del Estado.<\/p>\n<p>\u00abSi bien esta situaci\u00f3n ya est\u00e1 regulada por ley, el proyecto pretender crear un registro \u00fanico de automotores del Estado, que se publique en la web y que esa herramienta sirva para el control ciudadano. Creemos que es necesario que se pueda llevar adelante un control de ese tipo.<\/p>\n<p>En el registro figurar\u00e1 el veh\u00edculo, matr\u00edcula, color, el funcionario a cargo, las funciones. Hemos recibido denuncias de autos en balnearios hasta autos en la frontera haciendo compras en supermercados, hasta denuncias por ambulancias. En el Estadio Centenario se ve la cola de autos oficiales.<\/p>\n<p>Creemos que a trav\u00e9s de este instrumento puede haber un control ciudadano muy eficiente. Est\u00e1 previsto que el ciudadano verifique la informaci\u00f3n y pueda llevar adelante la denuncia, que derivar\u00e1 en la investigaci\u00f3n administrativa que corresponde.<\/p>\n<p>Vengo acompa\u00f1ando a Larra\u00f1aga y la gente le ped\u00eda de forma permanente que asumiera de forma permanente ese desaf\u00edo. Estamos muy entusiasmados\u00bb.<\/p>\n<p><iframe width=\"560\" height=\"315\" src=\"https:\/\/www.youtube.com\/embed\/0__EEuC3sqc\" frameborder=\"0\" allowfullscreen><\/iframe><\/p>\n<p>Fuente: Teledoce<\/p>\n","protected":false},"excerpt":{"rendered":"<p>\u201cHemos recibido denuncias de autos en balnearios, hasta en la frontera haciendo compras en supermercados\u201d, afirma el diputado Ayala. El diputado nacionalista Mario Ayala est\u00e1 preocupado por el uso y abuso de los autos oficiales: afirma que recibe muchas denuncias de autos oficiales en situaciones irregulares y por eso present\u00f3 un proyecto de ley que [&hellip;]<\/p>\n","protected":false},"author":1,"featured_media":29837,"comment_status":"open","ping_status":"open","sticky":false,"template":"","format":"standard","meta":{"footnotes":""},"categories":[164],"tags":[],"class_list":["post-29836","post","type-post","status-publish","format-standard","has-post-thumbnail","hentry","category-legislativas"],"_links":{"self":[{"href":"https:\/\/alianzanacional.com.uy\/web\/wp-json\/wp\/v2\/posts\/29836","targetHints":{"allow":["GET"]}}],"collection":[{"href":"https:\/\/alianzanacional.com.uy\/web\/wp-json\/wp\/v2\/posts"}],"about":[{"href":"https:\/\/alianzanacional.com.uy\/web\/wp-json\/wp\/v2\/types\/post"}],"author":[{"embeddable":true,"href":"https:\/\/alianzanacional.com.uy\/web\/wp-json\/wp\/v2\/users\/1"}],"replies":[{"embeddable":true,"href":"https:\/\/alianzanacional.com.uy\/web\/wp-json\/wp\/v2\/comments?post=29836"}],"version-history":[{"count":3,"href":"https:\/\/alianzanacional.com.uy\/web\/wp-json\/wp\/v2\/posts\/29836\/revisions"}],"predecessor-version":[{"id":29840,"href":"https:\/\/alianzanacional.com.uy\/web\/wp-json\/wp\/v2\/posts\/29836\/revisions\/29840"}],"wp:featuredmedia":[{"embeddable":true,"href":"https:\/\/alianzanacional.com.uy\/web\/wp-json\/wp\/v2\/media\/29837"}],"wp:attachment":[{"href":"https:\/\/alianzanacional.com.uy\/web\/wp-json\/wp\/v2\/media?parent=29836"}],"wp:term":[{"taxonomy":"category","embeddable":true,"href":"https:\/\/alianzanacional.com.uy\/web\/wp-json\/wp\/v2\/categories?post=29836"},{"taxonomy":"post_tag","embeddable":true,"href":"https:\/\/alianzanacional.com.uy\/web\/wp-json\/wp\/v2\/tags?post=29836"}],"curies":[{"name":"wp","href":"https:\/\/api.w.org\/{rel}","templated":true}]}}