{"id":29870,"date":"2017-06-27T10:48:18","date_gmt":"2017-06-27T13:48:18","guid":{"rendered":"http:\/\/alianzanacional.com.uy\/web\/?p=29870"},"modified":"2017-06-29T13:48:52","modified_gmt":"2017-06-29T16:48:52","slug":"aranceles-de-tarjetas-de-credito-y-de-debito-gandini-regira-acuerdo-del-frente-amplio-con-los-bancos","status":"publish","type":"post","link":"https:\/\/alianzanacional.com.uy\/web\/aranceles-de-tarjetas-de-credito-y-de-debito-gandini-regira-acuerdo-del-frente-amplio-con-los-bancos\/","title":{"rendered":"Aranceles de tarjetas de cr\u00e9dito y de d\u00e9bito &#8211;  Gandini: \u201cregir\u00e1 acuerdo del Frente Amplio con los bancos\u201d"},"content":{"rendered":"<p><a href=\"https:\/\/alianzanacional.com.uy\/web\/wp-content\/uploads\/2015\/08\/DiputadoJorgeGandini.jpg\"><img fetchpriority=\"high\" decoding=\"async\" src=\"https:\/\/alianzanacional.com.uy\/web\/wp-content\/uploads\/2015\/08\/DiputadoJorgeGandini.jpg\" alt=\"\" width=\"669\" height=\"418\" class=\"alignnone size-full wp-image-27290\" srcset=\"https:\/\/alianzanacional.com.uy\/web\/wp-content\/uploads\/2015\/08\/DiputadoJorgeGandini.jpg 669w, https:\/\/alianzanacional.com.uy\/web\/wp-content\/uploads\/2015\/08\/DiputadoJorgeGandini-400x250.jpg 400w\" sizes=\"(max-width: 669px) 100vw, 669px\" \/><\/a><\/p>\n<p>La Comisi\u00f3n de Hacienda de la C\u00e1mara de Representantes, a pedido del Diputado Jorge Gandini, ten\u00eda en el orden del d\u00eda la votaci\u00f3n del proyecto de ley que propon\u00eda regular los aranceles que cobran las tarjetas de cr\u00e9dito y de d\u00e9bito. El resultado fue negativo (5 en 11 votos).<\/p>\n<p>Este proyecto de ley fue elaborado en el periodo anterior por los diputados Daniel Pe\u00f1a y Gonzalo Mujica, y fue acompa\u00f1ado por el Partido Nacional. El Diputado Gandini solicit\u00f3 que se desencajonara ya que \u201cel Senador De Le\u00f3n del Frente Amplio present\u00f3 un proyecto en el Senado que es una fotocopia de este.\u201d<\/p>\n<p>Pero el oficialismo no acompa\u00f1\u00f3 con su voto. \u201cSe rechaz\u00f3 nuestro proyecto para topear aranceles que cobran las tarjetas de cr\u00e9dito y d\u00e9bito. Regir\u00e1 acuerdo del Frente Amplio con los bancos. La Inclusi\u00f3n Financiera, que excluye a tanta gente, y los bancos, hoy festejan\u201d, escribi\u00f3 Gandini en su cuenta de twitter.<\/p>\n<p>Para el legislador nacionalista era necesario que este proyecto sea aprobado \u201cporque hay un enorme vac\u00edo en materia de los aranceles que cobran las tarjetas de cr\u00e9dito a los comerciantes.\u201d<\/p>\n","protected":false},"excerpt":{"rendered":"<p>La Comisi\u00f3n de Hacienda de la C\u00e1mara de Representantes, a pedido del Diputado Jorge Gandini, ten\u00eda en el orden del d\u00eda la votaci\u00f3n del proyecto de ley que propon\u00eda regular los aranceles que cobran las tarjetas de cr\u00e9dito y de d\u00e9bito. El resultado fue negativo (5 en 11 votos). Este proyecto de ley fue elaborado [&hellip;]<\/p>\n","protected":false},"author":1,"featured_media":27290,"comment_status":"open","ping_status":"open","sticky":false,"template":"","format":"standard","meta":{"footnotes":""},"categories":[164],"tags":[],"class_list":["post-29870","post","type-post","status-publish","format-standard","has-post-thumbnail","hentry","category-legislativas"],"_links":{"self":[{"href":"https:\/\/alianzanacional.com.uy\/web\/wp-json\/wp\/v2\/posts\/29870","targetHints":{"allow":["GET"]}}],"collection":[{"href":"https:\/\/alianzanacional.com.uy\/web\/wp-json\/wp\/v2\/posts"}],"about":[{"href":"https:\/\/alianzanacional.com.uy\/web\/wp-json\/wp\/v2\/types\/post"}],"author":[{"embeddable":true,"href":"https:\/\/alianzanacional.com.uy\/web\/wp-json\/wp\/v2\/users\/1"}],"replies":[{"embeddable":true,"href":"https:\/\/alianzanacional.com.uy\/web\/wp-json\/wp\/v2\/comments?post=29870"}],"version-history":[{"count":1,"href":"https:\/\/alianzanacional.com.uy\/web\/wp-json\/wp\/v2\/posts\/29870\/revisions"}],"predecessor-version":[{"id":29875,"href":"https:\/\/alianzanacional.com.uy\/web\/wp-json\/wp\/v2\/posts\/29870\/revisions\/29875"}],"wp:featuredmedia":[{"embeddable":true,"href":"https:\/\/alianzanacional.com.uy\/web\/wp-json\/wp\/v2\/media\/27290"}],"wp:attachment":[{"href":"https:\/\/alianzanacional.com.uy\/web\/wp-json\/wp\/v2\/media?parent=29870"}],"wp:term":[{"taxonomy":"category","embeddable":true,"href":"https:\/\/alianzanacional.com.uy\/web\/wp-json\/wp\/v2\/categories?post=29870"},{"taxonomy":"post_tag","embeddable":true,"href":"https:\/\/alianzanacional.com.uy\/web\/wp-json\/wp\/v2\/tags?post=29870"}],"curies":[{"name":"wp","href":"https:\/\/api.w.org\/{rel}","templated":true}]}}