{"id":29871,"date":"2017-06-26T15:06:42","date_gmt":"2017-06-26T18:06:42","guid":{"rendered":"http:\/\/alianzanacional.com.uy\/web\/?p=29871"},"modified":"2017-06-29T13:48:03","modified_gmt":"2017-06-29T16:48:03","slug":"los-duelos-que-valen-la-pena-larranaga-se-interna-en-los-barrios","status":"publish","type":"post","link":"https:\/\/alianzanacional.com.uy\/web\/los-duelos-que-valen-la-pena-larranaga-se-interna-en-los-barrios\/","title":{"rendered":"Los \u201cduelos\u201d que valen la pena: Larra\u00f1aga se interna en los barrios"},"content":{"rendered":"<p><a href=\"https:\/\/alianzanacional.com.uy\/web\/wp-content\/uploads\/2017\/06\/ICF_2337.jpg\"><img fetchpriority=\"high\" decoding=\"async\" src=\"https:\/\/alianzanacional.com.uy\/web\/wp-content\/uploads\/2017\/06\/ICF_2337-700x467.jpg\" alt=\"\" width=\"620\" height=\"414\" class=\"alignnone size-large wp-image-29872\" srcset=\"https:\/\/alianzanacional.com.uy\/web\/wp-content\/uploads\/2017\/06\/ICF_2337-700x467.jpg 700w, https:\/\/alianzanacional.com.uy\/web\/wp-content\/uploads\/2017\/06\/ICF_2337-400x267.jpg 400w, https:\/\/alianzanacional.com.uy\/web\/wp-content\/uploads\/2017\/06\/ICF_2337-768x513.jpg 768w\" sizes=\"(max-width: 620px) 100vw, 620px\" \/><\/a><\/p>\n<p>Los disparos resonaron sin mayores sobresaltos, casi confundidos en el transcurrir cotidiano del paisaje; imperceptibles para una comunidad resignada a convivir con esa realidad.<br \/>\nMientras tanto, a escasos 20 metros de all\u00ed, las miradas que permanec\u00eda inmutables ante el delito, como un hecho corriente y naturalizado, se posaban expectantes en la visita, para muchos inesperada. <\/p>\n<p>Recibido espont\u00e1neamente por un grupo de chiquitos inquietos, que corr\u00edan despreocupadamente en medio de sus pasos, Jorge Larra\u00f1aga le tom\u00f3 el pulso al barrio Casavalle. Empecinado no s\u00f3lo en revertir la exclusi\u00f3n social sino institucional a la cual ha sido relegada esa emblem\u00e1tica zona de Montevideo, el l\u00edder de Alianza se detuvo en cada detalle.<\/p>\n<p>Es que para Larra\u00f1aga, no hay otro modo de establecer su hoja de ruta que siendo testigo de aquello que necesariamente debe ser atendido.<br \/>\nQuiz\u00e1s la responsabilidad a tan temprana edad, cuando con poco m\u00e1s de 30 a\u00f1os la poblaci\u00f3n de Paysand\u00fa lo eligi\u00f3 para conducir los destinos del departamento, hayan moldeado la esencia de este hombre de modo tal, que no se permita mirar hacia un costado cuando la realidad golpea los ojos.<\/p>\n<p>As\u00ed como ocurriera con el vecino m\u00e1s alejado de la capital sanducera al que visit\u00f3 una y otra vez, y por el cual se desvel\u00f3 para brindarle los mismos servicios que se otorgaban en el centro; as\u00ed Larra\u00f1aga se mueve en Montevideo donde no admite el abandono selectivo o el destierro de quienes precisamente m\u00e1s requieren del apoyo estatal.<br \/>\nY as\u00ed lo sinti\u00f3 la comunidad del barrio, desde donde percibieron su preocupaci\u00f3n y por primera vez, en mucho tiempo, recuperaron la confianza frente a una devaluada clase pol\u00edtica que ni siquiera los registra. <\/p>\n<p>Fue entonces que, t\u00edmidamente primero, y m\u00e1s en\u00e9rgicamente despu\u00e9s, los abuelos le contaron sobre las dificultades que atraviesan, la marginalidad a la que los condenan sus magras pasividades y la precaria asistencia sanitaria; las madres le hablaron casi en un ruego desde sus corazones desgarrados sobre la problem\u00e1tica de las drogas que atraviesa la vida de sus muchachos, y no falt\u00f3 ese padre de familia que apoy\u00f3 firme la mano sobre su hombro y en un severo gesto de reclamo, le cont\u00f3 del tiempo que lleva desempleado.<\/p>\n<p>Jorge Larra\u00f1aga tom\u00f3 nota de cada palabra, de cada planteo, de cada necesidad sobre la cual trabajar\u00e1, hoy limitado por las circunstancias, pero afirmado en la convicci\u00f3n que de acceder al gobierno nacional regresar\u00e1 a mirar esas mismas caras, como lo hiciera con sus vecinos de Paysand\u00fa, y el compromiso quedar\u00e1 sellado como hombre de tierra adentro, y a la vieja usanza en ese apret\u00f3n de manos, m\u00e1s fiel que cualquier discurso y m\u00e1s confiable que cualquier otro documento.<\/p>\n<p>Cuando finalmente se despidi\u00f3, los ecos de aquellos disparos que escuch\u00f3 claramente al ingresar \u201cAl Casavalle\u201d le afirmaron en la convicci\u00f3n que los verdaderos duelos, aquellos por los que vale la pena jugarse entero, est\u00e1n precisamente en dejar hasta el \u00faltimo aliento en batirse con el abandono, con la exclusi\u00f3n, con la marginalidad y la hipocres\u00eda del panfleto oportunista y rescatar esas madres, esos ni\u00f1os, esos abuelos, esos padres de familia y devolverles el pa\u00eds que, como cada uruguayo de este pa\u00eds, simplemente se merece.<\/p>\n<p>Por Karina Caputi<\/p>\n","protected":false},"excerpt":{"rendered":"<p>Los disparos resonaron sin mayores sobresaltos, casi confundidos en el transcurrir cotidiano del paisaje; imperceptibles para una comunidad resignada a convivir con esa realidad. Mientras tanto, a escasos 20 metros de all\u00ed, las miradas que permanec\u00eda inmutables ante el delito, como un hecho corriente y naturalizado, se posaban expectantes en la visita, para muchos inesperada. [&hellip;]<\/p>\n","protected":false},"author":1,"featured_media":29872,"comment_status":"open","ping_status":"open","sticky":false,"template":"","format":"standard","meta":{"footnotes":""},"categories":[7],"tags":[],"class_list":["post-29871","post","type-post","status-publish","format-standard","has-post-thumbnail","hentry","category-columnistas"],"_links":{"self":[{"href":"https:\/\/alianzanacional.com.uy\/web\/wp-json\/wp\/v2\/posts\/29871","targetHints":{"allow":["GET"]}}],"collection":[{"href":"https:\/\/alianzanacional.com.uy\/web\/wp-json\/wp\/v2\/posts"}],"about":[{"href":"https:\/\/alianzanacional.com.uy\/web\/wp-json\/wp\/v2\/types\/post"}],"author":[{"embeddable":true,"href":"https:\/\/alianzanacional.com.uy\/web\/wp-json\/wp\/v2\/users\/1"}],"replies":[{"embeddable":true,"href":"https:\/\/alianzanacional.com.uy\/web\/wp-json\/wp\/v2\/comments?post=29871"}],"version-history":[{"count":2,"href":"https:\/\/alianzanacional.com.uy\/web\/wp-json\/wp\/v2\/posts\/29871\/revisions"}],"predecessor-version":[{"id":29874,"href":"https:\/\/alianzanacional.com.uy\/web\/wp-json\/wp\/v2\/posts\/29871\/revisions\/29874"}],"wp:featuredmedia":[{"embeddable":true,"href":"https:\/\/alianzanacional.com.uy\/web\/wp-json\/wp\/v2\/media\/29872"}],"wp:attachment":[{"href":"https:\/\/alianzanacional.com.uy\/web\/wp-json\/wp\/v2\/media?parent=29871"}],"wp:term":[{"taxonomy":"category","embeddable":true,"href":"https:\/\/alianzanacional.com.uy\/web\/wp-json\/wp\/v2\/categories?post=29871"},{"taxonomy":"post_tag","embeddable":true,"href":"https:\/\/alianzanacional.com.uy\/web\/wp-json\/wp\/v2\/tags?post=29871"}],"curies":[{"name":"wp","href":"https:\/\/api.w.org\/{rel}","templated":true}]}}