{"id":29877,"date":"2017-06-28T17:54:53","date_gmt":"2017-06-28T20:54:53","guid":{"rendered":"http:\/\/alianzanacional.com.uy\/web\/?p=29877"},"modified":"2017-06-28T17:54:53","modified_gmt":"2017-06-28T20:54:53","slug":"si-a-la-alianza-del-pacifico-2","status":"publish","type":"post","link":"https:\/\/alianzanacional.com.uy\/web\/si-a-la-alianza-del-pacifico-2\/","title":{"rendered":"S\u00ed a la Alianza del Pac\u00edfico"},"content":{"rendered":"<p><a href=\"https:\/\/alianzanacional.com.uy\/web\/wp-content\/uploads\/2016\/12\/29.12.12-Sen.-Larra\u00f1aga-Sesi\u00f3n-CSS-N\u00ba53_0009.jpg\"><img fetchpriority=\"high\" decoding=\"async\" src=\"https:\/\/alianzanacional.com.uy\/web\/wp-content\/uploads\/2016\/12\/29.12.12-Sen.-Larra\u00f1aga-Sesi\u00f3n-CSS-N\u00ba53_0009-700x467.jpg\" alt=\"\" width=\"620\" height=\"414\" class=\"alignnone size-large wp-image-29334\" srcset=\"https:\/\/alianzanacional.com.uy\/web\/wp-content\/uploads\/2016\/12\/29.12.12-Sen.-Larra\u00f1aga-Sesi\u00f3n-CSS-N\u00ba53_0009-700x467.jpg 700w, https:\/\/alianzanacional.com.uy\/web\/wp-content\/uploads\/2016\/12\/29.12.12-Sen.-Larra\u00f1aga-Sesi\u00f3n-CSS-N\u00ba53_0009-400x267.jpg 400w, https:\/\/alianzanacional.com.uy\/web\/wp-content\/uploads\/2016\/12\/29.12.12-Sen.-Larra\u00f1aga-Sesi\u00f3n-CSS-N\u00ba53_0009-768x512.jpg 768w, https:\/\/alianzanacional.com.uy\/web\/wp-content\/uploads\/2016\/12\/29.12.12-Sen.-Larra\u00f1aga-Sesi\u00f3n-CSS-N\u00ba53_0009.jpg 1920w\" sizes=\"(max-width: 620px) 100vw, 620px\" \/><\/a><\/p>\n<p>Para Uruguay, discutir sobre inserci\u00f3n internacional y pol\u00edtica exterior forma parte de la discusi\u00f3n sobre nuestro modelo de desarrollo. <\/p>\n<p>Somos un pa\u00eds esencialmente agroexportador y prestador de servicios y hay que asumir esa identidad en el dise\u00f1o de la pol\u00edtica exterior. Necesitamos mercados, y adem\u00e1s, para incorporar valor agregado a nuestra producci\u00f3n, necesitamos inversiones.<\/p>\n<p>Por eso hemos insistido desde hace largos a\u00f1os en la incorporaci\u00f3n como Miembro Pleno a la Alianza del Pac\u00edfico, y transformarnos en el enclave atl\u00e1ntico para ese bloque. Ser el puente con Asia y Europa.<\/p>\n<p>Ahora el gobierno da un paso importante al mostrar voluntad de ser al menos, Estado Asociado y no solo Observador.<br \/>\nLamentablemente, en la discusi\u00f3n por el posicionamiento internacional es donde la fuerza de gobierno revela m\u00e1s crudamente sus visiones m\u00e1s prejuiciosas. Hemos perdido chances hist\u00f3ricas de acuerdos comerciales que hubieran reportado mejores niveles de oportunidades para la producci\u00f3n nacional. <\/p>\n<p>No es posible colocar al inter\u00e9s de los uruguayos como reh\u00e9n de resabios ideol\u00f3gicos del pasado y caprichos del presente. Debe primar el realismo y el pragmatismo. O somos socios del mundo o nos estancamos.<br \/>\nLa inserci\u00f3n internacional del Uruguay est\u00e1 entre el ayer y el ma\u00f1ana.<br \/>\nUruguay no puede esperar. Hay que buscar enlazarse en todo aquel bloque y espacio que habilite una mejora para la capacidad productiva y comercial nacional. <\/p>\n<p>Es un derecho de todos los uruguayos, y lamentablemente el gobierno se deja jaquear por las visiones m\u00e1s prejuiciosas de su fuerza pol\u00edtica, desacelerando los procesos de integraci\u00f3n cuando deb\u00edamos estar a la vanguardia de los mismos.<\/p>\n<p>Uruguay ha perdido tiempo, y con \u00e9l, oportunidades, por discusiones y prejuicios ideol\u00f3gicos alejados del verdadero criterio que debe marcar la agenda internacional del pa\u00eds: el inter\u00e9s nacional, que no es otro que el inter\u00e9s de los trabajadores uruguayos. <\/p>\n<p>Jorge Larra\u00f1aga<\/p>\n","protected":false},"excerpt":{"rendered":"<p>Para Uruguay, discutir sobre inserci\u00f3n internacional y pol\u00edtica exterior forma parte de la discusi\u00f3n sobre nuestro modelo de desarrollo. Somos un pa\u00eds esencialmente agroexportador y prestador de servicios y hay que asumir esa identidad en el dise\u00f1o de la pol\u00edtica exterior. Necesitamos mercados, y adem\u00e1s, para incorporar valor agregado a nuestra producci\u00f3n, necesitamos inversiones. Por [&hellip;]<\/p>\n","protected":false},"author":1,"featured_media":29334,"comment_status":"open","ping_status":"open","sticky":false,"template":"","format":"standard","meta":{"footnotes":""},"categories":[285],"tags":[],"class_list":["post-29877","post","type-post","status-publish","format-standard","has-post-thumbnail","hentry","category-opiniones"],"_links":{"self":[{"href":"https:\/\/alianzanacional.com.uy\/web\/wp-json\/wp\/v2\/posts\/29877","targetHints":{"allow":["GET"]}}],"collection":[{"href":"https:\/\/alianzanacional.com.uy\/web\/wp-json\/wp\/v2\/posts"}],"about":[{"href":"https:\/\/alianzanacional.com.uy\/web\/wp-json\/wp\/v2\/types\/post"}],"author":[{"embeddable":true,"href":"https:\/\/alianzanacional.com.uy\/web\/wp-json\/wp\/v2\/users\/1"}],"replies":[{"embeddable":true,"href":"https:\/\/alianzanacional.com.uy\/web\/wp-json\/wp\/v2\/comments?post=29877"}],"version-history":[{"count":1,"href":"https:\/\/alianzanacional.com.uy\/web\/wp-json\/wp\/v2\/posts\/29877\/revisions"}],"predecessor-version":[{"id":29878,"href":"https:\/\/alianzanacional.com.uy\/web\/wp-json\/wp\/v2\/posts\/29877\/revisions\/29878"}],"wp:featuredmedia":[{"embeddable":true,"href":"https:\/\/alianzanacional.com.uy\/web\/wp-json\/wp\/v2\/media\/29334"}],"wp:attachment":[{"href":"https:\/\/alianzanacional.com.uy\/web\/wp-json\/wp\/v2\/media?parent=29877"}],"wp:term":[{"taxonomy":"category","embeddable":true,"href":"https:\/\/alianzanacional.com.uy\/web\/wp-json\/wp\/v2\/categories?post=29877"},{"taxonomy":"post_tag","embeddable":true,"href":"https:\/\/alianzanacional.com.uy\/web\/wp-json\/wp\/v2\/tags?post=29877"}],"curies":[{"name":"wp","href":"https:\/\/api.w.org\/{rel}","templated":true}]}}