{"id":29904,"date":"2017-07-04T11:44:23","date_gmt":"2017-07-04T14:44:23","guid":{"rendered":"http:\/\/alianzanacional.com.uy\/web\/?p=29904"},"modified":"2017-07-05T11:55:18","modified_gmt":"2017-07-05T14:55:18","slug":"delitos-de-narcotrafico-seran-inexcarcelables","status":"publish","type":"post","link":"https:\/\/alianzanacional.com.uy\/web\/delitos-de-narcotrafico-seran-inexcarcelables\/","title":{"rendered":"Delitos de narcotr\u00e1fico ser\u00e1n inexcarcelables"},"content":{"rendered":"<p><a href=\"https:\/\/alianzanacional.com.uy\/web\/wp-content\/uploads\/2017\/07\/353775_20170703093513_348780-20170310114304-pablo-abdala.jpg\"><img fetchpriority=\"high\" decoding=\"async\" src=\"https:\/\/alianzanacional.com.uy\/web\/wp-content\/uploads\/2017\/07\/353775_20170703093513_348780-20170310114304-pablo-abdala.jpg\" alt=\"\" width=\"658\" height=\"407\" class=\"alignnone size-full wp-image-29905\" srcset=\"https:\/\/alianzanacional.com.uy\/web\/wp-content\/uploads\/2017\/07\/353775_20170703093513_348780-20170310114304-pablo-abdala.jpg 658w, https:\/\/alianzanacional.com.uy\/web\/wp-content\/uploads\/2017\/07\/353775_20170703093513_348780-20170310114304-pablo-abdala-400x247.jpg 400w\" sizes=\"(max-width: 658px) 100vw, 658px\" \/><\/a><\/p>\n<p>La C\u00e1mara de Diputados sancionar\u00e1 este martes un proyecto de ley que aumenta las penas para los delitos asociados con el narcotr\u00e1fico. El proyecto es fruto de las reuniones multipartidarias realizadas el a\u00f1o pasado, a iniciativa del presidente Tabar\u00e9 V\u00e1zquez.<\/p>\n<p>Pablo Abdala, diputado del Partido Nacional, integrante de esos encuentros, dijo a La Ma\u00f1ana de El Espectador que hubiese preferido que la respuesta legislativa fuera m\u00e1s presurosa de lo que finalmente habr\u00e1 de acontecer.<br \/>\n\u00abHace un a\u00f1o que el di\u00e1logo en Torre Ejecutiva concluy\u00f3 y de los cuatro proyectos consensuados, todav\u00eda hay dos que est\u00e1n faltos de aprobaci\u00f3n\u00bb, agreg\u00f3 el legislador.<\/p>\n<p>\u00abHubo reticencia y renuencia entre los legisladores del FA para aprobar en el Parlamento lo que se hab\u00eda acordado entre los partidos en Presidencia\u00bb, sostuvo Abdala.<\/p>\n<p>\u00abLos acuerdos que se sellaron con el presidente V\u00e1zquez no tuvieron el correlato con la bancada oficialista\u00bb, a\u00f1adi\u00f3.<\/p>\n<p>Abdala indic\u00f3 que este proyecto resuelve dos aspectos: primero crea una comisi\u00f3n nacional de lucha contra el narcotr\u00e1fico y en la parte penal, propone que todas las figuras delictivas vinculadas al narcotr\u00e1fico sean inexcarcelables.<\/p>\n<p>De todos modos, Abdala reconoci\u00f3 que \u00ablas leyes penales no tienen efectos m\u00e1gicos\u00bb sobre la realidad.<\/p>\n<div class=\"wp-playlist wp-audio-playlist wp-playlist-light\">\n\t\t\t<div class=\"wp-playlist-current-item\"><\/div>\n\t\t<audio controls=\"controls\" preload=\"none\" width=\"778\"\n\t\t\t><\/audio>\n\t<div class=\"wp-playlist-next\"><\/div>\n\t<div class=\"wp-playlist-prev\"><\/div>\n\t<noscript>\n\t<ol>\n\t\t<li><a href='https:\/\/alianzanacional.com.uy\/web\/wp-content\/uploads\/2017\/07\/escuche-el-audio-aqui.mp3'>escuche-el-audio-aqui<\/a><\/li>\t<\/ol>\n\t<\/noscript>\n\t<script type=\"application\/json\" class=\"wp-playlist-script\">{\"type\":\"audio\",\"tracklist\":true,\"tracknumbers\":true,\"images\":true,\"artists\":true,\"tracks\":[{\"src\":\"https:\/\/alianzanacional.com.uy\/web\/wp-content\/uploads\/2017\/07\/escuche-el-audio-aqui.mp3\",\"type\":\"audio\/mpeg\",\"title\":\"escuche-el-audio-aqui\",\"caption\":\"\",\"description\":\"\\\"escuche-el-audio-aqui\\\". G\\u00e9nero: Blues.\",\"meta\":{\"genre\":\"Blues\",\"length_formatted\":\"8:51\"},\"image\":{\"src\":\"https:\/\/alianzanacional.com.uy\/web\/wp-includes\/images\/media\/audio.svg\",\"width\":48,\"height\":64},\"thumb\":{\"src\":\"https:\/\/alianzanacional.com.uy\/web\/wp-includes\/images\/media\/audio.svg\",\"width\":48,\"height\":64}}]}<\/script>\n<\/div>\n\t\n<p>Fuente: El espectador<\/p>\n","protected":false},"excerpt":{"rendered":"<p>La C\u00e1mara de Diputados sancionar\u00e1 este martes un proyecto de ley que aumenta las penas para los delitos asociados con el narcotr\u00e1fico. El proyecto es fruto de las reuniones multipartidarias realizadas el a\u00f1o pasado, a iniciativa del presidente Tabar\u00e9 V\u00e1zquez. Pablo Abdala, diputado del Partido Nacional, integrante de esos encuentros, dijo a La Ma\u00f1ana de [&hellip;]<\/p>\n","protected":false},"author":1,"featured_media":29905,"comment_status":"open","ping_status":"open","sticky":false,"template":"","format":"standard","meta":{"footnotes":""},"categories":[163],"tags":[],"class_list":["post-29904","post","type-post","status-publish","format-standard","has-post-thumbnail","hentry","category-entrevistas"],"_links":{"self":[{"href":"https:\/\/alianzanacional.com.uy\/web\/wp-json\/wp\/v2\/posts\/29904","targetHints":{"allow":["GET"]}}],"collection":[{"href":"https:\/\/alianzanacional.com.uy\/web\/wp-json\/wp\/v2\/posts"}],"about":[{"href":"https:\/\/alianzanacional.com.uy\/web\/wp-json\/wp\/v2\/types\/post"}],"author":[{"embeddable":true,"href":"https:\/\/alianzanacional.com.uy\/web\/wp-json\/wp\/v2\/users\/1"}],"replies":[{"embeddable":true,"href":"https:\/\/alianzanacional.com.uy\/web\/wp-json\/wp\/v2\/comments?post=29904"}],"version-history":[{"count":1,"href":"https:\/\/alianzanacional.com.uy\/web\/wp-json\/wp\/v2\/posts\/29904\/revisions"}],"predecessor-version":[{"id":29907,"href":"https:\/\/alianzanacional.com.uy\/web\/wp-json\/wp\/v2\/posts\/29904\/revisions\/29907"}],"wp:featuredmedia":[{"embeddable":true,"href":"https:\/\/alianzanacional.com.uy\/web\/wp-json\/wp\/v2\/media\/29905"}],"wp:attachment":[{"href":"https:\/\/alianzanacional.com.uy\/web\/wp-json\/wp\/v2\/media?parent=29904"}],"wp:term":[{"taxonomy":"category","embeddable":true,"href":"https:\/\/alianzanacional.com.uy\/web\/wp-json\/wp\/v2\/categories?post=29904"},{"taxonomy":"post_tag","embeddable":true,"href":"https:\/\/alianzanacional.com.uy\/web\/wp-json\/wp\/v2\/tags?post=29904"}],"curies":[{"name":"wp","href":"https:\/\/api.w.org\/{rel}","templated":true}]}}