{"id":29911,"date":"2017-07-04T11:00:29","date_gmt":"2017-07-04T14:00:29","guid":{"rendered":"http:\/\/alianzanacional.com.uy\/web\/?p=29911"},"modified":"2017-07-05T12:23:41","modified_gmt":"2017-07-05T15:23:41","slug":"anuncios-del-gobierno-que-en-realidad-no-sirven-para-nada","status":"publish","type":"post","link":"https:\/\/alianzanacional.com.uy\/web\/anuncios-del-gobierno-que-en-realidad-no-sirven-para-nada\/","title":{"rendered":"Anuncios del gobierno que en realidad no sirven para nada."},"content":{"rendered":"<p><a href=\"https:\/\/alianzanacional.com.uy\/web\/wp-content\/uploads\/2017\/07\/5dea34_2a607e361a3845a5b028598b4c3a4c19-mv2_d_4496_3000_s_4_2.jpg\"><img fetchpriority=\"high\" decoding=\"async\" src=\"https:\/\/alianzanacional.com.uy\/web\/wp-content\/uploads\/2017\/07\/5dea34_2a607e361a3845a5b028598b4c3a4c19-mv2_d_4496_3000_s_4_2.jpg\" alt=\"\" width=\"4496\" height=\"3000\" class=\"alignnone size-full wp-image-29912\" \/><\/a><\/p>\n<p>Es incuestionable que toda la cadena del sector productivo nacional est\u00e1 sufriendo una fuerte crisis que repercute en todo el pa\u00eds y se hace absolutamente necesario tomar medidas que reviertan la situaci\u00f3n o en su defecto operen de paliativos y den respiro a todos los afectados.<\/p>\n<p>Lamentablemente el gobierno nacional no parece entender la gravedad de los tiempos que estamos viviendo, o s\u00ed la entiende, pero no hace lo suficiente para mejorar, apenas si lanza mensajes efectistas, que se transforman en titulares de prensa pero que en realidad no sirven para nada.<\/p>\n<p>Ocurri\u00f3 con el anuncio realizado por el propio presidente Dr. Tabar\u00e9 V\u00e1zquez en el Consejo de Ministros realizado a comienzos de mayo en Cardal (Florida), lugar emblem\u00e1tico de la lecher\u00eda nacional, referente a la baja en la factura de UTE del 15 %, y ocurre ahora con la rebaja del gasoil.<\/p>\n<p>En Cardal, record\u00e9moslo, V\u00e1zquez hizo tres reconocimientos que son fundamentales: primero que la lecher\u00eda ha tomado cr\u00e9ditos y ha cumplido teniendo una morosidad muy baja; segundo que es un sector estrat\u00e9gico para el pa\u00eds, y tercero que est\u00e1 en crisis desde hace a\u00f1os. Tres premisas fundamentales que debieron ser suficientes para operar un cambio decidido capaz de recomponer todo el terreno perdido por largos a\u00f1os de dificultades. Sin embargo entre los anuncios del Dr. V\u00e1zquez el que m\u00e1s impact\u00f3 fue la rebaja en la factura de UTE que period\u00edsticamente tuvo una repercusi\u00f3n fenomenal pero que no sirvi\u00f3 ni sirve para impulsar al sector por lo irrisorio de los porcentajes. Hoy todo el pa\u00eds recuerda ese 15 % menos, pero la realidad es que los tambos siguen cerrando, los trabajadores rurales siguen emigrando a las ciudades y nuestra lecher\u00eda, una de las mejores del mundo, sigue hundi\u00e9ndose.<\/p>\n<p>En cuanto a los cr\u00e9ditos que ha tomado el sector, a pesar del reconocimiento expl\u00edcito del presidente V\u00e1zquez de que el tambero se endeuda pero paga, el gobierno no ha actuado en consecuencia. Lejos de valorar esa condici\u00f3n de buenos pagadores presenta soluciones a medias ya que cuando el tambero se presenta ante el BROU con intenci\u00f3n de reperfilar su deuda se encuentra con que el banco le cambia la categor\u00eda, lo que perjudica claramente al peque\u00f1o y mediano emprendimiento que es el que mantiene a las familias en el medio rural.<\/p>\n<p>No se entiende c\u00f3mo UTE genera energ\u00eda de forma m\u00e1s barata y con capacidad de exportar, y el BROU sepa que est\u00e1 ante un sector que cumple, pero las medidas ofrecidas por el gobierno para ese sector estrat\u00e9gico del pa\u00eds no son de fondo ni implican una soluci\u00f3n seria a una realidad cada vez m\u00e1s grave.<\/p>\n<p><strong>REBAJA DEL GASO\u00cdL: OTRA TOMADURA DE PELO.<\/strong><\/p>\n<p>En otro orden se conoci\u00f3 la rebaja del gasoil que si se hiciera con seriedad ser\u00eda de gran ayuda para todas las actividades del pa\u00eds impulsando el trabajo de las f\u00e1bricas, los transportistas, el agro, etc., y repercutir\u00eda en la econom\u00eda de las familias. Pero conocidos los porcentajes de la rebaja nos damos cuenta que es otra medida efectista que no pasa de una tomadura de pelo.<\/p>\n<p>En Colonia lo recordamos bien porque fue aqu\u00ed donde el ministro de Econom\u00eda Cr. Danilo Astori anunci\u00f3 una rebaja de los combustibles. Pocos d\u00edas despu\u00e9s los diputados que integramos la Comisi\u00f3n de Ganader\u00eda nos reunimos con el secretario de Presidencia Dr. Miguel Toma y el subsecretario de Ganader\u00eda Ing. Agr. Enzo Benech y el tema estuvo presente en la conversaci\u00f3n.<\/p>\n<p>En esa oportunidad le reclamamos a ambos jerarcas que la rebaja del combustible no podr\u00eda ser de uno o dos pesos porque hay margen para realizar una baja significativa s\u00f3lo analizando dos factores: el precio internacional del petr\u00f3leo que est\u00e1 en ca\u00edda, y el valor del d\u00f3lar que est\u00e1 estable y bajo.<\/p>\n<p>Lo dijimos con claridad, si la baja del combustible fuera s\u00f3lo de unos pesos ser\u00eda una tomadura de pelo, y confiados esperamos en que el gobierno asumir\u00eda una decisi\u00f3n responsable de apuesta al trabajo y la industria nacional. Pero fue in\u00fatil y la baja anunciada fue de s\u00f3lo $ 3,34 para el gasoil que ahora cuesta $ 38,50, una rebaja totalmente insuficiente. El gobierno nos est\u00e1 tomando el pelo.<\/p>\n<p>Est\u00e1 claro que la rebaja pudo haber sido mucho mayor y que el precio final deber\u00eda ser de $ 28 adem\u00e1s de incluir las naftas, pero cuando los entes son usados como fuentes de recaudaci\u00f3n todo se hace m\u00e1s dif\u00edc\u00edl.<\/p>\n<p><strong>M\u00c1S IMPUESTOS.<\/strong><\/p>\n<p>En contraste ingres\u00f3 al Parlamento Nacional la Rendici\u00f3n de Cuentas y Balance de Ejecuci\u00f3n Presupuestal que incluye mayores impuestos. Lo anunciamos y reiteramos: no vamos a votar un s\u00f3lo impuesto m\u00e1s, para ning\u00fan sector de la sociedad. Debemos cortar con el af\u00e1n recaudador extremo del gobierno del Frente Amplio que llega a niveles nunca vistos en la historia del Uruguay.<\/p>\n<p>El pa\u00eds est\u00e1 cansado de escuchar promesas de soluciones que nunca llegan. El pa\u00eds est\u00e1 cansado de que se anuncien medidas que pueden sonar como revolucionarias pero que no sirven para nada.<\/p>\n<p>Necesitamos un gobierno proactivo, que haga cosas, que tome medidas positivas en favor de quienes trabajan, invierten, impulsan y mueven al pa\u00eds. Un gobierno as\u00ed puede contar con mi apoyo particular y con el apoyo de todo el Partido Nacional.<\/p>\n<p>Lamentablemente estamos ante un Poder Ejecutivo que s\u00f3lo atina a incrementar impuestos y esperar que el mercado internacional nos sea favorable. Esos son sus dos \u00fanicos actos reflejos. Pero cuando se da una coyuntura internacional positiva como ahora el petr\u00f3leo, el gobierno no transfieren esos beneficios en favor de la poblaci\u00f3n sino que los usa en su recaudaci\u00f3n, y as\u00ed no hay pa\u00eds que aguante.<\/p>\n<p>Edmundo Roselli<\/p>\n","protected":false},"excerpt":{"rendered":"<p>Es incuestionable que toda la cadena del sector productivo nacional est\u00e1 sufriendo una fuerte crisis que repercute en todo el pa\u00eds y se hace absolutamente necesario tomar medidas que reviertan la situaci\u00f3n o en su defecto operen de paliativos y den respiro a todos los afectados. Lamentablemente el gobierno nacional no parece entender la gravedad [&hellip;]<\/p>\n","protected":false},"author":1,"featured_media":29912,"comment_status":"open","ping_status":"open","sticky":false,"template":"","format":"standard","meta":{"footnotes":""},"categories":[17],"tags":[],"class_list":["post-29911","post","type-post","status-publish","format-standard","has-post-thumbnail","hentry","category-columna"],"_links":{"self":[{"href":"https:\/\/alianzanacional.com.uy\/web\/wp-json\/wp\/v2\/posts\/29911","targetHints":{"allow":["GET"]}}],"collection":[{"href":"https:\/\/alianzanacional.com.uy\/web\/wp-json\/wp\/v2\/posts"}],"about":[{"href":"https:\/\/alianzanacional.com.uy\/web\/wp-json\/wp\/v2\/types\/post"}],"author":[{"embeddable":true,"href":"https:\/\/alianzanacional.com.uy\/web\/wp-json\/wp\/v2\/users\/1"}],"replies":[{"embeddable":true,"href":"https:\/\/alianzanacional.com.uy\/web\/wp-json\/wp\/v2\/comments?post=29911"}],"version-history":[{"count":3,"href":"https:\/\/alianzanacional.com.uy\/web\/wp-json\/wp\/v2\/posts\/29911\/revisions"}],"predecessor-version":[{"id":29915,"href":"https:\/\/alianzanacional.com.uy\/web\/wp-json\/wp\/v2\/posts\/29911\/revisions\/29915"}],"wp:featuredmedia":[{"embeddable":true,"href":"https:\/\/alianzanacional.com.uy\/web\/wp-json\/wp\/v2\/media\/29912"}],"wp:attachment":[{"href":"https:\/\/alianzanacional.com.uy\/web\/wp-json\/wp\/v2\/media?parent=29911"}],"wp:term":[{"taxonomy":"category","embeddable":true,"href":"https:\/\/alianzanacional.com.uy\/web\/wp-json\/wp\/v2\/categories?post=29911"},{"taxonomy":"post_tag","embeddable":true,"href":"https:\/\/alianzanacional.com.uy\/web\/wp-json\/wp\/v2\/tags?post=29911"}],"curies":[{"name":"wp","href":"https:\/\/api.w.org\/{rel}","templated":true}]}}