{"id":29922,"date":"2017-07-07T09:47:59","date_gmt":"2017-07-07T12:47:59","guid":{"rendered":"http:\/\/alianzanacional.com.uy\/web\/?p=29922"},"modified":"2017-07-07T13:01:14","modified_gmt":"2017-07-07T16:01:14","slug":"montevideo-edil-barrios-bove-dice-que-martinez-recorto-26-la-inversion","status":"publish","type":"post","link":"https:\/\/alianzanacional.com.uy\/web\/montevideo-edil-barrios-bove-dice-que-martinez-recorto-26-la-inversion\/","title":{"rendered":"Montevideo: Edil Barrios Bove dice que Mart\u00ednez recort\u00f3 26% la inversi\u00f3n"},"content":{"rendered":"<p><a href=\"https:\/\/alianzanacional.com.uy\/web\/wp-content\/uploads\/2017\/07\/595ec5c034ec1.jpg\"><img fetchpriority=\"high\" decoding=\"async\" src=\"https:\/\/alianzanacional.com.uy\/web\/wp-content\/uploads\/2017\/07\/595ec5c034ec1.jpg\" alt=\"\" width=\"616\" height=\"376\" class=\"alignnone size-full wp-image-29923\" srcset=\"https:\/\/alianzanacional.com.uy\/web\/wp-content\/uploads\/2017\/07\/595ec5c034ec1.jpg 616w, https:\/\/alianzanacional.com.uy\/web\/wp-content\/uploads\/2017\/07\/595ec5c034ec1-400x244.jpg 400w, https:\/\/alianzanacional.com.uy\/web\/wp-content\/uploads\/2017\/07\/595ec5c034ec1-270x164.jpg 270w\" sizes=\"(max-width: 616px) 100vw, 616px\" \/><\/a><\/p>\n<p>T\u00e9cnicos del sector Alianza Nacional del Partido Nacional estudiaron los n\u00fameros de la Rendici\u00f3n de Cuentas de la Intendencia, ingresada esta semana a la Junta Departamental, y arribaron a la conclusi\u00f3n de que el super\u00e1vit de unos $ 1.100 millones que hubo durante el ejercicio 2016 se debi\u00f3 a un recorte de las inversiones y a una mayor recaudaci\u00f3n.<\/p>\n<p>\u00abHubo un recorte de un 26% en las inversiones, en comparaci\u00f3n con las realizadas en el ejercicio 2015. En este caso, solamente el ahorro fue de $ 704 millones a moneda constante. O sea: menos bacheo, menos alumbrado, menos recolecci\u00f3n de residuos, menos obras\u00bb, declar\u00f3 el edil Javier Barrios Bove.<\/p>\n<p>\u00abEsto es como si yo en mi casa debo hacer el ba\u00f1o porque tengo los ca\u00f1os rotos y tengo el dinero, pero igual lo dejo para m\u00e1s adelante, para el a\u00f1o que viene. As\u00ed siempre voy a ahorrar, pero dejo las obras impostergables sin hacer\u00bb, agreg\u00f3.<\/p>\n<p>Seg\u00fan el edil de Alianza Nacional, el intendente Daniel Mart\u00ednez \u00abno ha cambiado el modelo de gesti\u00f3n\u00bb.<\/p>\n<p>\u00abEl super\u00e1vit logrado por la administraci\u00f3n no es como consecuencia de un cambio o mejora de gesti\u00f3n, sino debido a una mayor recaudaci\u00f3n de la originalmente prevista ($ 566 millones), que seg\u00fan las propias palabras del director de Recursos Financieros, Juan Voelker, b\u00e1sicamente se debe al mayor empadronamiento de veh\u00edculos\u00bb, indic\u00f3.<\/p>\n<p><strong>Fondo Capital.<\/strong><br \/>\nOtro n\u00famero tambi\u00e9n vinculado a las inversiones, que arroja esta Rendici\u00f3n de Cuentas, tiene que ver con el Fondo Capital.<\/p>\n<p>\u00abEn 2016, se gastaron m\u00e1s de $ 37 millones, o sea m\u00e1s de US$ 1,2 millones, sin que se iniciara a la fecha ni una de las obras previstas\u00bb, sostuvo el edil Barrios Bove.<\/p>\n<p>\u00abPara 2018, las autoridades estiman que la recaudaci\u00f3n de la comuna aumentar\u00e1 m\u00e1s de $ 900 millones, y solicitan a la Junta que autorice inversiones por m\u00e1s de $ 3.300 millones, pero como lo ocurrido en 2016, esto no quiere decir que se vaya a ejecutar todo lo autorizado. Pasando en limpio, seguro en 2018 la Intendencia va a seguir recaudando cada d\u00eda m\u00e1s. Ahora, si utiliza el criterio de 2016, no estamos seguros que realice todas las inversiones que tiene comprometidas\u00bb, agreg\u00f3 el legislador nacionalista.<\/p>\n<p>Por \u00faltimo, Barrios Bove sostuvo que \u00abcon lo que piden que se autorice a gastar en 2018 en inversiones, reci\u00e9n estar\u00edan llegando a los niveles de inversi\u00f3n de 2014, a valores actualizados. O sea que se ahorra en 2015 y 2016 para empezar a gastar despu\u00e9s; cuanto m\u00e1s cerca de la elecci\u00f3n, mejor\u00bb.<\/p>\n<p>Fuente: El Pa\u00eds<\/p>\n","protected":false},"excerpt":{"rendered":"<p>T\u00e9cnicos del sector Alianza Nacional del Partido Nacional estudiaron los n\u00fameros de la Rendici\u00f3n de Cuentas de la Intendencia, ingresada esta semana a la Junta Departamental, y arribaron a la conclusi\u00f3n de que el super\u00e1vit de unos $ 1.100 millones que hubo durante el ejercicio 2016 se debi\u00f3 a un recorte de las inversiones y [&hellip;]<\/p>\n","protected":false},"author":1,"featured_media":29923,"comment_status":"open","ping_status":"open","sticky":false,"template":"","format":"standard","meta":{"footnotes":""},"categories":[232],"tags":[],"class_list":["post-29922","post","type-post","status-publish","format-standard","has-post-thumbnail","hentry","category-departamentales"],"_links":{"self":[{"href":"https:\/\/alianzanacional.com.uy\/web\/wp-json\/wp\/v2\/posts\/29922","targetHints":{"allow":["GET"]}}],"collection":[{"href":"https:\/\/alianzanacional.com.uy\/web\/wp-json\/wp\/v2\/posts"}],"about":[{"href":"https:\/\/alianzanacional.com.uy\/web\/wp-json\/wp\/v2\/types\/post"}],"author":[{"embeddable":true,"href":"https:\/\/alianzanacional.com.uy\/web\/wp-json\/wp\/v2\/users\/1"}],"replies":[{"embeddable":true,"href":"https:\/\/alianzanacional.com.uy\/web\/wp-json\/wp\/v2\/comments?post=29922"}],"version-history":[{"count":1,"href":"https:\/\/alianzanacional.com.uy\/web\/wp-json\/wp\/v2\/posts\/29922\/revisions"}],"predecessor-version":[{"id":29924,"href":"https:\/\/alianzanacional.com.uy\/web\/wp-json\/wp\/v2\/posts\/29922\/revisions\/29924"}],"wp:featuredmedia":[{"embeddable":true,"href":"https:\/\/alianzanacional.com.uy\/web\/wp-json\/wp\/v2\/media\/29923"}],"wp:attachment":[{"href":"https:\/\/alianzanacional.com.uy\/web\/wp-json\/wp\/v2\/media?parent=29922"}],"wp:term":[{"taxonomy":"category","embeddable":true,"href":"https:\/\/alianzanacional.com.uy\/web\/wp-json\/wp\/v2\/categories?post=29922"},{"taxonomy":"post_tag","embeddable":true,"href":"https:\/\/alianzanacional.com.uy\/web\/wp-json\/wp\/v2\/tags?post=29922"}],"curies":[{"name":"wp","href":"https:\/\/api.w.org\/{rel}","templated":true}]}}