{"id":29927,"date":"2017-07-07T10:54:31","date_gmt":"2017-07-07T13:54:31","guid":{"rendered":"http:\/\/alianzanacional.com.uy\/web\/?p=29927"},"modified":"2017-07-07T12:58:47","modified_gmt":"2017-07-07T15:58:47","slug":"w-a-ezquerra-solicito-informes-por-perforacion-petrolifera-en-cerro-padilla","status":"publish","type":"post","link":"https:\/\/alianzanacional.com.uy\/web\/w-a-ezquerra-solicito-informes-por-perforacion-petrolifera-en-cerro-padilla\/","title":{"rendered":"W. A. Ezquerra solicit\u00f3 informes por perforaci\u00f3n petrol\u00edfera en Cerro Padilla"},"content":{"rendered":"<p><a href=\"https:\/\/alianzanacional.com.uy\/web\/wp-content\/uploads\/2015\/08\/15.02.15-Dip.-W.-Ezquerra-2.jpg\"><img fetchpriority=\"high\" decoding=\"async\" src=\"https:\/\/alianzanacional.com.uy\/web\/wp-content\/uploads\/2015\/08\/15.02.15-Dip.-W.-Ezquerra-2-700x467.jpg\" alt=\"\" width=\"620\" height=\"414\" class=\"alignnone size-large wp-image-27344\" srcset=\"https:\/\/alianzanacional.com.uy\/web\/wp-content\/uploads\/2015\/08\/15.02.15-Dip.-W.-Ezquerra-2-700x467.jpg 700w, https:\/\/alianzanacional.com.uy\/web\/wp-content\/uploads\/2015\/08\/15.02.15-Dip.-W.-Ezquerra-2-400x267.jpg 400w, https:\/\/alianzanacional.com.uy\/web\/wp-content\/uploads\/2015\/08\/15.02.15-Dip.-W.-Ezquerra-2.jpg 1280w\" sizes=\"(max-width: 620px) 100vw, 620px\" \/><\/a><\/p>\n<p>El diputado por Tacuaremb\u00f3 present\u00f3 un Pedido de informes por situaci\u00f3n de perforaci\u00f3n petrol\u00edfera en Cerro Padilla <\/p>\n<p>Sr. Presidente de la C\u00e1mara de Representantes.<br \/>\nJos\u00e9 Carlos Mah\u00eda.<\/p>\n<p>En ejercicio de la facultad que me confiere el art\u00edculo 118\u00b0 de la Constituci\u00f3n de la Rep\u00fablica, solicito tenga a bien remitir el siguiente pedido de informes al Ministerio de Vivienda, Ordenamiento Territorial y Medio Ambiente, y por su intermedio Direcci\u00f3n Nacional de Medio Ambiente y a la Direcci\u00f3n Nacional de Miner\u00eda y Geolog\u00eda.<br \/>\nEn virtud que la empresa Schuepbach Energy Uruguay S.R.L tiene la autorizaci\u00f3n ambiental para realizar operaciones como objeto la b\u00fasqueda de hidrocarburos en los bloques Piedra Sola y Salto, que comprenden cuatro perforaciones, ubicadas en los departamentos de Tacuaremb\u00f3, Paysand\u00fa y Salto.<br \/>\nEn consideraci\u00f3n a los planteos e inquietudes realizadas por vecinos de las zonas de influencia a las perforaciones proyectadas, puntualmente de lugare\u00f1os de las zonas de Corrales de Paysand\u00fa, Villa Tambores, Piedra Sola y Tacuaremb\u00f3 con relaci\u00f3n al estado de los recursos h\u00eddricos, previo al inicio de operaciones exploratorias.<br \/>\nAs\u00ed mismo en lo que guarda relaci\u00f3n con el uso de dispositivos radioactivos y productos qu\u00edmicos en el proceso exploratorio; como adem\u00e1s del tratamiento y posterior dep\u00f3sito de los lodos resultantes de dichas perforaciones, solicito se me remita el siguiente pedido de informes.<\/p>\n<p>1 \u2013 \u00bfSe realiz\u00f3 muestreo de aguas superficiales y de los recursos h\u00eddricos confinados de la zona donde se ubica el Pozo N\u00ba 2, Cerro Padilla?<br \/>\n2 \u2013 S\u00ed se realiz\u00f3 dicho muestreo, solicito informe de laboratorio resultante de la calidad de aguas e indicaci\u00f3n de lugares de donde se precedi\u00f3 a la toma de muestra y fecha de los mismos.<br \/>\n3 \u2013 \u00bfLa operadora Schuepbach Energy Uruguay ha informado sobre el uso de radiois\u00f3topos o radiaciones ionizantes en las actividades de b\u00fasqueda de hidrocarburos?<br \/>\n4 \u2013 S\u00ed es as\u00ed, \u00bfQu\u00e9 protocolo de actuaci\u00f3n se aplica ante un accidente con el dispositivo radioactivo?<br \/>\n5 &#8211; \u00bfQu\u00e9 productos qu\u00edmicos fueron autorizados a usarse para las tareas de perforaci\u00f3n?<br \/>\n6 \u2013 Solicitamos el detalle total de los productos qu\u00edmicos importados para tales labores exploratorias.<br \/>\n7 &#8211; \u00bfCu\u00e1l ser\u00e1 el tratamiento y posterior dep\u00f3sito de los lodos residuales resultantes de las tareas de perforaci\u00f3n?<\/p>\n<p>Saluda muy atentamente.<br \/>\nWilson Aparicio Ezquerra.<br \/>\nRepresentante Nacional por Tacuaremb\u00f3<\/p>\n","protected":false},"excerpt":{"rendered":"<p>El diputado por Tacuaremb\u00f3 present\u00f3 un Pedido de informes por situaci\u00f3n de perforaci\u00f3n petrol\u00edfera en Cerro Padilla Sr. Presidente de la C\u00e1mara de Representantes. Jos\u00e9 Carlos Mah\u00eda. En ejercicio de la facultad que me confiere el art\u00edculo 118\u00b0 de la Constituci\u00f3n de la Rep\u00fablica, solicito tenga a bien remitir el siguiente pedido de informes al [&hellip;]<\/p>\n","protected":false},"author":1,"featured_media":27344,"comment_status":"open","ping_status":"open","sticky":false,"template":"","format":"standard","meta":{"footnotes":""},"categories":[164],"tags":[],"class_list":["post-29927","post","type-post","status-publish","format-standard","has-post-thumbnail","hentry","category-legislativas"],"_links":{"self":[{"href":"https:\/\/alianzanacional.com.uy\/web\/wp-json\/wp\/v2\/posts\/29927","targetHints":{"allow":["GET"]}}],"collection":[{"href":"https:\/\/alianzanacional.com.uy\/web\/wp-json\/wp\/v2\/posts"}],"about":[{"href":"https:\/\/alianzanacional.com.uy\/web\/wp-json\/wp\/v2\/types\/post"}],"author":[{"embeddable":true,"href":"https:\/\/alianzanacional.com.uy\/web\/wp-json\/wp\/v2\/users\/1"}],"replies":[{"embeddable":true,"href":"https:\/\/alianzanacional.com.uy\/web\/wp-json\/wp\/v2\/comments?post=29927"}],"version-history":[{"count":1,"href":"https:\/\/alianzanacional.com.uy\/web\/wp-json\/wp\/v2\/posts\/29927\/revisions"}],"predecessor-version":[{"id":29928,"href":"https:\/\/alianzanacional.com.uy\/web\/wp-json\/wp\/v2\/posts\/29927\/revisions\/29928"}],"wp:featuredmedia":[{"embeddable":true,"href":"https:\/\/alianzanacional.com.uy\/web\/wp-json\/wp\/v2\/media\/27344"}],"wp:attachment":[{"href":"https:\/\/alianzanacional.com.uy\/web\/wp-json\/wp\/v2\/media?parent=29927"}],"wp:term":[{"taxonomy":"category","embeddable":true,"href":"https:\/\/alianzanacional.com.uy\/web\/wp-json\/wp\/v2\/categories?post=29927"},{"taxonomy":"post_tag","embeddable":true,"href":"https:\/\/alianzanacional.com.uy\/web\/wp-json\/wp\/v2\/tags?post=29927"}],"curies":[{"name":"wp","href":"https:\/\/api.w.org\/{rel}","templated":true}]}}