{"id":29933,"date":"2017-07-15T14:05:29","date_gmt":"2017-07-15T17:05:29","guid":{"rendered":"http:\/\/alianzanacional.com.uy\/web\/?p=29933"},"modified":"2017-07-15T14:08:28","modified_gmt":"2017-07-15T17:08:28","slug":"emergencia-laboral-y-falta-de-reflejos-del-intendente-advierte-el-diputado-olivera","status":"publish","type":"post","link":"https:\/\/alianzanacional.com.uy\/web\/emergencia-laboral-y-falta-de-reflejos-del-intendente-advierte-el-diputado-olivera\/","title":{"rendered":"\u201cEmergencia laboral\u201d y \u201cfalta de reflejos\u201d del intendente advierte el diputado Olivera"},"content":{"rendered":"<p><a href=\"https:\/\/alianzanacional.com.uy\/web\/wp-content\/uploads\/2017\/07\/h43764-678x380.jpg\"><img fetchpriority=\"high\" decoding=\"async\" src=\"https:\/\/alianzanacional.com.uy\/web\/wp-content\/uploads\/2017\/07\/h43764-678x380.jpg\" alt=\"\" width=\"678\" height=\"380\" class=\"alignnone size-full wp-image-29934\" srcset=\"https:\/\/alianzanacional.com.uy\/web\/wp-content\/uploads\/2017\/07\/h43764-678x380.jpg 678w, https:\/\/alianzanacional.com.uy\/web\/wp-content\/uploads\/2017\/07\/h43764-678x380-400x224.jpg 400w\" sizes=\"(max-width: 678px) 100vw, 678px\" \/><\/a><\/p>\n<p>\u201cA nivel departamental, al menos en este territorio, que es el que represento, la situaci\u00f3n que se atraviesa a nivel laboral es mala y va camino a ser peor. Se hace imprescindible tomar medidas urgentes, y en este camino no lo veo a quien deber\u00eda encabezar el movimiento, que es el intendente departamental\u201d, dijo el diputado Nicol\u00e1s Olivera.<br \/>\n\u201cLo digo, porque puedo afirmarlo. Porque el 5 de agosto de 2015 present\u00e9 una exposici\u00f3n en la C\u00e1mara de Diputados en la que ped\u00ed declarar en emergencia laboral al departamento. Comenzaba a instalarse la emergencia y ve\u00edamos claramente que la situaci\u00f3n se iba a profundizar. Compartimos la inquietud con los otros dos diputados por el departamento, para ver si quer\u00edan acompa\u00f1arme. Ninguno quiso, sus razones habr\u00e1n tenido\u201d, agreg\u00f3. \u201cPero no se puede negar que hoy el desempleo, el subempleo y la informalidad crecen sin pausa en Paysand\u00fa\u201d.<br \/>\n\u201cY no lo veo al intendente departamental preocupado por esto, trabajando desde su primer lugar, porque el empleo es el desarrollo de Paysand\u00fa, no puede pensarse diferente\u201d, subray\u00f3. \u201cNo hay una pol\u00edtica activa de b\u00fasqueda de inversiones o capitales privados. Pasaron dos a\u00f1os, como ejemplo lo digo, para que se hiciera realidad la firma por el hotel en Guaviy\u00fa, cuando estaban identificados los inversores, hab\u00eda un compromiso firmado. En fin, a este intendente lo veo falto de reflejos.\u201d<\/p>\n<p><strong>SIN COMPRAS A PROVEEDORES SANDUCEROS<\/strong><\/p>\n<p>Olivera, adem\u00e1s, subray\u00f3 \u201cel des\u00e1nimo\u201d que siente por \u201clas gestiones ante la cadena de supermercados TaTa, que hoy tiene el monopolio de grandes superficies en la ciudad de Paysand\u00fa, para que en su l\u00ednea de productos mirara m\u00e1s al departamento, m\u00e1s all\u00e1 de su sistema log\u00edstico nacional, para que no solamente se lleve dinero de aqu\u00ed, sino que tambi\u00e9n lo vuelque, haga una devoluci\u00f3n. Habl\u00e9 con el gerente general, me dio su palabra que ese era el concepto de la empresa y que as\u00ed iba a hacer, pero ha ocurrido en realidad todo lo contrario\u201d.<\/p>\n<p>\u201cUna panader\u00eda abastec\u00eda de productos a todos los locales, pero resuelta que ahora viene pan congelado de Montevideo y eso es lo que le venden a los sanduceros. Eso signific\u00f3 que 20 personas pasaran a seguro por desempleo en esa panader\u00eda de Paysand\u00fa. Algo similar pas\u00f3 con frutas y verduras, que ya no son distribuidas por una empresa sanducera, sino que vienen de Montevideo. Tambi\u00e9n ah\u00ed hubo p\u00e9rdida de trabajo\u201d, explic\u00f3 Olivera.<br \/>\n\u201cConmigo la empresa \u2013a trav\u00e9s nada menos que de su gerente general\u2013 hab\u00eda asumido un compromiso, el de hacer un esfuerzo real y concreto para apoyar a los proveedores locales. Pero terminaron dando contramarchas y haciendo lo contrario\u201d, subray\u00f3.<\/p>\n<p>Fuente: El Tel\u00e9grafo<\/p>\n","protected":false},"excerpt":{"rendered":"<p>\u201cA nivel departamental, al menos en este territorio, que es el que represento, la situaci\u00f3n que se atraviesa a nivel laboral es mala y va camino a ser peor. Se hace imprescindible tomar medidas urgentes, y en este camino no lo veo a quien deber\u00eda encabezar el movimiento, que es el intendente departamental\u201d, dijo el [&hellip;]<\/p>\n","protected":false},"author":1,"featured_media":29934,"comment_status":"open","ping_status":"open","sticky":false,"template":"","format":"standard","meta":{"footnotes":""},"categories":[232],"tags":[],"class_list":["post-29933","post","type-post","status-publish","format-standard","has-post-thumbnail","hentry","category-departamentales"],"_links":{"self":[{"href":"https:\/\/alianzanacional.com.uy\/web\/wp-json\/wp\/v2\/posts\/29933","targetHints":{"allow":["GET"]}}],"collection":[{"href":"https:\/\/alianzanacional.com.uy\/web\/wp-json\/wp\/v2\/posts"}],"about":[{"href":"https:\/\/alianzanacional.com.uy\/web\/wp-json\/wp\/v2\/types\/post"}],"author":[{"embeddable":true,"href":"https:\/\/alianzanacional.com.uy\/web\/wp-json\/wp\/v2\/users\/1"}],"replies":[{"embeddable":true,"href":"https:\/\/alianzanacional.com.uy\/web\/wp-json\/wp\/v2\/comments?post=29933"}],"version-history":[{"count":1,"href":"https:\/\/alianzanacional.com.uy\/web\/wp-json\/wp\/v2\/posts\/29933\/revisions"}],"predecessor-version":[{"id":29935,"href":"https:\/\/alianzanacional.com.uy\/web\/wp-json\/wp\/v2\/posts\/29933\/revisions\/29935"}],"wp:featuredmedia":[{"embeddable":true,"href":"https:\/\/alianzanacional.com.uy\/web\/wp-json\/wp\/v2\/media\/29934"}],"wp:attachment":[{"href":"https:\/\/alianzanacional.com.uy\/web\/wp-json\/wp\/v2\/media?parent=29933"}],"wp:term":[{"taxonomy":"category","embeddable":true,"href":"https:\/\/alianzanacional.com.uy\/web\/wp-json\/wp\/v2\/categories?post=29933"},{"taxonomy":"post_tag","embeddable":true,"href":"https:\/\/alianzanacional.com.uy\/web\/wp-json\/wp\/v2\/tags?post=29933"}],"curies":[{"name":"wp","href":"https:\/\/api.w.org\/{rel}","templated":true}]}}