{"id":29936,"date":"2017-07-15T14:14:21","date_gmt":"2017-07-15T17:14:21","guid":{"rendered":"http:\/\/alianzanacional.com.uy\/web\/?p=29936"},"modified":"2017-07-15T14:14:21","modified_gmt":"2017-07-15T17:14:21","slug":"para-gandini-el-fondes-no-tiene-horizonte-si-no-se-cumple-con-la-ley","status":"publish","type":"post","link":"https:\/\/alianzanacional.com.uy\/web\/para-gandini-el-fondes-no-tiene-horizonte-si-no-se-cumple-con-la-ley\/","title":{"rendered":"Para Gandini el Fondes no tiene horizonte si no se cumple con la ley"},"content":{"rendered":"<p><a href=\"https:\/\/alianzanacional.com.uy\/web\/wp-content\/uploads\/2017\/07\/gandini1.jpg\"><img fetchpriority=\"high\" decoding=\"async\" src=\"https:\/\/alianzanacional.com.uy\/web\/wp-content\/uploads\/2017\/07\/gandini1-700x404.jpg\" alt=\"\" width=\"620\" height=\"358\" class=\"alignnone size-large wp-image-29937\" srcset=\"https:\/\/alianzanacional.com.uy\/web\/wp-content\/uploads\/2017\/07\/gandini1-700x404.jpg 700w, https:\/\/alianzanacional.com.uy\/web\/wp-content\/uploads\/2017\/07\/gandini1-400x231.jpg 400w, https:\/\/alianzanacional.com.uy\/web\/wp-content\/uploads\/2017\/07\/gandini1.jpg 728w\" sizes=\"(max-width: 620px) 100vw, 620px\" \/><\/a><\/p>\n<p>A solicitud del Diputado Jorge Gandini, las autoridades del FONDES-INACOOP comparecieron hoy ante la Comisi\u00f3n de Presupuestos integrada con Hacienda, que analiza la Rendici\u00f3n de Cuentas.<\/p>\n<p>Gandini explic\u00f3 que \u201ca esta nueva administraci\u00f3n, a este nuevo FONDES, la Comisi\u00f3n les dio apoyo, porque no est\u00e1n prestando a quien no deben prestarle.\u201d<br \/>\nDescribi\u00f3 que esta nueva instituci\u00f3n \u201chered\u00f3 una situaci\u00f3n muy complicada. Creo que est\u00e1n haciendo las cosas con mucha seriedad. Con poco dinero est\u00e1n enfrentando situaciones interesantes.\u201d<\/p>\n<p>Sin embargo, Gandini cree \u201cque no tienen horizonte si no se cumple con la ley. Los ingresos que proceden de los dividendos del Banco Rep\u00fablica no los van a tener, por lo menos por cuatro o cinco a\u00f1os. Por lo tanto, lo que se dice con claridad es que si se cumple con la ley que estableci\u00f3 que deb\u00edan recibir USD 30 millones cuando se cre\u00f3 este FONDES nuevo -y esa ley viene del Poder Ejecutivo y no se ha cumplido-; si se cumpliera con eso ellos no tendr\u00e1n problema de llevar el funcionamiento acorde a los planes hasta el 2020. Pero, si no se cumple con eso, van a tener muchas dificultades.\u201d<\/p>\n<p>Por este motivo, anunci\u00f3 Gandini, \u201ccuando el jueves venga el Ministerio de Econom\u00eda, la pregunta va a ser por qu\u00e9 ese Ministerio cobr\u00f3 los dividendos del Banco Rep\u00fablica en su momento y no cumpli\u00f3 con la ley de transfer\u00edrselo a este FONDES nuevo que el propio gobierno cre\u00f3. Nosotros, desde la oposici\u00f3n, lo estamos apoyando. Lo que falta es transferir USD 30 millones que no son del Ministerio de Econom\u00eda, son del FONDES, y ese es el tema cardinal.\u201d<\/p>\n","protected":false},"excerpt":{"rendered":"<p>A solicitud del Diputado Jorge Gandini, las autoridades del FONDES-INACOOP comparecieron hoy ante la Comisi\u00f3n de Presupuestos integrada con Hacienda, que analiza la Rendici\u00f3n de Cuentas. Gandini explic\u00f3 que \u201ca esta nueva administraci\u00f3n, a este nuevo FONDES, la Comisi\u00f3n les dio apoyo, porque no est\u00e1n prestando a quien no deben prestarle.\u201d Describi\u00f3 que esta nueva [&hellip;]<\/p>\n","protected":false},"author":1,"featured_media":29937,"comment_status":"open","ping_status":"open","sticky":false,"template":"","format":"standard","meta":{"footnotes":""},"categories":[164],"tags":[],"class_list":["post-29936","post","type-post","status-publish","format-standard","has-post-thumbnail","hentry","category-legislativas"],"_links":{"self":[{"href":"https:\/\/alianzanacional.com.uy\/web\/wp-json\/wp\/v2\/posts\/29936","targetHints":{"allow":["GET"]}}],"collection":[{"href":"https:\/\/alianzanacional.com.uy\/web\/wp-json\/wp\/v2\/posts"}],"about":[{"href":"https:\/\/alianzanacional.com.uy\/web\/wp-json\/wp\/v2\/types\/post"}],"author":[{"embeddable":true,"href":"https:\/\/alianzanacional.com.uy\/web\/wp-json\/wp\/v2\/users\/1"}],"replies":[{"embeddable":true,"href":"https:\/\/alianzanacional.com.uy\/web\/wp-json\/wp\/v2\/comments?post=29936"}],"version-history":[{"count":1,"href":"https:\/\/alianzanacional.com.uy\/web\/wp-json\/wp\/v2\/posts\/29936\/revisions"}],"predecessor-version":[{"id":29938,"href":"https:\/\/alianzanacional.com.uy\/web\/wp-json\/wp\/v2\/posts\/29936\/revisions\/29938"}],"wp:featuredmedia":[{"embeddable":true,"href":"https:\/\/alianzanacional.com.uy\/web\/wp-json\/wp\/v2\/media\/29937"}],"wp:attachment":[{"href":"https:\/\/alianzanacional.com.uy\/web\/wp-json\/wp\/v2\/media?parent=29936"}],"wp:term":[{"taxonomy":"category","embeddable":true,"href":"https:\/\/alianzanacional.com.uy\/web\/wp-json\/wp\/v2\/categories?post=29936"},{"taxonomy":"post_tag","embeddable":true,"href":"https:\/\/alianzanacional.com.uy\/web\/wp-json\/wp\/v2\/tags?post=29936"}],"curies":[{"name":"wp","href":"https:\/\/api.w.org\/{rel}","templated":true}]}}