{"id":29942,"date":"2017-07-15T14:24:34","date_gmt":"2017-07-15T17:24:34","guid":{"rendered":"http:\/\/alianzanacional.com.uy\/web\/?p=29942"},"modified":"2017-07-15T14:24:34","modified_gmt":"2017-07-15T17:24:34","slug":"por-la-patria-vuelve-a-nacer-para-reconquistar-uruguay","status":"publish","type":"post","link":"https:\/\/alianzanacional.com.uy\/web\/por-la-patria-vuelve-a-nacer-para-reconquistar-uruguay\/","title":{"rendered":"Por la Patria vuelve a nacer para reconquistar Uruguay."},"content":{"rendered":"<p><a href=\"https:\/\/alianzanacional.com.uy\/web\/wp-content\/uploads\/2017\/07\/5dea34_02139473900a4869a5216db9da2b821a-mv2.jpg\"><img fetchpriority=\"high\" decoding=\"async\" src=\"https:\/\/alianzanacional.com.uy\/web\/wp-content\/uploads\/2017\/07\/5dea34_02139473900a4869a5216db9da2b821a-mv2-700x525.jpg\" alt=\"\" width=\"620\" height=\"465\" class=\"alignnone size-large wp-image-29943\" srcset=\"https:\/\/alianzanacional.com.uy\/web\/wp-content\/uploads\/2017\/07\/5dea34_02139473900a4869a5216db9da2b821a-mv2-700x525.jpg 700w, https:\/\/alianzanacional.com.uy\/web\/wp-content\/uploads\/2017\/07\/5dea34_02139473900a4869a5216db9da2b821a-mv2-400x300.jpg 400w, https:\/\/alianzanacional.com.uy\/web\/wp-content\/uploads\/2017\/07\/5dea34_02139473900a4869a5216db9da2b821a-mv2-768x576.jpg 768w, https:\/\/alianzanacional.com.uy\/web\/wp-content\/uploads\/2017\/07\/5dea34_02139473900a4869a5216db9da2b821a-mv2.jpg 960w\" sizes=\"(max-width: 620px) 100vw, 620px\" \/><\/a><\/p>\n<p>Una vieja bandera ha vuelto a flamear en la reconstrucci\u00f3n de un nuevo Uruguay. El s\u00e1bado 8 de julio se concret\u00f3 la creaci\u00f3n de la agrupaci\u00f3n Por la Patria que lidera el diputado Jorge Gandini y que tengo el honor de integrar junto a Omar Lafluf (diputado de R\u00edo Negro), Carlos Mazzullo (ex intendente de Flores)  y muchos compa\u00f1eros de todo el pa\u00eds.<\/p>\n<p>Desde ahora el movimiento Por la Patria, aquella leyenda que Aparicio luci\u00f3 en cada una de sus batallas y que Wilson utiliz\u00f3 en sus luchas pol\u00edticas, recobrar\u00e1  el protagonismo que no debi\u00f3 haber perdido, y lo hace de cara a las pr\u00f3ximas elecciones, que ser\u00e1n las elecciones de la reconquista del Uruguay.<\/p>\n<p>La historia pol\u00edtica de Wilson nace aqu\u00ed en nuestra Colonia en 1958 al lograr su primer banca parlamentaria y ser electo diputado. En 1962 es reelecto pero el 5 de marzo asume como ministro de Ganader\u00eda y Agricultura. En las elecciones de 1966 Wilson pasa a ser senador desarrollando un papel protag\u00f3nico en defensa de los derechos y las libertades p\u00fablicas.<\/p>\n<p>En medio de los avatares pol\u00edticos es que en 1969 Wilson funda el movimiento nacional Por la Patria, naciendo as\u00ed una de las agrupaciones de mayor peso en los dif\u00edciles a\u00f1os previos al golpe militar, en la lucha contra la dictadura y la reconstrucci\u00f3n democr\u00e1tica a partir de 1985.<\/p>\n<p>Hay que decirlo con claridad y sin querer ignorar los esfuerzos de tantos compatriotas de todos los partidos que dieron todo y algunos su vida en defensa de la libertad: el mayor exponente contra la dictadura que tuvo Uruguay fue Wilson Ferreira que denunci\u00f3 en el mundo lo que nos estaba pasando y mantuvo vivo el esp\u00edritu de quienes permanec\u00edamos en el pa\u00eds mediante mensajes grabados que se escuchaban clandestinamente.<\/p>\n<p>Pero Wilson no fue s\u00f3lo un dem\u00f3crata cabal y enemigo de todos los totalitarismos. Esa es la historia m\u00e1s conocida, la que se cuenta con m\u00e1s frecuencia porque nos muestra su valor y coraje republicano.<\/p>\n<p>En realidad la historia de Wilson es mucho m\u00e1s rica y sus aportes al pa\u00eds siguen vigentes: creaci\u00f3n de la Oficina de Programaci\u00f3n y Pol\u00edtica Agropecuaria (OPYPA) e impulsor del Secretariado Uruguayo de la Lana y La Estanzuela (investigaci\u00f3n agropecuaria); adem\u00e1s la Comisi\u00f3n de Inversiones y Desarrollo Econ\u00f3mico (CIDE) realiz\u00f3 el primer diagn\u00f3stico general de la econom\u00eda y la sociedad  desde donde comenzaron a realizarse censos, y se crean el Banco Central, la Oficina de Planeamiento y Presupuesto (OPP) y la Oficina Nacional del Servicio Civil.<\/p>\n<p>Alimentada por toda esa historia y los aportes concretos de nuestro referente (que en realidad es mucho m\u00e1s rica de lo que se puede contar en un breve art\u00edculo) la agrupaci\u00f3n Por la Patria vuelve impulsando la ideas fundamentales del wilsonismo o, dicho de otra manera, dando al pa\u00eds lo que el pa\u00eds necesita y que no encuentra en ninguna otra oferta pol\u00edtica.<\/p>\n<p>El desaf\u00edo y la responsabilidad son enormes, exigen trabajo y esfuerzo. Pero como dijera Wilson poco antes de fallecer: \u201c\u00bfQu\u00e9 puede lograrse sin trabajo y sin esfuerzo? Nunca se ha conseguido nada de otra forma (\u2026). Esfuerzo y trabajo que traen de la mano alegr\u00eda cada vez que ese trabajo y ese esfuerzo abren camino de esperanza, y no recaen simplemente sobre las espaldas de unos pocos o muchos. Simplemente el esfuerzo tiene que estar repartido equitativamente entre todos. Y cuando ello ocurre los pa\u00edses son capaces de enormes realizaciones espirituales y materiales\u201d.<\/p>\n<p>Ese es el camino, ahora tenemos que caminar. Un Uruguay mejor nos espera.<\/p>\n<p>Edmundo Roselli.<\/p>\n","protected":false},"excerpt":{"rendered":"<p>Una vieja bandera ha vuelto a flamear en la reconstrucci\u00f3n de un nuevo Uruguay. El s\u00e1bado 8 de julio se concret\u00f3 la creaci\u00f3n de la agrupaci\u00f3n Por la Patria que lidera el diputado Jorge Gandini y que tengo el honor de integrar junto a Omar Lafluf (diputado de R\u00edo Negro), Carlos Mazzullo (ex intendente de [&hellip;]<\/p>\n","protected":false},"author":1,"featured_media":29943,"comment_status":"open","ping_status":"open","sticky":false,"template":"","format":"standard","meta":{"footnotes":""},"categories":[17],"tags":[],"class_list":["post-29942","post","type-post","status-publish","format-standard","has-post-thumbnail","hentry","category-columna"],"_links":{"self":[{"href":"https:\/\/alianzanacional.com.uy\/web\/wp-json\/wp\/v2\/posts\/29942","targetHints":{"allow":["GET"]}}],"collection":[{"href":"https:\/\/alianzanacional.com.uy\/web\/wp-json\/wp\/v2\/posts"}],"about":[{"href":"https:\/\/alianzanacional.com.uy\/web\/wp-json\/wp\/v2\/types\/post"}],"author":[{"embeddable":true,"href":"https:\/\/alianzanacional.com.uy\/web\/wp-json\/wp\/v2\/users\/1"}],"replies":[{"embeddable":true,"href":"https:\/\/alianzanacional.com.uy\/web\/wp-json\/wp\/v2\/comments?post=29942"}],"version-history":[{"count":1,"href":"https:\/\/alianzanacional.com.uy\/web\/wp-json\/wp\/v2\/posts\/29942\/revisions"}],"predecessor-version":[{"id":29944,"href":"https:\/\/alianzanacional.com.uy\/web\/wp-json\/wp\/v2\/posts\/29942\/revisions\/29944"}],"wp:featuredmedia":[{"embeddable":true,"href":"https:\/\/alianzanacional.com.uy\/web\/wp-json\/wp\/v2\/media\/29943"}],"wp:attachment":[{"href":"https:\/\/alianzanacional.com.uy\/web\/wp-json\/wp\/v2\/media?parent=29942"}],"wp:term":[{"taxonomy":"category","embeddable":true,"href":"https:\/\/alianzanacional.com.uy\/web\/wp-json\/wp\/v2\/categories?post=29942"},{"taxonomy":"post_tag","embeddable":true,"href":"https:\/\/alianzanacional.com.uy\/web\/wp-json\/wp\/v2\/tags?post=29942"}],"curies":[{"name":"wp","href":"https:\/\/api.w.org\/{rel}","templated":true}]}}