{"id":29972,"date":"2017-07-25T13:22:19","date_gmt":"2017-07-25T16:22:19","guid":{"rendered":"http:\/\/alianzanacional.com.uy\/web\/?p=29972"},"modified":"2017-07-25T14:09:58","modified_gmt":"2017-07-25T17:09:58","slug":"novales-presentara-pedido-de-informe-por-destino-de-dinero-previsto-para-obras-en-mercedes","status":"publish","type":"post","link":"https:\/\/alianzanacional.com.uy\/web\/novales-presentara-pedido-de-informe-por-destino-de-dinero-previsto-para-obras-en-mercedes\/","title":{"rendered":"Novales presentar\u00e1 pedido de informe por destino de dinero previsto para obras en Mercedes."},"content":{"rendered":"<p><a href=\"https:\/\/alianzanacional.com.uy\/web\/wp-content\/uploads\/2013\/08\/maxresdefault.jpg\"><img fetchpriority=\"high\" decoding=\"async\" class=\"alignnone size-large wp-image-21744\" src=\"https:\/\/alianzanacional.com.uy\/web\/wp-content\/uploads\/2013\/08\/maxresdefault-590x331.jpg\" alt=\"\" width=\"590\" height=\"331\" srcset=\"https:\/\/alianzanacional.com.uy\/web\/wp-content\/uploads\/2013\/08\/maxresdefault-590x331.jpg 590w, https:\/\/alianzanacional.com.uy\/web\/wp-content\/uploads\/2013\/08\/maxresdefault-300x168.jpg 300w, https:\/\/alianzanacional.com.uy\/web\/wp-content\/uploads\/2013\/08\/maxresdefault.jpg 1920w\" sizes=\"(max-width: 590px) 100vw, 590px\" \/><\/a><\/p>\n<p>El Diputado Gonzalo Novales, con fecha 23 de mayo de 2006, realiz\u00f3 en C\u00e1mara de Representantes un planteo que exhortaba a las autoridades nacionales a realizar, de forma urgente, la restauraci\u00f3n de Edificio de la Aduana de la ciudad de Mercedes.<\/p>\n<p>Con fecha 28 de junio de 2007 el Ministerio de Econom\u00eda y Finanzas le contest\u00f3 a Novales reconociendo \u201cla necesidad de que la ejecuci\u00f3n se realice antes del 31 de diciembre pr\u00f3ximo\u201d Esta informaci\u00f3n es del a\u00f1o 2007, hace casi 10 a\u00f1os. En aquel entonces el Ministerio de Econom\u00eda reconoc\u00eda lo necesario y urgente de las reparaciones y que \u201cpara una adecuada, racional y r\u00e1pida ejecuci\u00f3n es necesario trasladar las oficinas a otro edificio\u201d.<\/p>\n<p>En abril de 2008, el Diputado Novales, al no haberse dado cumplimiento en el 2007 a lo prometido, reiter\u00f3 la solicitud y, mediante un pedido de informes, exhort\u00f3 a la Cartera de Estado a proceder a la reparaci\u00f3n del edificio mercedario.<\/p>\n<p>Esta nueva solicitud tramitada en el a\u00f1o 2008 fue contestada por el entonces y actual Ministro de Econom\u00eda, Cr. Danilo Astori, (expediente 1271\/2008) informando que: \u201clas obras se iniciar\u00e1n y culminar\u00e1n en el a\u00f1o 2008, habi\u00e9ndose adjudicado la Licitaci\u00f3n por un monto de 1.874.119\u201d.<\/p>\n<p>Hoy, en el mes de julio de 2017, despu\u00e9s de diez a\u00f1os de gestiones y teniendo presente que desde el MEF se inform\u00f3 que las obras se realizar\u00edan antes de diciembre de 2007 y que se hab\u00eda realizado una licitaci\u00f3n para la realizaci\u00f3n de las mismas por $ 1.874.119, no se llev\u00f3 adelante ninguna obra en el Edificio de Aduanas de la ciudad de Mercedes.<\/p>\n<p>Frente a este incumplimiento el Diputado Novales presentar\u00e1 en C\u00e1mara de Diputados un pedido de informe con el objetivo de conocer cu\u00e1les fueron los motivos por los que no se realizaron las obras y, sobretodo, qu\u00e9 se hizo con el dinero previsto y reservado para obras en la ciudad de Mercedes.<\/p>\n<p><strong>Destacado nombramiento.<\/strong><\/p>\n<p>El Diputado sorianense Gonzalo Novales fue nombrado miembro de la Comisi\u00f3n ESPECIAL PARA LA DESIGNACI\u00d3N DE LOS INTEGRANTES DE LA INSTITUCI\u00d3N NACIONAL DE DERECHOS HUMANOS Y DEFENSOR\u00cdA DEL PUEBLO en representaci\u00f3n del Partido Nacional.<\/p>\n<p>Gonzalo Novales, quien fuera en varias oportunidades Presidente de la Comisi\u00f3n de Derechos Humanos de la C\u00e1mara de representantes, considera que las funciones que se desempe\u00f1an en la \u00f3rbita de la Instituci\u00f3n Nacional de Derechos Humanos Y Defensor\u00eda Del Pueblo son de suma importancia para dar garant\u00edas del cumplimiento de la Constituci\u00f3n y de los Derechos Humanos en nuestro Pa\u00eds.<\/p>\n","protected":false},"excerpt":{"rendered":"<p>El Diputado Gonzalo Novales, con fecha 23 de mayo de 2006, realiz\u00f3 en C\u00e1mara de Representantes un planteo que exhortaba a las autoridades nacionales a realizar, de forma urgente, la restauraci\u00f3n de Edificio de la Aduana de la ciudad de Mercedes. Con fecha 28 de junio de 2007 el Ministerio de Econom\u00eda y Finanzas le [&hellip;]<\/p>\n","protected":false},"author":1,"featured_media":21226,"comment_status":"open","ping_status":"open","sticky":false,"template":"","format":"standard","meta":{"footnotes":""},"categories":[232],"tags":[],"class_list":["post-29972","post","type-post","status-publish","format-standard","has-post-thumbnail","hentry","category-departamentales"],"_links":{"self":[{"href":"https:\/\/alianzanacional.com.uy\/web\/wp-json\/wp\/v2\/posts\/29972","targetHints":{"allow":["GET"]}}],"collection":[{"href":"https:\/\/alianzanacional.com.uy\/web\/wp-json\/wp\/v2\/posts"}],"about":[{"href":"https:\/\/alianzanacional.com.uy\/web\/wp-json\/wp\/v2\/types\/post"}],"author":[{"embeddable":true,"href":"https:\/\/alianzanacional.com.uy\/web\/wp-json\/wp\/v2\/users\/1"}],"replies":[{"embeddable":true,"href":"https:\/\/alianzanacional.com.uy\/web\/wp-json\/wp\/v2\/comments?post=29972"}],"version-history":[{"count":2,"href":"https:\/\/alianzanacional.com.uy\/web\/wp-json\/wp\/v2\/posts\/29972\/revisions"}],"predecessor-version":[{"id":29978,"href":"https:\/\/alianzanacional.com.uy\/web\/wp-json\/wp\/v2\/posts\/29972\/revisions\/29978"}],"wp:featuredmedia":[{"embeddable":true,"href":"https:\/\/alianzanacional.com.uy\/web\/wp-json\/wp\/v2\/media\/21226"}],"wp:attachment":[{"href":"https:\/\/alianzanacional.com.uy\/web\/wp-json\/wp\/v2\/media?parent=29972"}],"wp:term":[{"taxonomy":"category","embeddable":true,"href":"https:\/\/alianzanacional.com.uy\/web\/wp-json\/wp\/v2\/categories?post=29972"},{"taxonomy":"post_tag","embeddable":true,"href":"https:\/\/alianzanacional.com.uy\/web\/wp-json\/wp\/v2\/tags?post=29972"}],"curies":[{"name":"wp","href":"https:\/\/api.w.org\/{rel}","templated":true}]}}