{"id":29976,"date":"2017-07-25T11:06:59","date_gmt":"2017-07-25T14:06:59","guid":{"rendered":"http:\/\/alianzanacional.com.uy\/web\/?p=29976"},"modified":"2017-07-25T14:28:35","modified_gmt":"2017-07-25T17:28:35","slug":"w-a-ezquerra-destaco-acuerdo-para-refaccion-de-edificios-publicos-por-parte-de-intendencias","status":"publish","type":"post","link":"https:\/\/alianzanacional.com.uy\/web\/w-a-ezquerra-destaco-acuerdo-para-refaccion-de-edificios-publicos-por-parte-de-intendencias\/","title":{"rendered":"W. A. Ezquerra destac\u00f3 acuerdo para refacci\u00f3n de edificios p\u00fablicos por parte de intendencias."},"content":{"rendered":"<p><a href=\"https:\/\/alianzanacional.com.uy\/web\/wp-content\/uploads\/2015\/06\/314072_20150421173639_w-a-ezquerra.jpg\"><img fetchpriority=\"high\" decoding=\"async\" class=\"alignnone size-full wp-image-25991\" src=\"https:\/\/alianzanacional.com.uy\/web\/wp-content\/uploads\/2015\/06\/314072_20150421173639_w-a-ezquerra.jpg\" alt=\"\" width=\"658\" height=\"437\" srcset=\"https:\/\/alianzanacional.com.uy\/web\/wp-content\/uploads\/2015\/06\/314072_20150421173639_w-a-ezquerra.jpg 658w, https:\/\/alianzanacional.com.uy\/web\/wp-content\/uploads\/2015\/06\/314072_20150421173639_w-a-ezquerra-400x266.jpg 400w\" sizes=\"(max-width: 658px) 100vw, 658px\" \/><\/a><\/p>\n<p><em>El Diputado por Tacuaremb\u00f3, Wilson Aparicio Ezquerra destac\u00f3 el acuerdo celebrado entre el Congreso de Intendentes y la Corte Electoral a fin de que los edificios propiedad de la Corte distribuidos en todo el pa\u00eds puedan ser refaccionados por las intendencias municipales.<\/em><\/p>\n<p>\u00abSe\u00f1or presidente: hoy quisi\u00e9ramos referirnos a un tema que nos parece importante y afecta los servicios que presta el Estado, el estilo laboral de sus funcionarios y, muchas veces, la vida de las personas que deben atenderse, requerir una soluci\u00f3n o realizar alguna actividad en un edificio p\u00fablico. Esto tambi\u00e9n est\u00e1 vinculado con el manejo de los dineros p\u00fablicos, que es una tem\u00e1tica de la que hemos venido hablando y a la que se debe encontrar una soluci\u00f3n entre todos. A esos efectos, debemos buscar salidas ingeniosas, poner un poco de materia gris y reitero , entre todos el Gobierno, los directores de servicios p\u00fablicos, los legisladores oficialistas y los de la oposici\u00f3n , hallar maneras de gestionar mejor los recursos de los que disponemos. Se trata de no seguir ajustando a la gente con impuestos, sino de mejorar nuestra capacidad de realizar cosas con los recursos que tenemos.<br \/>\nEn este sentido, hoy queremos destacar un acuerdo que se firm\u00f3 entre el Congreso de Intendentes y la Corte Electoral, a fin de que los edificios propiedad de la Corte distribuidos en todo el pa\u00eds puedan ser refaccionados por las intendencias municipales o, inclusive, puedan construirse algunos nuevos.<br \/>\nEl Congreso de Intendentes hace de fiel en este asunto y genera convenios en los que participan las diecinueve intendencias del pa\u00eds inclusive Montevideo. La idea es que act\u00faen las direcciones de obras de las intendencias, realizando la licitaci\u00f3n, el control de obras y presupuestando. Despu\u00e9s, la Corte Electoral controlar\u00e1 c\u00f3mo qued\u00f3 la obra.<br \/>\nEste mecanismo puede ser utilizado por muchos organismos de la Administraci\u00f3n Central que disponen de instalaciones en todo el pa\u00eds. Creemos que de esa manera se podr\u00edan llevar a cabo una cantidad de obras en edificios cuyo estado muchas veces se desconoce porque, en general, las direcciones de obras est\u00e1n muy lejos de esas realidades.<br \/>\nPor nuestra parte, aqu\u00ed, en la C\u00e1mara, siempre insistimos en que ese tipo de obras se deben llevar adelante, pero muchas veces quedan trabadas entre tr\u00e1mites burocr\u00e1ticos y resultan demoradas. Adem\u00e1s, esa situaci\u00f3n supone gastos por la existencia de dobles estructuras en instituciones que no fueron creadas espec\u00edficamente para este tipo de tareas. Con el mecanismo que mencion\u00e9, se podr\u00eda evitar la doble contrataci\u00f3n de profesionales y la existencia de estructuras duplicadas que se encargaran de la parte edilicia.<br \/>\nPor otra parte, se podr\u00eda lograr un abaratamiento de los costos, ya que los llamados licitatorios de las intendencias podr\u00edan apuntar a proveedores y empresas de la zona, por lo que no habr\u00eda que pagar traslados, alojamientos ni vi\u00e1ticos. Debe tenerse en cuenta que, muchas veces, ese tipo de empresas no tienen la costumbre de consultar ciertas p\u00e1ginas web que aqu\u00ed en Montevideo, se sabe son muy importantes.<br \/>\nAdem\u00e1s, sin duda, cada intendencia efectuar\u00eda el control, lo que implicar\u00eda mayor cercan\u00eda con la obra y con las empresas involucradas, lo que no sucede cuando esto queda a cargo de una instituci\u00f3n nacional. Al mismo tiempo, se generar\u00eda una pol\u00edtica econ\u00f3mica distributiva muy importante, porque parte de lo que gasta el gobierno central se repartir\u00eda en todo el pa\u00eds.<br \/>\nPienso que a esta idea podr\u00edan adherir los ministerios de Educacion y Cultura, del Interior, de Ganader\u00eda, Agricultura y Pesca, y del Mides; el INAU, la ANEP, el Consejo de Educaci\u00f3n Secundaria, la Universidad de la Rep\u00fablica, el Instituto Nacional de Colonizaci\u00f3n y ASSE, entre otros, que no tienen por qu\u00e9 contar con una direcci\u00f3n de obras ni encargarse de las actividades vinculadas con ella.<br \/>\nPor \u00faltimo, felicito esa iniciativa, que mejorar\u00e1 el uso de los dineros p\u00fablicos y el control que de \u00e9l se realiza. Debemos cambiar esta realidad, porque muchas veces lo relativo a las obras de refacci\u00f3n y construcci\u00f3n funciona mal e insistimos con el mismo metodo. Me parece que la forma de construir algo mejor es innovar, poner ingenio, romper paradigmas y proponer.<br \/>\nSolicito que la versi\u00f3n taquigr\u00e1fica de mis palabras pase a la prensa y a las instituciones que mencion\u00e9.<br \/>\nMuchas gracias\u00bb<\/p>\n<hr \/>\n<p><em>En otro orden, el diputado present\u00f3 un pedido de informes dirigido al Ministerio de Transportes y Obras P\u00fablicas referido a horarios de transporte a disposici\u00f3n de enfermos y acompa\u00f1antes.<\/em><\/p>\n<p>Presidente de la c\u00e1mara de Representantes,<br \/>\nSr. Jos\u00e9 Carlos Mah\u00eda.<\/p>\n<p>En ejercicio de la facultad que me confiere el art\u00edculo 118\u00b0 de la Constituci\u00f3n de la Rep\u00fablica, solicito tenga a bien remitir el siguiente pedido de informes al Ministerio de Transportes y Obras P\u00fablicas.<br \/>\nEn virtud del beneficio especial de transporte plasmado en el Decreto N\u00ba 218\/009 donde en su articulado Capitulo III denominado \u201cBeneficios Especiales\u201d, su literal G donde trata de enfermos y acompa\u00f1antes.<br \/>\nHemos recibidos muchos reclamos de usuarios, acerca de los horarios \u2013existiendo topes- que las empresas de transporte ponen a disposici\u00f3n de estos, con el fin de poder usufructuar dicho beneficio. Como consecuencia, muchas veces llegan a la Montevideo por distintos tratamientos en horas inh\u00e1biles tanto para tratarse como para movilizarse, atentando contra el objeto y esp\u00edritu de la norma.<br \/>\nEs a esto que solicitamos que se remita el siguiente pedido de informes:<\/p>\n<p>1. Si existe alg\u00fan convenio o norma entre ambas entidades que reglamente dicho beneficio, en cuanto a horarios y dem\u00e1s.<\/p>\n<p>2. De existir, ponernos en conocimiento acerca de los topes en cuanto a horarios y si est\u00e1 en consideraci\u00f3n medidas a futuro en cuanto a esto.<\/p>\n<p style=\"text-align: center;\">Saluda atte.<\/p>\n<p style=\"text-align: center;\">Wilson Aparicio Ezquerra<br \/>\nRepresentante Nacional por Tacuaremb\u00f3<\/p>\n","protected":false},"excerpt":{"rendered":"<p>El Diputado por Tacuaremb\u00f3, Wilson Aparicio Ezquerra destac\u00f3 el acuerdo celebrado entre el Congreso de Intendentes y la Corte Electoral a fin de que los edificios propiedad de la Corte distribuidos en todo el pa\u00eds puedan ser refaccionados por las intendencias municipales. \u00abSe\u00f1or presidente: hoy quisi\u00e9ramos referirnos a un tema que nos parece importante y [&hellip;]<\/p>\n","protected":false},"author":1,"featured_media":25991,"comment_status":"open","ping_status":"open","sticky":false,"template":"","format":"standard","meta":{"footnotes":""},"categories":[232],"tags":[],"class_list":["post-29976","post","type-post","status-publish","format-standard","has-post-thumbnail","hentry","category-departamentales"],"_links":{"self":[{"href":"https:\/\/alianzanacional.com.uy\/web\/wp-json\/wp\/v2\/posts\/29976","targetHints":{"allow":["GET"]}}],"collection":[{"href":"https:\/\/alianzanacional.com.uy\/web\/wp-json\/wp\/v2\/posts"}],"about":[{"href":"https:\/\/alianzanacional.com.uy\/web\/wp-json\/wp\/v2\/types\/post"}],"author":[{"embeddable":true,"href":"https:\/\/alianzanacional.com.uy\/web\/wp-json\/wp\/v2\/users\/1"}],"replies":[{"embeddable":true,"href":"https:\/\/alianzanacional.com.uy\/web\/wp-json\/wp\/v2\/comments?post=29976"}],"version-history":[{"count":1,"href":"https:\/\/alianzanacional.com.uy\/web\/wp-json\/wp\/v2\/posts\/29976\/revisions"}],"predecessor-version":[{"id":29977,"href":"https:\/\/alianzanacional.com.uy\/web\/wp-json\/wp\/v2\/posts\/29976\/revisions\/29977"}],"wp:featuredmedia":[{"embeddable":true,"href":"https:\/\/alianzanacional.com.uy\/web\/wp-json\/wp\/v2\/media\/25991"}],"wp:attachment":[{"href":"https:\/\/alianzanacional.com.uy\/web\/wp-json\/wp\/v2\/media?parent=29976"}],"wp:term":[{"taxonomy":"category","embeddable":true,"href":"https:\/\/alianzanacional.com.uy\/web\/wp-json\/wp\/v2\/categories?post=29976"},{"taxonomy":"post_tag","embeddable":true,"href":"https:\/\/alianzanacional.com.uy\/web\/wp-json\/wp\/v2\/tags?post=29976"}],"curies":[{"name":"wp","href":"https:\/\/api.w.org\/{rel}","templated":true}]}}