{"id":29979,"date":"2017-07-25T14:14:07","date_gmt":"2017-07-25T17:14:07","guid":{"rendered":"http:\/\/alianzanacional.com.uy\/web\/?p=29979"},"modified":"2017-07-25T14:14:07","modified_gmt":"2017-07-25T17:14:07","slug":"ayala-continua-seguimiento-de-gestion-de-fondos-para-la-ruta-30","status":"publish","type":"post","link":"https:\/\/alianzanacional.com.uy\/web\/ayala-continua-seguimiento-de-gestion-de-fondos-para-la-ruta-30\/","title":{"rendered":"Ayala contin\u00faa seguimiento de gesti\u00f3n de fondos para la Ruta 30"},"content":{"rendered":"<p><a href=\"https:\/\/alianzanacional.com.uy\/web\/wp-content\/uploads\/2015\/10\/15.02.15-Dip.-M.-Ayala.jpg-3.jpg\"><img fetchpriority=\"high\" decoding=\"async\" src=\"https:\/\/alianzanacional.com.uy\/web\/wp-content\/uploads\/2015\/10\/15.02.15-Dip.-M.-Ayala.jpg-3-700x466.jpg\" alt=\"\" width=\"620\" height=\"413\" class=\"alignnone size-large wp-image-27592\" srcset=\"https:\/\/alianzanacional.com.uy\/web\/wp-content\/uploads\/2015\/10\/15.02.15-Dip.-M.-Ayala.jpg-3-700x466.jpg 700w, https:\/\/alianzanacional.com.uy\/web\/wp-content\/uploads\/2015\/10\/15.02.15-Dip.-M.-Ayala.jpg-3-400x267.jpg 400w, https:\/\/alianzanacional.com.uy\/web\/wp-content\/uploads\/2015\/10\/15.02.15-Dip.-M.-Ayala.jpg-3.jpg 1280w\" sizes=\"(max-width: 620px) 100vw, 620px\" \/><\/a><\/p>\n<p>Diputado Ayala: \u00abHicimos un seguimiento permanente este a\u00f1o para verificar que se gestionaran los fondos en el Mercosur -hay todo un proceso m\u00e1s o menos complejo, para que se asigne el FOCEM para un destino determinado\u00bb.<\/p>\n<p>\u00abLa lucha por la conquista de presupuesto para la reconstrucci\u00f3n de la Ruta 30, la encaramos desde el inicio mismo del per\u00edodo de gobierno, asumiendo como una de las metas m\u00e1s importantes, sino la m\u00e1s importante, de nuestra gesti\u00f3n como diputado de Artigas. Nos propusimos poner el tema en la agenda nacional y hacer que todo el pa\u00eds supiera de la necesidad impostergable de atender la 30.<br \/>\nVino la ley de Presupuesto y nos metimos en esa comisi\u00f3n, convencidos que era un \u00e1mbito m\u00e1s para dar pelea por esos recursos. En ese momento el ministro de Obras P\u00fablicas afirm\u00f3 que habr\u00eda recursos pero lo cierto es que no aparecieron espec\u00edficamente determinados.<br \/>\nVino la Rendici\u00f3n de Cuentas el a\u00f1o pasado y nos paramos en los pedales con la insistencia de la asignaci\u00f3n de fondos espec\u00edficos para la ruta. El diputado Omar Lafluf (de R\u00edo Negro) nos ayud\u00f3 desde la comisi\u00f3n de Obras P\u00fablicas y desde all\u00ed se logr\u00f3 que el ministro enviara un plan de obras concreto. En ese plan de obras figuraba que se destinar\u00eda pr\u00e1cticamente toda la partida del FOCEM en 2017 para la 30. Dijimos en ese momento que dud\u00e1bamos que eso fuera a cumplirse pero que reconocer\u00edamos gustosamente que est\u00e1bamos equivocados, si los fondos efectivamente aparec\u00edan.<br \/>\nHicimos un seguimiento permanente este a\u00f1o para verificar que se gestionaran los fondos en el Mercosur -hay todo un proceso m\u00e1s o menos complejo, para que se asigne el FOCEM para un destino determinado-, y lo cierto es que encontramos en ning\u00fan lado indicios de esa gesti\u00f3n.<br \/>\nTanto es as\u00ed que hace un mes presentamos pedidos de informes a la OPP y a la Canciller\u00eda, preguntando si se hab\u00edan solicitado fondos para la 30.<br \/>\nAyer, en la comisi\u00f3n de Presupuestos ya a medio tarde en la noche, le reclamamos al ministro de Obras P\u00fablicas porque no aparec\u00eda en ning\u00fan lado que el gobierno uruguayo hubiera gestionado los fondos del FOCEM para la 30. El ministro nos contest\u00f3 que deb\u00eda tratarse de alg\u00fan error porque el gobierno ya hab\u00eda determinado utilizar el FOCEM para la reconstrucci\u00f3n de la 30.<\/p>\n<p>En la tardecita de hoy (jueves 20), con alegr\u00eda -debemos decir- nos avisan que el ministro de Relaciones Exteriores anunci\u00f3 en la ciudad de Mendoza (Argentina) donde est\u00e1 reunido el Consejo Mercado Com\u00fan -que es el \u00f3rgano m\u00e1ximo de conducci\u00f3n del Mercosur- que se destinar\u00e1n 26 millones de d\u00f3lares del FOCEM para la 30.<br \/>\nNo son los 30 y pico de millones que el MTOP comprometi\u00f3 hace un a\u00f1o, pero bienvenidos sean estos 26 millones.<br \/>\nComo dije, la reconstrucci\u00f3n de la 30 es un eje central de nuestra acci\u00f3n como diputado de Artigas, as\u00ed que nos alegra la decisi\u00f3n finalmente adoptada por el gobierno\u00bb.<\/p>\n<p>Fuente: TodoElCampo<\/p>\n","protected":false},"excerpt":{"rendered":"<p>Diputado Ayala: \u00abHicimos un seguimiento permanente este a\u00f1o para verificar que se gestionaran los fondos en el Mercosur -hay todo un proceso m\u00e1s o menos complejo, para que se asigne el FOCEM para un destino determinado\u00bb. \u00abLa lucha por la conquista de presupuesto para la reconstrucci\u00f3n de la Ruta 30, la encaramos desde el inicio [&hellip;]<\/p>\n","protected":false},"author":1,"featured_media":27592,"comment_status":"open","ping_status":"open","sticky":false,"template":"","format":"standard","meta":{"footnotes":""},"categories":[232],"tags":[],"class_list":["post-29979","post","type-post","status-publish","format-standard","has-post-thumbnail","hentry","category-departamentales"],"_links":{"self":[{"href":"https:\/\/alianzanacional.com.uy\/web\/wp-json\/wp\/v2\/posts\/29979","targetHints":{"allow":["GET"]}}],"collection":[{"href":"https:\/\/alianzanacional.com.uy\/web\/wp-json\/wp\/v2\/posts"}],"about":[{"href":"https:\/\/alianzanacional.com.uy\/web\/wp-json\/wp\/v2\/types\/post"}],"author":[{"embeddable":true,"href":"https:\/\/alianzanacional.com.uy\/web\/wp-json\/wp\/v2\/users\/1"}],"replies":[{"embeddable":true,"href":"https:\/\/alianzanacional.com.uy\/web\/wp-json\/wp\/v2\/comments?post=29979"}],"version-history":[{"count":1,"href":"https:\/\/alianzanacional.com.uy\/web\/wp-json\/wp\/v2\/posts\/29979\/revisions"}],"predecessor-version":[{"id":29980,"href":"https:\/\/alianzanacional.com.uy\/web\/wp-json\/wp\/v2\/posts\/29979\/revisions\/29980"}],"wp:featuredmedia":[{"embeddable":true,"href":"https:\/\/alianzanacional.com.uy\/web\/wp-json\/wp\/v2\/media\/27592"}],"wp:attachment":[{"href":"https:\/\/alianzanacional.com.uy\/web\/wp-json\/wp\/v2\/media?parent=29979"}],"wp:term":[{"taxonomy":"category","embeddable":true,"href":"https:\/\/alianzanacional.com.uy\/web\/wp-json\/wp\/v2\/categories?post=29979"},{"taxonomy":"post_tag","embeddable":true,"href":"https:\/\/alianzanacional.com.uy\/web\/wp-json\/wp\/v2\/tags?post=29979"}],"curies":[{"name":"wp","href":"https:\/\/api.w.org\/{rel}","templated":true}]}}