{"id":30084,"date":"2017-08-21T13:23:44","date_gmt":"2017-08-21T16:23:44","guid":{"rendered":"http:\/\/alianzanacional.com.uy\/web\/?p=30084"},"modified":"2017-08-21T13:25:04","modified_gmt":"2017-08-21T16:25:04","slug":"volvio-larranaga","status":"publish","type":"post","link":"https:\/\/alianzanacional.com.uy\/web\/volvio-larranaga\/","title":{"rendered":"Volvi\u00f3 Larra\u00f1aga"},"content":{"rendered":"<p><a href=\"https:\/\/alianzanacional.com.uy\/web\/wp-content\/uploads\/2017\/08\/c4865166-a551-4333-b7ae-aaf5ab729a76.jpg\"><img fetchpriority=\"high\" decoding=\"async\" src=\"https:\/\/alianzanacional.com.uy\/web\/wp-content\/uploads\/2017\/08\/c4865166-a551-4333-b7ae-aaf5ab729a76-700x466.jpg\" alt=\"\" width=\"620\" height=\"413\" class=\"alignnone size-large wp-image-30085\" srcset=\"https:\/\/alianzanacional.com.uy\/web\/wp-content\/uploads\/2017\/08\/c4865166-a551-4333-b7ae-aaf5ab729a76-700x466.jpg 700w, https:\/\/alianzanacional.com.uy\/web\/wp-content\/uploads\/2017\/08\/c4865166-a551-4333-b7ae-aaf5ab729a76-400x267.jpg 400w, https:\/\/alianzanacional.com.uy\/web\/wp-content\/uploads\/2017\/08\/c4865166-a551-4333-b7ae-aaf5ab729a76-768x512.jpg 768w, https:\/\/alianzanacional.com.uy\/web\/wp-content\/uploads\/2017\/08\/c4865166-a551-4333-b7ae-aaf5ab729a76.jpg 1280w\" sizes=\"(max-width: 620px) 100vw, 620px\" \/><\/a><\/p>\n<p>Cuando perdi\u00f3 la interna del 2014, muchos dijeron \u2013 en Uruguay- que la carrera pol\u00edtica de Jorge Larra\u00f1aga ya no volver\u00eda a tener los br\u00edos de otras \u00e9pocas, que ser\u00eda imposible verlo pugnar por la candidatura \u00fanica de su partido; que, como dicen los muchachos, \u00a8ya era\u00a8, que su tiempo hab\u00eda pasado.<br \/>\nPasaron meses, un par de a\u00f1os, donde el ex candidato Lacalle Pou naveg\u00f3 en aguas calmas, en solitario, conduciendo al Partido Nacional de Uruguay, frente a un Frente Amplio que d\u00eda a d\u00eda se cae a pedazos en la imagen de la gente, en las encuestas y en las respuestas a los problemas del pa\u00eds.<\/p>\n<p>Pero el Partido Nacional no crec\u00eda, estaba est\u00e1tico en el 28 o 29%, no lograba dar el salto que lo posicionara como la alternativa real para el 2019.<\/p>\n<p>Faltaba Wilsonismo, faltaba la pata pol\u00edtica m\u00e1s importante del Partido Nacional, y lentamente, de abajo hacia arriba, comenzaron a reclamar al l\u00edder que no estaba, a pedir por el nombre de quienes no tienen candidato, por aquellos que hab\u00edan abandonado al Partido. La gente ped\u00eda a Jorge Larra\u00f1aga.<\/p>\n<p>A Larra\u00f1aga le llev\u00f3 tiempo. Estuvo conversando con compa\u00f1eros de todo el pa\u00eds, convers\u00f3 mate en mano con amigos de cada departamento, con tiempo, sin apuro, viendo qu\u00e9 quer\u00edan sus compa\u00f1eros de tantas batallas. Pero faltaba una charla, la m\u00e1s importante, con su familia.<\/p>\n<p>Hoy Jorge Larra\u00f1aga tiene 4 hijos, 3 de los cuales ya son grandes, y con quienes se junt\u00f3 a conversar en familia, con el amor que esa familia se tiene, para preguntarles que les parec\u00eda a ellos que deb\u00eda hacer.<\/p>\n<p>Les habl\u00f3 de la realidad del pa\u00eds, que \u00e9l no puede ser espectador en un pa\u00eds que cada d\u00eda est\u00e1 peor y que siente que tiene la fuerza, la capacidad y la preparaci\u00f3n para darle al Uruguay 5 a\u00f1os de su vida en el mejor momento, con la mayor madurez y preparaci\u00f3n de toda su vida.<\/p>\n<p>Y de \u00e9sa charla, luego de las anteriores con los compa\u00f1eros, surgi\u00f3 la decisi\u00f3n personal, que luego se convertir\u00eda en la mejor noticia para quienes tienen a Wilson como gu\u00eda. El Wilsonismo tiene candidato.<\/p>\n<p>Volvi\u00f3 Larra\u00f1aga, pero no de cualquier manera. No es el mismo. Aquel Larra\u00f1aga m\u00e1s se\u00f1orial, de saco y corbata, de discurso florido y de grandes reuniones palaciegas, vemos hoy a un Larra\u00f1aga de carne y hueso, muy parecido a aquel que gobern\u00f3 Paysand\u00fa durante 10 a\u00f1os, o que fue candidato \u00fanico del Partido Nacional en 2004 y logr\u00f3 la mayor votaci\u00f3n con el 35% de los votos.<\/p>\n<p>Sali\u00f3 a caminar el pa\u00eds, a estar con la gente, a hablar con los m\u00e1s humildes, con los que no aparecen en las noticias. Sali\u00f3 y con el sali\u00f3 su sector, sus compa\u00f1eros diputados, senadores e Intendentes. Sali\u00f3 y comenz\u00f3 a crecer en la prensa, en la imagen y en las encuestas. Sali\u00f3, y no s\u00f3lo crece \u00e9l, crece el Partido y pas\u00f3 al Frente Amplio.<\/p>\n<p>La encuesta de Opci\u00f3n Consultores da que no solamente crece, sino que dio un salto impactante del 50%; Larra\u00f1aga crece 4 puntos en un solo mes.<\/p>\n<p>Volvi\u00f3 Larra\u00f1aga y quienes lo acompa\u00f1an dicen que volvi\u00f3 mejor que nunca.<\/p>\n<p>Su crecimiento llevar\u00e1 a polarizar la interna blanca entre Lacalle Pou y \u00e9l.<\/p>\n<p>Los analistas m\u00e1s finos del pa\u00eds lo se\u00f1alan: s\u00f3lo Larra\u00f1aga puede ganarle al Frente Amplio.<\/p>\n<p>Volvi\u00f3 Larra\u00f1aga, volvi\u00f3 el Wilsonismo y \u00e9sta vez, gana, aseguran<\/p>\n<p>Fuente: Editorial de ICN Diario<\/p>\n","protected":false},"excerpt":{"rendered":"<p>Cuando perdi\u00f3 la interna del 2014, muchos dijeron \u2013 en Uruguay- que la carrera pol\u00edtica de Jorge Larra\u00f1aga ya no volver\u00eda a tener los br\u00edos de otras \u00e9pocas, que ser\u00eda imposible verlo pugnar por la candidatura \u00fanica de su partido; que, como dicen los muchachos, \u00a8ya era\u00a8, que su tiempo hab\u00eda pasado. Pasaron meses, un [&hellip;]<\/p>\n","protected":false},"author":1,"featured_media":30085,"comment_status":"open","ping_status":"open","sticky":false,"template":"","format":"standard","meta":{"footnotes":""},"categories":[17],"tags":[],"class_list":["post-30084","post","type-post","status-publish","format-standard","has-post-thumbnail","hentry","category-columna"],"_links":{"self":[{"href":"https:\/\/alianzanacional.com.uy\/web\/wp-json\/wp\/v2\/posts\/30084","targetHints":{"allow":["GET"]}}],"collection":[{"href":"https:\/\/alianzanacional.com.uy\/web\/wp-json\/wp\/v2\/posts"}],"about":[{"href":"https:\/\/alianzanacional.com.uy\/web\/wp-json\/wp\/v2\/types\/post"}],"author":[{"embeddable":true,"href":"https:\/\/alianzanacional.com.uy\/web\/wp-json\/wp\/v2\/users\/1"}],"replies":[{"embeddable":true,"href":"https:\/\/alianzanacional.com.uy\/web\/wp-json\/wp\/v2\/comments?post=30084"}],"version-history":[{"count":1,"href":"https:\/\/alianzanacional.com.uy\/web\/wp-json\/wp\/v2\/posts\/30084\/revisions"}],"predecessor-version":[{"id":30086,"href":"https:\/\/alianzanacional.com.uy\/web\/wp-json\/wp\/v2\/posts\/30084\/revisions\/30086"}],"wp:featuredmedia":[{"embeddable":true,"href":"https:\/\/alianzanacional.com.uy\/web\/wp-json\/wp\/v2\/media\/30085"}],"wp:attachment":[{"href":"https:\/\/alianzanacional.com.uy\/web\/wp-json\/wp\/v2\/media?parent=30084"}],"wp:term":[{"taxonomy":"category","embeddable":true,"href":"https:\/\/alianzanacional.com.uy\/web\/wp-json\/wp\/v2\/categories?post=30084"},{"taxonomy":"post_tag","embeddable":true,"href":"https:\/\/alianzanacional.com.uy\/web\/wp-json\/wp\/v2\/tags?post=30084"}],"curies":[{"name":"wp","href":"https:\/\/api.w.org\/{rel}","templated":true}]}}