{"id":30087,"date":"2017-08-21T13:50:57","date_gmt":"2017-08-21T16:50:57","guid":{"rendered":"http:\/\/alianzanacional.com.uy\/web\/?p=30087"},"modified":"2017-08-21T13:50:57","modified_gmt":"2017-08-21T16:50:57","slug":"venimos-de-vuelta","status":"publish","type":"post","link":"https:\/\/alianzanacional.com.uy\/web\/venimos-de-vuelta\/","title":{"rendered":"Venimos de vuelta"},"content":{"rendered":"<p><a href=\"https:\/\/alianzanacional.com.uy\/web\/wp-content\/uploads\/2017\/08\/cronicas.jpg\"><img fetchpriority=\"high\" decoding=\"async\" src=\"https:\/\/alianzanacional.com.uy\/web\/wp-content\/uploads\/2017\/08\/cronicas-700x525.jpg\" alt=\"\" width=\"620\" height=\"465\" class=\"alignnone size-large wp-image-30088\" srcset=\"https:\/\/alianzanacional.com.uy\/web\/wp-content\/uploads\/2017\/08\/cronicas-700x525.jpg 700w, https:\/\/alianzanacional.com.uy\/web\/wp-content\/uploads\/2017\/08\/cronicas-400x300.jpg 400w, https:\/\/alianzanacional.com.uy\/web\/wp-content\/uploads\/2017\/08\/cronicas-768x576.jpg 768w, https:\/\/alianzanacional.com.uy\/web\/wp-content\/uploads\/2017\/08\/cronicas.jpg 800w\" sizes=\"(max-width: 620px) 100vw, 620px\" \/><\/a><\/p>\n<p>Hace mes y medio comuniqu\u00e9 a la opini\u00f3n p\u00fablica mi decisi\u00f3n de volver a postularme como precandidato a la Presidencia de la Rep\u00fablica.<\/p>\n<p>En esta nota quiero explicitar las razones que me impulsan en este camino.<\/p>\n<p>En primer lugar porque hay ideas y un proyecto de pa\u00eds que quiero defender.<\/p>\n<p>Un proyecto que es colectivo, y por eso colectiva fue la decisi\u00f3n de volver al ruedo de la competencia electoral.<\/p>\n<p>A lo largo de mis recorridas por barrios de Montevideo y del Interior, los compa\u00f1eros y vecinos me ped\u00edan que defendiera las banderas de nuestro proyecto, que volviera a poner sobre la mesa de la discusi\u00f3n nacional, temas que otros olvidan o incluso, que otros ni siquiera sue\u00f1an.<\/p>\n<p>Adem\u00e1s, no puedo -como nunca pude- ser indiferente ante lo que sucede en el pa\u00eds.<\/p>\n<p>Por ello, me he dedicado desde siempre a la actividad pol\u00edtica. Para servir a la sociedad uruguaya desde el \u201cmejor instrumento puesto a su servicio: el Partido Nacional\u201d, como gustaba decir Wilson.<\/p>\n<p>Habl\u00e9 con mis hijos mayores, Jorge de 28, Aparicio 25 y Juan de 17 a\u00f1os, y ellos fueron determinantes en mi propio proceso de decisi\u00f3n. Son acaso las principales razones, las mismas que tiene todo padre de procurar hacer, desde donde le toca, el mayor esfuerzo para dejarle a los hijos y a los hijos de todos los uruguayos, una mejor sociedad.<\/p>\n<p>Y venimos de vuelta entonces, porque sentimos que hay cosas que hacer. Hay cuestiones que siguen pendientes en el pa\u00eds. Reformas necesarias, cambios. Cambios, que a mi entender son impostergables, que el pa\u00eds necesita, que nadie los ha hecho y nadie propone hacerlos. As\u00ed que levant\u00e9 nuevamente la bandera y la llevar\u00e9 hasta el final.<\/p>\n<p>Venimos a defender un modelo de ra\u00edz wilsonista, porque esa visi\u00f3n del pa\u00eds, la \u00fanica que no ha gobernado, est\u00e1 plenamente vigente.<\/p>\n<p>Ese modelo de pa\u00eds, de sentido nacional y popular, sigue vigente. Sigue vigente la necesidad de integrar humana y econ\u00f3micamente Montevideo e Interior, para generar desarrollo.<\/p>\n<p>Sigue vigente la necesidad de que la educaci\u00f3n sea la herramienta para redistribuir oportunidades.<\/p>\n<p>Sigue vigente una visi\u00f3n social que ponga el centro en el trabajo y la producci\u00f3n como verdadero sentido de la solidaridad.<\/p>\n<p>El desaf\u00edo ideol\u00f3gico del wilsonismo, de lo que los m\u00e1s grandes conocen como el nacionalismo independiente, que une lo social con el respeto institucional, que viene del oribismo y el saravismo, est\u00e1 vigente.<\/p>\n<p>No son cosas ni viejas ni nuevas, son sensibilidades propias de una manera de concebir al hombre y a la comunidad. Y por eso nos mantenemos.<\/p>\n<p>Aquel reclamo de la dignidad arriba y el regocijo abajo marca una \u00e9tica y una moral que no tiene tiempo.<\/p>\n<p>Sigue vigente la necesidad de restablecer lazos de comunidad. Hoy el pa\u00eds est\u00e1 social y culturalmente fragmentado. Estamos en una sociedad partida. Donde hay sectores de sociedad que conviven en un mismo territorio con otros sectores de sociedad pero sin compartir ni valores de convivencia, ni expectativas.<\/p>\n<p>El pa\u00eds necesita un gobierno serio y honesto, sin hipocres\u00edas, que no barra la basura debajo de la alfombra, que no prometa lo que no puede cumplirse, que no mienta, que no tenga escandalosas administraciones que disculpar.<\/p>\n<p>Mi vocaci\u00f3n ha sido siempre el deber, y hoy siento que debo seguir. Fueron muchos -much\u00edsimos- los vecinos de todo el pa\u00eds que me han pedido que siga y que contin\u00fae luchando por las leg\u00edtimas banderas que hemos levantado desde siempre; y no puedo darle la espalda a toda esa gente. No puedo hacerme el sordo con todas esas personas que han confiado y siguen confiando en nosotros. No puedo olvidarme de los 300 mil uruguayos que en 2014 confiaron en nuestro proyecto.<\/p>\n<p>Me siento responsable. Me siento responsable de poner el lomo por esos miles de personas, de seguir caminando el pa\u00eds para escuchar a los que no tienen voz y de luchar por su derecho a que las cosas se hagan.<\/p>\n<p>Me siento responsable de luchar por su derecho a tener un CTI que quede cerca, por su derecho a un liceo con profesores, por su derecho a una carretera que no sea mortal.<\/p>\n<p>Me siento obligado a luchar por su derecho a vivir sin miedo, por su derecho a trabajar, por su derecho a que el Estado los contemple a pesar de no vivir en el Centro de Montevideo.<\/p>\n<p>El camino que pienso recorrer no es un camino precipitado por un antojadizo capricho, ni forma parte de esas mezquinas ambiciones que rodean muchas veces a la pol\u00edtica. Y que ponen en peligro los afectos de muchos para con la Rep\u00fablica y la Democracia, por el descr\u00e9dito en que caen quienes se acercan a esta noble actividad con el oscuro inter\u00e9s de \u201clogreros de apetitos personales\u201d a los que condenaba Aparicio Saravia.<\/p>\n<p>El camino que elijo recorrer es el que me indica el profundo amor de mi familia, la esperanza de mis hijos, la certeza de que hay otra sociedad por venir.<\/p>\n<p>Durante los \u00faltimos 20 a\u00f1os he cumplido con mi deber de representante de mi gente y de mi partido.<\/p>\n<p>Desde el principio puse el hombro para que mi querido Partido Nacional renaciera de sus cenizas cuando todos los especialistas dec\u00edan que el nuevo tiempo ser\u00eda bipartidista y que los blancos no sobrevivir\u00edan al cambio de siglo.<\/p>\n<p>En todo este tiempo nunca dej\u00e9 de levantar nuestras banderas y de pelear por un mejor partido, y a pesar de que no pude representarlo como l\u00edder principal, asum\u00ed el rol que entend\u00eda era mi deber.<\/p>\n<p>Nunca les falt\u00e9 a los ciudadanos que confiaron en m\u00ed. Nunca le falt\u00e9 a mi partido. Nunca le falt\u00e9 a mis obligaciones. Ahora es turno de hacer realidad lo que durante tanto tiempo so\u00f1amos juntos.<\/p>\n<p>Por esas cosas vuelvo.<\/p>\n<p>Entiendo a la pol\u00edtica como servicio. Lo que quiero es ponerle justicia a la sociedad. Lo que quiz\u00e1s queramos todos, pero todos de diferente manera y por diferentes medios.<\/p>\n<p>Mi manera de construir justicia es que haya igualdad de oportunidades, tener una educaci\u00f3n p\u00fablica de calidad, que el interior crezca, que se entienda que somos un pa\u00eds agroexportador y, por tanto que hay que proteger y ayudar al uruguayo que produce, que trabaja la tierra, que el laburante pueda mantener a su familia, que la gente pueda acceder a una casa, que nacer en el Interior no suponga menos derechos, que el jubilado, despu\u00e9s de trabajar toda una vida, gane decentemente.<\/p>\n<p>Que se promuevan el trabajo y los valores. Que se respete al polic\u00eda, que el maestro vuelva a ser la autoridad en las escuelas.<\/p>\n<p>Me podr\u00e1n decir que esto lo puede suscribir cualquiera.<\/p>\n<p>S\u00ed, pero \u00bfsaben qu\u00e9? Han gobernado todos los partidos y sectores salvo el wilsonismo. As\u00ed que muchos que han prometido estas cosas, no lo han hecho. Nosotros nos sentimos con las ganas, la responsabilidad y el proyecto para hacerlo.<\/p>\n<p>Hay un pa\u00eds distinto, posible y viable y m\u00e1s justo.<\/p>\n<p>Con mis compa\u00f1eros queremos trabajar para eso.<\/p>\n<p>Y con todo el Partido Nacional. Un partido sin fisuras y sin agravios. Con matices, pero todos juntos, unidos por la piedad filial de buenos blancos.<\/p>\n<p>Junto tambi\u00e9n a todos aquellos que quieran generar una ola de esperanza en todos los ciudadanos, de que la ilusi\u00f3n de un Uruguay mejor puede ser realidad.<\/p>\n<p>Por eso venimos de vuelta.<\/p>\n<p>Jorge Larra\u00f1aga<br \/>\nSenador de la Rep\u00fablica por el Partido Nacional. L\u00edder de Alianza Nacional.<\/p>\n","protected":false},"excerpt":{"rendered":"<p>Hace mes y medio comuniqu\u00e9 a la opini\u00f3n p\u00fablica mi decisi\u00f3n de volver a postularme como precandidato a la Presidencia de la Rep\u00fablica. En esta nota quiero explicitar las razones que me impulsan en este camino. En primer lugar porque hay ideas y un proyecto de pa\u00eds que quiero defender. Un proyecto que es colectivo, [&hellip;]<\/p>\n","protected":false},"author":1,"featured_media":30088,"comment_status":"open","ping_status":"open","sticky":false,"template":"","format":"standard","meta":{"footnotes":""},"categories":[17],"tags":[],"class_list":["post-30087","post","type-post","status-publish","format-standard","has-post-thumbnail","hentry","category-columna"],"_links":{"self":[{"href":"https:\/\/alianzanacional.com.uy\/web\/wp-json\/wp\/v2\/posts\/30087","targetHints":{"allow":["GET"]}}],"collection":[{"href":"https:\/\/alianzanacional.com.uy\/web\/wp-json\/wp\/v2\/posts"}],"about":[{"href":"https:\/\/alianzanacional.com.uy\/web\/wp-json\/wp\/v2\/types\/post"}],"author":[{"embeddable":true,"href":"https:\/\/alianzanacional.com.uy\/web\/wp-json\/wp\/v2\/users\/1"}],"replies":[{"embeddable":true,"href":"https:\/\/alianzanacional.com.uy\/web\/wp-json\/wp\/v2\/comments?post=30087"}],"version-history":[{"count":1,"href":"https:\/\/alianzanacional.com.uy\/web\/wp-json\/wp\/v2\/posts\/30087\/revisions"}],"predecessor-version":[{"id":30089,"href":"https:\/\/alianzanacional.com.uy\/web\/wp-json\/wp\/v2\/posts\/30087\/revisions\/30089"}],"wp:featuredmedia":[{"embeddable":true,"href":"https:\/\/alianzanacional.com.uy\/web\/wp-json\/wp\/v2\/media\/30088"}],"wp:attachment":[{"href":"https:\/\/alianzanacional.com.uy\/web\/wp-json\/wp\/v2\/media?parent=30087"}],"wp:term":[{"taxonomy":"category","embeddable":true,"href":"https:\/\/alianzanacional.com.uy\/web\/wp-json\/wp\/v2\/categories?post=30087"},{"taxonomy":"post_tag","embeddable":true,"href":"https:\/\/alianzanacional.com.uy\/web\/wp-json\/wp\/v2\/tags?post=30087"}],"curies":[{"name":"wp","href":"https:\/\/api.w.org\/{rel}","templated":true}]}}