{"id":30108,"date":"2017-08-28T19:04:00","date_gmt":"2017-08-28T22:04:00","guid":{"rendered":"http:\/\/alianzanacional.com.uy\/web\/?p=30108"},"modified":"2017-08-28T19:32:50","modified_gmt":"2017-08-28T22:32:50","slug":"estado-de-derecho-bajo-asedio","status":"publish","type":"post","link":"https:\/\/alianzanacional.com.uy\/web\/estado-de-derecho-bajo-asedio\/","title":{"rendered":"Estado de Derecho bajo asedio"},"content":{"rendered":"<p><a href=\"https:\/\/alianzanacional.com.uy\/web\/wp-content\/uploads\/2017\/08\/WhatsApp-Image-2017-08-10-at-16.30.03-1.jpeg\"><img fetchpriority=\"high\" decoding=\"async\" class=\"alignnone size-large wp-image-30109\" src=\"https:\/\/alianzanacional.com.uy\/web\/wp-content\/uploads\/2017\/08\/WhatsApp-Image-2017-08-10-at-16.30.03-1-700x448.jpeg\" alt=\"\" width=\"620\" height=\"397\" srcset=\"https:\/\/alianzanacional.com.uy\/web\/wp-content\/uploads\/2017\/08\/WhatsApp-Image-2017-08-10-at-16.30.03-1-700x448.jpeg 700w, https:\/\/alianzanacional.com.uy\/web\/wp-content\/uploads\/2017\/08\/WhatsApp-Image-2017-08-10-at-16.30.03-1-400x256.jpeg 400w, https:\/\/alianzanacional.com.uy\/web\/wp-content\/uploads\/2017\/08\/WhatsApp-Image-2017-08-10-at-16.30.03-1-768x492.jpeg 768w, https:\/\/alianzanacional.com.uy\/web\/wp-content\/uploads\/2017\/08\/WhatsApp-Image-2017-08-10-at-16.30.03-1.jpeg 1127w\" sizes=\"(max-width: 620px) 100vw, 620px\" \/><\/a><\/p>\n<p style=\"text-align: left;\">El art\u00edculo 15 del proyecto de Rendici\u00f3n de Cuentas viene a ser la expresi\u00f3n m\u00e1s simb\u00f3lica de un fen\u00f3meno que ha marcado toda la gesti\u00f3n de los gobierno del Frente Amplio: el poco apego a la noci\u00f3n de Estado de Derecho y el valor de la Ley.<\/p>\n<p>Ese art\u00edculo proclama, parad\u00f3jicamente por una ley, que el Estado no estar\u00e1 obligado a cumplir las leyes. Que si es condenado a pagar, paga cuando quiera -y si quiere-.<br \/>\nPero lo grave est\u00e1 en que ese art\u00edculo proyectado no es\u00a0un accidente, no es\u00a0una excepci\u00f3n\u00a0sino que es un eslab\u00f3n m\u00e1s en una cadena de embestidas a ciertos pilares que nos han dado identidad como pa\u00eds.<\/p>\n<p>En este tiempo donde se cumple la mitad de mandato del actual gobierno, puede hacerse una evaluaci\u00f3n sobre una de las peores tendencias que ha tenido el Frente Amplio en sus tres gobiernos (para la propaganda del gobierno estar\u00e1 todo el aparato publicitario que Ministerios y Entes lanzan sin ning\u00fan recato) y es que\u00a0han debilitado la noci\u00f3n de Estado de Derecho.<\/p>\n<p>Ese debilitamiento del Estado de Derecho tiene por lo menos cuatro fuentes. La primera es la violaci\u00f3n de la Constituci\u00f3n; las\u00a0declaraciones de inconstitucionalidad\u00a0a lo largo de estos doce a\u00f1os muestran a las claras que al gobierno no le importa el marco constitucional al momento de darle forma legal a una pol\u00edtica p\u00fablica; y lo que es m\u00e1s grave, cuando esto ocurre, lejos de reconocerse este hecho -para revisar esa manera de pensar y de legislar- se atribuye intencionalidad pol\u00edtica a los jueces que se\u00f1alaron esa violaci\u00f3n constitucional.\u00a0La Ley de Medios\u00a0es un ejemplo claro del irrespeto por ciertos principios de nuestra Carta de Derechos, o la interpretaci\u00f3n de que la\u00a0ocupaci\u00f3n de los lugares de trabajo\u00a0es una extensi\u00f3n del derecho de huelga.<\/p>\n<p>Otro ejemplo es lo que sucede con la\u00a0ley de inclusi\u00f3n financiera, donde se vulnera la libertad como derecho b\u00e1sico del ciudadano. O la\u00a0ley\u00a0\u00a8hol\u00edstica\u00a8\u00a0de alcohol,\u00a0por la cual se le prohibir\u00e1 a los uruguayos mayores de edad que compren alcohol a determinada hora y en determinado lugar.<\/p>\n<p>En el fondo de este irrespeto por la Constituci\u00f3n y por la Ley en sentido amplio, est\u00e1 la convicci\u00f3n que lo pol\u00edtico no tiene motivos para atarse a ning\u00fan l\u00edmite jur\u00eddico (lo que revela una incomprensi\u00f3n de lo pol\u00edtico y de lo jur\u00eddico a la vez).<\/p>\n<p>Una segunda fuente es la ignorancia y el desconocimiento de la Ley. Lo que ha ocurrido recientemente con el\u00a0caso de la marihuana\u00a0es un claro ejemplo de la m\u00e1s absoluta desconsideraci\u00f3n de la normativa al momento de implementar este invento.<\/p>\n<p>La tercera fuente tiene que ver con el\u00a0incumplimiento de la Ley\u00a0-el gobierno no tiene reparos en eludir ese cumplimiento, como si las leyes de la Rep\u00fablica fueran obst\u00e1culos que es necesario remover para llevar adelante su programa.\u00a0Es el caso del proyecto de Rendici\u00f3n de Cuentas y el tan mentado art\u00edculo 15.<br \/>\nBajo esta misma l\u00f3gica, cada tanto se despiertan los espasmos fiscales y surgen las voces para\u00a0apropiarse los excedentes de Fonasa.<\/p>\n<p>La cuarta fuente, y quiz\u00e1s la que refleja m\u00e1s acabadamente el fundamento pol\u00edtico para su accionar, refiere a la pulsi\u00f3n entre lo corporativo y lo republicano.<\/p>\n<p>El corporativismo, tan connatural a la matriz ideol\u00f3gica de la fuerza de gobierno, imper\u00f3 y venci\u00f3 a la noci\u00f3n republicana. Esa pulsi\u00f3n estuvo presente desde el primer d\u00eda de gobierno del Frente y se consolid\u00f3 en estado total en el actual per\u00edodo cuando el gobierno decidi\u00f3\u00a0excluir a la oposici\u00f3n de la ANEP, de ASSE y del BPS\u00a0porque all\u00ed hab\u00eda\u00a0representaci\u00f3n social.\u00a0En su momento lo denunciamos claramente: nada pod\u00eda sustituir a la oposici\u00f3n en el gobierno de los organismos del Estado. Lo grafic\u00e1bamos en que ni siquiera el hecho de colocar a un juez letrado en cada organismo podr\u00eda asimilarse al control de los partidos pol\u00edticos de la oposici\u00f3n, porque la Constituci\u00f3n fija nuestra forma de gobierno como una Democracia Representativa, donde a los Partidos no los sustituye nadie. A los Partidos de la Oposici\u00f3n no los sustituyen los representantes corporativizados, no porque no sean capaces o no lo quieran hacer, sino porque no pueden, porque la raz\u00f3n de las cosas hace que la representatividad pol\u00edtica de los uruguayos est\u00e9 en su sistema de partidos. La vocaci\u00f3n de representatividad popular y de defensa de intereses generales, solo se encuentra en el sistema de partidos pol\u00edticos.<\/p>\n<p>Esa tendencia corporativa y tan desligada de lo republicano ha permitido y alentado\u00a0la asfixia presupuestal\u00a0que han tenido organismos clave del control como son el\u00a0Tribunal de Cuentas de la Rep\u00fablica, el Tribunal de lo Contencioso Administrativo y el propio Poder Judicial.<\/p>\n<p>En el fondo de todo est\u00e1 la concepci\u00f3n del Poder del Estado y raz\u00f3n para el uso de Poder. El Poder est\u00e1 al servicio de la Ley y no la inversa, sin embargo,\u00a0para el gobierno pareciera que la Ley est\u00e1 al servicio del Poder.<\/p>\n<p>El Poder est\u00e1 al servicio de la Ley porque la Ley no es el instrumento de ninguna Corporaci\u00f3n.\u00a0La Naci\u00f3n no es patrimonio de nadie, de ninguna fracci\u00f3n, de ning\u00fan grupo.<\/p>\n<p>Los representantes se deben al pueblo porque como tambi\u00e9n dice claramente nuestra Carta\u00a0\u201cla soberan\u00eda\u00a0en toda su plenitud existe radicalmente en la Naci\u00f3n\u201d.<br \/>\nEl deber republicano de todo representante es representar no los intereses de un grupo sino los intereses de toda una naci\u00f3n.<\/p>\n<p>Pertenezco orgullosamente a un Partido que naci\u00f3 para defender la Ley. Porque solo la Ley nos garantiza el equilibrio que necesitamos para convivir en paz, solo la defensa de la Ley nos resguarda de la barbarie.\u00a0La consigna que nos dio origen, nos sigue reclamando en este tiempo.\n<\/p>\n<p style=\"text-align: center;\">Jorge Larra\u00f1aga<\/p>\n","protected":false},"excerpt":{"rendered":"<p>El art\u00edculo 15 del proyecto de Rendici\u00f3n de Cuentas viene a ser la expresi\u00f3n m\u00e1s simb\u00f3lica de un fen\u00f3meno que ha marcado toda la gesti\u00f3n de los gobierno del Frente Amplio: el poco apego a la noci\u00f3n de Estado de Derecho y el valor de la Ley. Ese art\u00edculo proclama, parad\u00f3jicamente por una ley, que [&hellip;]<\/p>\n","protected":false},"author":1,"featured_media":30109,"comment_status":"open","ping_status":"open","sticky":false,"template":"","format":"standard","meta":{"footnotes":""},"categories":[17],"tags":[],"class_list":["post-30108","post","type-post","status-publish","format-standard","has-post-thumbnail","hentry","category-columna"],"_links":{"self":[{"href":"https:\/\/alianzanacional.com.uy\/web\/wp-json\/wp\/v2\/posts\/30108","targetHints":{"allow":["GET"]}}],"collection":[{"href":"https:\/\/alianzanacional.com.uy\/web\/wp-json\/wp\/v2\/posts"}],"about":[{"href":"https:\/\/alianzanacional.com.uy\/web\/wp-json\/wp\/v2\/types\/post"}],"author":[{"embeddable":true,"href":"https:\/\/alianzanacional.com.uy\/web\/wp-json\/wp\/v2\/users\/1"}],"replies":[{"embeddable":true,"href":"https:\/\/alianzanacional.com.uy\/web\/wp-json\/wp\/v2\/comments?post=30108"}],"version-history":[{"count":3,"href":"https:\/\/alianzanacional.com.uy\/web\/wp-json\/wp\/v2\/posts\/30108\/revisions"}],"predecessor-version":[{"id":30112,"href":"https:\/\/alianzanacional.com.uy\/web\/wp-json\/wp\/v2\/posts\/30108\/revisions\/30112"}],"wp:featuredmedia":[{"embeddable":true,"href":"https:\/\/alianzanacional.com.uy\/web\/wp-json\/wp\/v2\/media\/30109"}],"wp:attachment":[{"href":"https:\/\/alianzanacional.com.uy\/web\/wp-json\/wp\/v2\/media?parent=30108"}],"wp:term":[{"taxonomy":"category","embeddable":true,"href":"https:\/\/alianzanacional.com.uy\/web\/wp-json\/wp\/v2\/categories?post=30108"},{"taxonomy":"post_tag","embeddable":true,"href":"https:\/\/alianzanacional.com.uy\/web\/wp-json\/wp\/v2\/tags?post=30108"}],"curies":[{"name":"wp","href":"https:\/\/api.w.org\/{rel}","templated":true}]}}