{"id":30132,"date":"2017-09-05T11:24:21","date_gmt":"2017-09-05T14:24:21","guid":{"rendered":"http:\/\/alianzanacional.com.uy\/web\/?p=30132"},"modified":"2017-09-05T12:28:39","modified_gmt":"2017-09-05T15:28:39","slug":"abdala-se-uso-un-atajo-para-adjudicar-las-obras-de-la-regasificadora","status":"publish","type":"post","link":"https:\/\/alianzanacional.com.uy\/web\/abdala-se-uso-un-atajo-para-adjudicar-las-obras-de-la-regasificadora\/","title":{"rendered":"Abdala: \u201cSe us\u00f3 un atajo para adjudicar las obras de la regasificadora\u201d"},"content":{"rendered":"<p><a href=\"https:\/\/alianzanacional.com.uy\/web\/wp-content\/uploads\/2017\/09\/Pablo-Abdala-666x388.jpg\"><img fetchpriority=\"high\" decoding=\"async\" src=\"https:\/\/alianzanacional.com.uy\/web\/wp-content\/uploads\/2017\/09\/Pablo-Abdala-666x388.jpg\" alt=\"\" width=\"666\" height=\"388\" class=\"size-full wp-image-30133\" srcset=\"https:\/\/alianzanacional.com.uy\/web\/wp-content\/uploads\/2017\/09\/Pablo-Abdala-666x388.jpg 666w, https:\/\/alianzanacional.com.uy\/web\/wp-content\/uploads\/2017\/09\/Pablo-Abdala-666x388-400x233.jpg 400w\" sizes=\"(max-width: 666px) 100vw, 666px\" \/><\/a> <\/p>\n<p>El diputado nacionalista Pablo Abdala dijo que el gobierno \u201caprovech\u00f3 la circunstancia del derecho privado\u201d para utilizar un \u201catajo\u201d con el objetivo de adjudicarle las obras de la planta regasificadora a GNLS y OAS.<\/p>\n<p>Abdala cuestion\u00f3 que Ancap y UTE tomaron formalmente la decisi\u00f3n de aceptar la adjudicaci\u00f3n despu\u00e9s que la misma se hiciera p\u00fablica. En 15 d\u00edas se abrieron las ofertas y en menos de 30 d\u00edas se adopt\u00f3 la resoluci\u00f3n a favor de GNLS y OAS. \u201cEsto es claramente irregular\u201d, afirm\u00f3 Abdala.<\/p>\n<p>Fuente: Carve 850 AM<\/p>\n<p><iframe width=\"100%\" height=\"450\" scrolling=\"no\" frameborder=\"no\" src=\"https:\/\/w.soundcloud.com\/player\/?url=https%3A\/\/api.soundcloud.com\/tracks\/340448201&amp;color=ff5500&amp;auto_play=false&amp;hide_related=false&amp;show_comments=true&amp;show_user=true&amp;show_reposts=false&amp;visual=true\"><\/iframe><\/p>\n","protected":false},"excerpt":{"rendered":"<p>El diputado nacionalista Pablo Abdala dijo que el gobierno \u201caprovech\u00f3 la circunstancia del derecho privado\u201d para utilizar un \u201catajo\u201d con el objetivo de adjudicarle las obras de la planta regasificadora a GNLS y OAS. Abdala cuestion\u00f3 que Ancap y UTE tomaron formalmente la decisi\u00f3n de aceptar la adjudicaci\u00f3n despu\u00e9s que la misma se hiciera p\u00fablica. [&hellip;]<\/p>\n","protected":false},"author":1,"featured_media":30133,"comment_status":"open","ping_status":"open","sticky":false,"template":"","format":"standard","meta":{"footnotes":""},"categories":[164],"tags":[],"class_list":["post-30132","post","type-post","status-publish","format-standard","has-post-thumbnail","hentry","category-legislativas"],"_links":{"self":[{"href":"https:\/\/alianzanacional.com.uy\/web\/wp-json\/wp\/v2\/posts\/30132","targetHints":{"allow":["GET"]}}],"collection":[{"href":"https:\/\/alianzanacional.com.uy\/web\/wp-json\/wp\/v2\/posts"}],"about":[{"href":"https:\/\/alianzanacional.com.uy\/web\/wp-json\/wp\/v2\/types\/post"}],"author":[{"embeddable":true,"href":"https:\/\/alianzanacional.com.uy\/web\/wp-json\/wp\/v2\/users\/1"}],"replies":[{"embeddable":true,"href":"https:\/\/alianzanacional.com.uy\/web\/wp-json\/wp\/v2\/comments?post=30132"}],"version-history":[{"count":2,"href":"https:\/\/alianzanacional.com.uy\/web\/wp-json\/wp\/v2\/posts\/30132\/revisions"}],"predecessor-version":[{"id":30135,"href":"https:\/\/alianzanacional.com.uy\/web\/wp-json\/wp\/v2\/posts\/30132\/revisions\/30135"}],"wp:featuredmedia":[{"embeddable":true,"href":"https:\/\/alianzanacional.com.uy\/web\/wp-json\/wp\/v2\/media\/30133"}],"wp:attachment":[{"href":"https:\/\/alianzanacional.com.uy\/web\/wp-json\/wp\/v2\/media?parent=30132"}],"wp:term":[{"taxonomy":"category","embeddable":true,"href":"https:\/\/alianzanacional.com.uy\/web\/wp-json\/wp\/v2\/categories?post=30132"},{"taxonomy":"post_tag","embeddable":true,"href":"https:\/\/alianzanacional.com.uy\/web\/wp-json\/wp\/v2\/tags?post=30132"}],"curies":[{"name":"wp","href":"https:\/\/api.w.org\/{rel}","templated":true}]}}