{"id":30167,"date":"2017-09-16T13:30:40","date_gmt":"2017-09-16T16:30:40","guid":{"rendered":"http:\/\/alianzanacional.com.uy\/web\/?p=30167"},"modified":"2017-09-16T13:30:40","modified_gmt":"2017-09-16T16:30:40","slug":"larranaga-en-las-piedras-recibira-la-incorporacion-de-la-dra-lujan-gonzalez","status":"publish","type":"post","link":"https:\/\/alianzanacional.com.uy\/web\/larranaga-en-las-piedras-recibira-la-incorporacion-de-la-dra-lujan-gonzalez\/","title":{"rendered":"Larra\u00f1aga en Las Piedras: recibir\u00e1 la incorporaci\u00f3n de la Dra. Luj\u00e1n Gonz\u00e1lez"},"content":{"rendered":"<p><a href=\"https:\/\/alianzanacional.com.uy\/web\/wp-content\/uploads\/2017\/09\/21730962_10155608980092429_8236364858771459891_n.jpg\"><img fetchpriority=\"high\" decoding=\"async\" src=\"https:\/\/alianzanacional.com.uy\/web\/wp-content\/uploads\/2017\/09\/21730962_10155608980092429_8236364858771459891_n-700x393.jpg\" alt=\"\" width=\"620\" height=\"348\" class=\"alignnone size-large wp-image-30168\" srcset=\"https:\/\/alianzanacional.com.uy\/web\/wp-content\/uploads\/2017\/09\/21730962_10155608980092429_8236364858771459891_n-700x393.jpg 700w, https:\/\/alianzanacional.com.uy\/web\/wp-content\/uploads\/2017\/09\/21730962_10155608980092429_8236364858771459891_n-400x225.jpg 400w, https:\/\/alianzanacional.com.uy\/web\/wp-content\/uploads\/2017\/09\/21730962_10155608980092429_8236364858771459891_n-768x432.jpg 768w, https:\/\/alianzanacional.com.uy\/web\/wp-content\/uploads\/2017\/09\/21730962_10155608980092429_8236364858771459891_n.jpg 856w\" sizes=\"(max-width: 620px) 100vw, 620px\" \/><\/a><\/p>\n<p>Hoy s\u00e1bado 16 de setiembre a las 18 horas Jorge Larra\u00f1aga junto al diputado canario Richard Charamelo participar\u00e1n en la adhesi\u00f3n de la Dra. Luj\u00e1n Gonz\u00e1lez al sector Alianza Nacional. <\/p>\n<p>Gonz\u00e1lez es abogada y escribana y actualmente preside la Mesa Departamental de Canelones del Partido Nacional.<\/p>\n<p>El acto de incorporaci\u00f3n se realizar\u00e1 hoy s\u00e1bado 16 de setiembre a las 18 horas en el Centro Comercial de Las Piedras, ubicado en Lavalleja 646.<\/p>\n<p><strong>S\u00c1BADO 16 DE SETIEMBRE &#8211; 18 HORAS<br \/>\nCENTRO COMERCIAL DE LAS PIEDRAS<br \/>\nLAVALLEJA 646<\/strong><\/p>\n","protected":false},"excerpt":{"rendered":"<p>Hoy s\u00e1bado 16 de setiembre a las 18 horas Jorge Larra\u00f1aga junto al diputado canario Richard Charamelo participar\u00e1n en la adhesi\u00f3n de la Dra. Luj\u00e1n Gonz\u00e1lez al sector Alianza Nacional. Gonz\u00e1lez es abogada y escribana y actualmente preside la Mesa Departamental de Canelones del Partido Nacional. El acto de incorporaci\u00f3n se realizar\u00e1 hoy s\u00e1bado 16 [&hellip;]<\/p>\n","protected":false},"author":1,"featured_media":30168,"comment_status":"open","ping_status":"open","sticky":false,"template":"","format":"standard","meta":{"footnotes":""},"categories":[4],"tags":[],"class_list":["post-30167","post","type-post","status-publish","format-standard","has-post-thumbnail","hentry","category-agenda"],"_links":{"self":[{"href":"https:\/\/alianzanacional.com.uy\/web\/wp-json\/wp\/v2\/posts\/30167","targetHints":{"allow":["GET"]}}],"collection":[{"href":"https:\/\/alianzanacional.com.uy\/web\/wp-json\/wp\/v2\/posts"}],"about":[{"href":"https:\/\/alianzanacional.com.uy\/web\/wp-json\/wp\/v2\/types\/post"}],"author":[{"embeddable":true,"href":"https:\/\/alianzanacional.com.uy\/web\/wp-json\/wp\/v2\/users\/1"}],"replies":[{"embeddable":true,"href":"https:\/\/alianzanacional.com.uy\/web\/wp-json\/wp\/v2\/comments?post=30167"}],"version-history":[{"count":1,"href":"https:\/\/alianzanacional.com.uy\/web\/wp-json\/wp\/v2\/posts\/30167\/revisions"}],"predecessor-version":[{"id":30172,"href":"https:\/\/alianzanacional.com.uy\/web\/wp-json\/wp\/v2\/posts\/30167\/revisions\/30172"}],"wp:featuredmedia":[{"embeddable":true,"href":"https:\/\/alianzanacional.com.uy\/web\/wp-json\/wp\/v2\/media\/30168"}],"wp:attachment":[{"href":"https:\/\/alianzanacional.com.uy\/web\/wp-json\/wp\/v2\/media?parent=30167"}],"wp:term":[{"taxonomy":"category","embeddable":true,"href":"https:\/\/alianzanacional.com.uy\/web\/wp-json\/wp\/v2\/categories?post=30167"},{"taxonomy":"post_tag","embeddable":true,"href":"https:\/\/alianzanacional.com.uy\/web\/wp-json\/wp\/v2\/tags?post=30167"}],"curies":[{"name":"wp","href":"https:\/\/api.w.org\/{rel}","templated":true}]}}