{"id":30169,"date":"2017-09-16T13:30:19","date_gmt":"2017-09-16T16:30:19","guid":{"rendered":"http:\/\/alianzanacional.com.uy\/web\/?p=30169"},"modified":"2017-09-16T13:30:31","modified_gmt":"2017-09-16T16:30:31","slug":"olivera-solicito-becas-y-asesoramiento-para-jovenes-que-participan-en-clubes-de-ciencia","status":"publish","type":"post","link":"https:\/\/alianzanacional.com.uy\/web\/olivera-solicito-becas-y-asesoramiento-para-jovenes-que-participan-en-clubes-de-ciencia\/","title":{"rendered":"Olivera solicit\u00f3 becas y asesoramiento para j\u00f3venes que participan en Clubes de Ciencia"},"content":{"rendered":"<p><a href=\"https:\/\/alianzanacional.com.uy\/web\/wp-content\/uploads\/2017\/09\/WhatsApp-Image-2017-04-06-at-12.30.jpg\"><img fetchpriority=\"high\" decoding=\"async\" src=\"https:\/\/alianzanacional.com.uy\/web\/wp-content\/uploads\/2017\/09\/WhatsApp-Image-2017-04-06-at-12.30.jpg\" alt=\"\" width=\"640\" height=\"360\" class=\"alignnone size-full wp-image-30140\" srcset=\"https:\/\/alianzanacional.com.uy\/web\/wp-content\/uploads\/2017\/09\/WhatsApp-Image-2017-04-06-at-12.30.jpg 640w, https:\/\/alianzanacional.com.uy\/web\/wp-content\/uploads\/2017\/09\/WhatsApp-Image-2017-04-06-at-12.30-400x225.jpg 400w\" sizes=\"(max-width: 640px) 100vw, 640px\" \/><\/a><\/p>\n<p>D\u00edas atr\u00e1s, el diputado nacionalista, Nicol\u00e1s Olivera, curs\u00f3 una Exposici\u00f3n Escrita dirigida al Ministerio de Educaci\u00f3n y Cultura y por su intermedio al Consejo Directivo Central de la  Administraci\u00f3n Nacional de Educaci\u00f3n P\u00fablica (ANEP &#8211; CODICEN) entre otras delegaciones e instituciones relacionadas a temas educativos, a fin de que a los j\u00f3venes que participan en los Clubes de Ciencia  que se desarrollan por el mencionado ministerio en coordinaci\u00f3n con la ANEP y el CODICEN, se les brinde apoyo a trav\u00e9s de un sistema de becas y se garantice el asesoramiento oportuno para resguardar los derechos de invenci\u00f3n a partir de la intervenci\u00f3n de las autoridades respectivas.<\/p>\n<p>Olivera expone que las Ferias Nacionales de Clubes de Ciencia se constituyen a\u00f1o a a\u00f1o en el evento de ciencia y tecnolog\u00eda juvenil m\u00e1s importante del pa\u00eds, que en 2016 supuso la participaci\u00f3n de 72 localidades, haciendo un total del 192 Clubes de Ciencias, al tiempo que agrega que \u201cquienes resultan ganadores a nivel nacional (se premian a las categor\u00edas mayores Ciclo B\u00e1sico y Bachillerato), representan a nuestro pa\u00eds en las instancias internacionales\u201d.<\/p>\n<p>El diputado sanducero expresa que le \u201cresulta incomprensible que la mayor\u00eda de los j\u00f3venes integrantes de los clubes que participaron con destacado desempe\u00f1o en la instancias internacionales, luego de culminada la etapa de competencia, no puedan continuar el desarrollo de sus estudios y\/o proyectos por falta de fondos econ\u00f3micos, o no logren acceder al registro de las patentes por ausencia de apoyo y\/o asesoramiento\u201d.<br \/>\nHace referencia a proyecto de importancia para la vida de muchas personas, como ser los casos de la Silla de ruedas controlada por la voz (Chairtec) o el Guante Int\u00e9rprete para Sordos, e indica que estos no lograran acceder al registro de la patente correspondiente.<\/p>\n<p> \u201cNos genera una sensaci\u00f3n de impotencia ver que por ejemplo j\u00f3venes de nuestro Departamento de Paysand\u00fa, que han resultado premiados a nivel internacional, no pudieran ver cristalizados sus proyectos\u201d.<br \/>\nCulmina su exposici\u00f3n solicitando se analicen los mecanismos necesarios para dar continuidad a los proyectos en su faz de desarrollo, generando un sistema de becas que permita capitalizar los logros alcanzados, apuntalando el avance de la investigaci\u00f3n y potenciando el perfeccionamiento de los j\u00f3venes, e implantando un r\u00e9gimen de asesoramiento oportuno en materia de registro de patentes sin costo alguno para los participantes de los Clubes de Ciencia.<\/p>\n<p>A continuaci\u00f3n transcribimos la Exposici\u00f3n Escrita cursada por el Diputado Olivera.<\/p>\n<p>******<\/p>\n<p>Montevideo, 13 de setiembre de 2017.-<\/p>\n<p>Sr. Presidente de la C\u00e1mara de Representantes<br \/>\nProf. Jos\u00e9 Carlos Mah\u00eda<br \/>\nPresente.<\/p>\n<p>De nuestra mayor consideraci\u00f3n:<\/p>\n<p>De conformidad con lo que determina el art\u00edculo 155 del Reglamento de este Cuerpo es que solicito a Usted se curse la siguiente exposici\u00f3n escrita al Ministerio de Educaci\u00f3n y Cultura (MEC), y por su intermedio al Consejo Directivo Central de la  Administraci\u00f3n Nacional de Educaci\u00f3n P\u00fablica (ANEP &#8211; CODICEN) para su remisi\u00f3n al Consejo de Educaci\u00f3n Inicial y Primaria (CEIP), al Consejo de Educaci\u00f3n Secundaria (CES) y al Consejo de Educaci\u00f3n T\u00e9cnico Profesional (CETP \u2013 UTU), a la Comisi\u00f3n de Educaci\u00f3n de ambas C\u00e1maras, al Ministerio de Industria, Energ\u00eda y Miner\u00eda (MIEM) y por su intermedio a la Agencia Nacional de Investigaci\u00f3n e Innovaci\u00f3n (ANII) y al Laboratorio Tecnol\u00f3gico del Uruguay (LATU), a la Junta Departamental de Paysand\u00fa, los medios de prensa nacionales y en particular a los del Departamento de Paysand\u00fa, a fin de que a los j\u00f3venes que participan en los Clubes de Ciencia  que se desarrollan por el Ministerio de Educaci\u00f3n y Cultura \u2013 Direcci\u00f3n de Educaci\u00f3n en coordinaci\u00f3n con la ANEP \u2013 CODICEN, se les brinde apoyo a trav\u00e9s de un sistema de becas y se garantice el asesoramiento oportuno para resguardar los derechos de invenci\u00f3n a partir de la intervenci\u00f3n de las autoridades respectivas.<\/p>\n<p>Las actividades de cultura cient\u00edfica que involucra a los Clubes de Ciencia se desarrollan desde el a\u00f1o 1985 conformando un escenario de educaci\u00f3n no formal, en el que ni\u00f1os, j\u00f3venes y adultos pueden potenciar sus ideas y su creatividad a trav\u00e9s de una investigaci\u00f3n. Las Ferias Nacionales de Clubes de Ciencia se constituyen a\u00f1o a a\u00f1o en el evento de ciencia y tecnolog\u00eda juvenil m\u00e1s importante del pa\u00eds, que en 2016 supuso la participaci\u00f3n de 72 localidades, haciendo un total del 192 Clubes de Ciencias.<\/p>\n<p>Quienes resultan ganadores a nivel nacional (se premian a las categor\u00edas mayores Ciclo B\u00e1sico y Bachillerato), representan a nuestro pa\u00eds en las instancias internacionales, participando por ejemplo de la Feria INTEL-ISEF (alumnos de bachillerato con hasta 17 a\u00f1os de edad cumplidos al momento de la feria), que se realiza todos los a\u00f1os en E.E.U.U.; de la Feria de Ciencia y Tecnolog\u00eda de Nuevo Hamburgo, BRASIL (alumnos de bachillerato con hasta 18 a\u00f1os de edad cumplidos al momento de la feria), y de las Ferias internacionales como invitados especiales, en Panam\u00e1, Colombia, M\u00e9xico, Chile (alumnos de Ciclo B\u00e1sico y\/o Bachillerato), demostrando una excelente metodolog\u00eda de trabajo en proyectos.<\/p>\n<p>En este contexto, resulta incomprensible que la mayor\u00eda de los j\u00f3venes integrantes de los clubes que participaron con destacado desempe\u00f1o en la instancias internacionales, luego de culminada la etapa de competencia, no puedan continuar el desarrollo de sus estudios y\/o proyectos por falta de fondos econ\u00f3micos, o no logren acceder al registro de las patentes por ausencia de apoyo y\/o asesoramiento. Nos genera una sensaci\u00f3n de impotencia ver que por ejemplo j\u00f3venes de nuestro Departamento de Paysand\u00fa, que han resultado premiados a nivel internacional, no pudieran ver cristalizados sus proyectos, o peor a\u00fan \u2013 como en los casos de la Silla de ruedas controlada por la voz (Chairtec) o el Guante Int\u00e9rprete para Sordos &#8211; no lograran acceder al registro de la patente correspondiente.<\/p>\n<p>La evidencia nos demuestra que luego de un proceso exitoso, los j\u00f3venes deben enfrentarse a la frustraci\u00f3n de no poder seguir avanzando, desaprovechando la chance para ampliar sus estudios y proyectos, o llegando al  l\u00edmite perder los derechos de invenci\u00f3n por ausencia de apoyo de las autoridades respectivas.<\/p>\n<p>En virtud de lo expuesto, solicitamos que se analicen los mecanismos necesarios para dar continuidad a los proyectos en su faz de desarrollo, generando un sistema de becas que permita capitalizar los logros alcanzados, apuntalando el avance de la investigaci\u00f3n y potenciando el perfeccionamiento de los j\u00f3venes, e implantando un r\u00e9gimen de asesoramiento oportuno en materia de registro de patentes sin costo alguno para los participantes de los Clubes de Ciencia.<\/p>\n<p>Esperando se acceda a nuestro planteo, se despide de Ud. atentamente  <\/p>\n","protected":false},"excerpt":{"rendered":"<p>D\u00edas atr\u00e1s, el diputado nacionalista, Nicol\u00e1s Olivera, curs\u00f3 una Exposici\u00f3n Escrita dirigida al Ministerio de Educaci\u00f3n y Cultura y por su intermedio al Consejo Directivo Central de la Administraci\u00f3n Nacional de Educaci\u00f3n P\u00fablica (ANEP &#8211; CODICEN) entre otras delegaciones e instituciones relacionadas a temas educativos, a fin de que a los j\u00f3venes que participan en [&hellip;]<\/p>\n","protected":false},"author":1,"featured_media":30140,"comment_status":"open","ping_status":"open","sticky":false,"template":"","format":"standard","meta":{"footnotes":""},"categories":[164],"tags":[],"class_list":["post-30169","post","type-post","status-publish","format-standard","has-post-thumbnail","hentry","category-legislativas"],"_links":{"self":[{"href":"https:\/\/alianzanacional.com.uy\/web\/wp-json\/wp\/v2\/posts\/30169","targetHints":{"allow":["GET"]}}],"collection":[{"href":"https:\/\/alianzanacional.com.uy\/web\/wp-json\/wp\/v2\/posts"}],"about":[{"href":"https:\/\/alianzanacional.com.uy\/web\/wp-json\/wp\/v2\/types\/post"}],"author":[{"embeddable":true,"href":"https:\/\/alianzanacional.com.uy\/web\/wp-json\/wp\/v2\/users\/1"}],"replies":[{"embeddable":true,"href":"https:\/\/alianzanacional.com.uy\/web\/wp-json\/wp\/v2\/comments?post=30169"}],"version-history":[{"count":1,"href":"https:\/\/alianzanacional.com.uy\/web\/wp-json\/wp\/v2\/posts\/30169\/revisions"}],"predecessor-version":[{"id":30170,"href":"https:\/\/alianzanacional.com.uy\/web\/wp-json\/wp\/v2\/posts\/30169\/revisions\/30170"}],"wp:featuredmedia":[{"embeddable":true,"href":"https:\/\/alianzanacional.com.uy\/web\/wp-json\/wp\/v2\/media\/30140"}],"wp:attachment":[{"href":"https:\/\/alianzanacional.com.uy\/web\/wp-json\/wp\/v2\/media?parent=30169"}],"wp:term":[{"taxonomy":"category","embeddable":true,"href":"https:\/\/alianzanacional.com.uy\/web\/wp-json\/wp\/v2\/categories?post=30169"},{"taxonomy":"post_tag","embeddable":true,"href":"https:\/\/alianzanacional.com.uy\/web\/wp-json\/wp\/v2\/tags?post=30169"}],"curies":[{"name":"wp","href":"https:\/\/api.w.org\/{rel}","templated":true}]}}