{"id":30210,"date":"2017-09-30T12:07:09","date_gmt":"2017-09-30T15:07:09","guid":{"rendered":"http:\/\/alianzanacional.com.uy\/web\/?p=30210"},"modified":"2017-09-30T12:07:09","modified_gmt":"2017-09-30T15:07:09","slug":"gandini-convocara-a-astori-al-parlamento-por-negociacion-con-upm-y-renuncia-de-masoller","status":"publish","type":"post","link":"https:\/\/alianzanacional.com.uy\/web\/gandini-convocara-a-astori-al-parlamento-por-negociacion-con-upm-y-renuncia-de-masoller\/","title":{"rendered":"Gandini convocar\u00e1 a Astori al Parlamento por negociaci\u00f3n con UPM y renuncia de Masoller"},"content":{"rendered":"<p><a href=\"https:\/\/alianzanacional.com.uy\/web\/wp-content\/uploads\/2017\/07\/gandini1.jpg\"><img fetchpriority=\"high\" decoding=\"async\" src=\"https:\/\/alianzanacional.com.uy\/web\/wp-content\/uploads\/2017\/07\/gandini1-700x404.jpg\" alt=\"\" width=\"620\" height=\"358\" class=\"alignnone size-large wp-image-29937\" srcset=\"https:\/\/alianzanacional.com.uy\/web\/wp-content\/uploads\/2017\/07\/gandini1-700x404.jpg 700w, https:\/\/alianzanacional.com.uy\/web\/wp-content\/uploads\/2017\/07\/gandini1-400x231.jpg 400w, https:\/\/alianzanacional.com.uy\/web\/wp-content\/uploads\/2017\/07\/gandini1.jpg 728w\" sizes=\"(max-width: 620px) 100vw, 620px\" \/><\/a><\/p>\n<p>Para el Diputado Jorge Gandini, la participaci\u00f3n de los ministros Danilo Astori y V\u00edctor Rossi en las negociaciones con UPM, \u201clamentablemente me recuerdan a los mismos actores negociando la venta de Pluna con Leadgate.\u201d<\/p>\n<p>Record\u00f3 que en aquel tiempo el Ministro Astori dijo: \u201clo que empieza bien, termina bien.\u201d \u201cTodos sabemos que termin\u00f3 muy mal, y que fue Rossi quien debi\u00f3 ponerle la cara a la situaci\u00f3n.\u201d<\/p>\n<p>\u201cEl hecho de que renuncie un funcionario de tal grado de confianza del equipo econ\u00f3mico durante tres gobiernos, por lo que se est\u00e1 negociando; y lo que se est\u00e1 negociando no se conoce, nos obliga a pedir explicaciones.\u201d<\/p>\n<p>Por ello, \u201cvamos a convocar a la Comisi\u00f3n de Hacienda al Ministro de Econom\u00eda para que nos explique \u00bfcu\u00e1les son los t\u00e9rminos de la negociaci\u00f3n?, \u00bfdonde est\u00e1n las dificultades?, \u00bfque debe entregar Uruguay que resulta tan complejo para que UPM instale su segunda planta?, declar\u00f3.<\/p>\n<p>\u201cAdem\u00e1s de hacer las v\u00edas y el acceso al puerto; adem\u00e1s de declarar zona franca su explotaci\u00f3n y no cobrarle los impuestos; adem\u00e1s de venderle el combustible a precio de costo; adem\u00e1s de comprarle absolutamente toda la energ\u00eda el\u00e9ctrica excedente que generar\u00e1; \u00bfqu\u00e9 otras cosas hay que conceder, que son tan dif\u00edciles y est\u00e1n fuera del marco legal vigente para que UPM realice esa inversi\u00f3n en Uruguay, que desencadenan la renuncia de un funcionario de confianza del equipo econ\u00f3mico, como es el economista Andr\u00e9s Masoller?\u201d, se pregunt\u00f3.<\/p>\n<p>\u201cNo somos de sospechar, pero hay renuncias que abren sospecha, y por lo tanto tenemos la obligaci\u00f3n de preguntar y el Ejecutivo la obligaci\u00f3n de responder\u201d, culmin\u00f3 diciendo el legislador nacionalista.<\/p>\n","protected":false},"excerpt":{"rendered":"<p>Para el Diputado Jorge Gandini, la participaci\u00f3n de los ministros Danilo Astori y V\u00edctor Rossi en las negociaciones con UPM, \u201clamentablemente me recuerdan a los mismos actores negociando la venta de Pluna con Leadgate.\u201d Record\u00f3 que en aquel tiempo el Ministro Astori dijo: \u201clo que empieza bien, termina bien.\u201d \u201cTodos sabemos que termin\u00f3 muy mal, [&hellip;]<\/p>\n","protected":false},"author":1,"featured_media":29937,"comment_status":"open","ping_status":"open","sticky":false,"template":"","format":"standard","meta":{"footnotes":""},"categories":[164],"tags":[],"class_list":["post-30210","post","type-post","status-publish","format-standard","has-post-thumbnail","hentry","category-legislativas"],"_links":{"self":[{"href":"https:\/\/alianzanacional.com.uy\/web\/wp-json\/wp\/v2\/posts\/30210","targetHints":{"allow":["GET"]}}],"collection":[{"href":"https:\/\/alianzanacional.com.uy\/web\/wp-json\/wp\/v2\/posts"}],"about":[{"href":"https:\/\/alianzanacional.com.uy\/web\/wp-json\/wp\/v2\/types\/post"}],"author":[{"embeddable":true,"href":"https:\/\/alianzanacional.com.uy\/web\/wp-json\/wp\/v2\/users\/1"}],"replies":[{"embeddable":true,"href":"https:\/\/alianzanacional.com.uy\/web\/wp-json\/wp\/v2\/comments?post=30210"}],"version-history":[{"count":1,"href":"https:\/\/alianzanacional.com.uy\/web\/wp-json\/wp\/v2\/posts\/30210\/revisions"}],"predecessor-version":[{"id":30211,"href":"https:\/\/alianzanacional.com.uy\/web\/wp-json\/wp\/v2\/posts\/30210\/revisions\/30211"}],"wp:featuredmedia":[{"embeddable":true,"href":"https:\/\/alianzanacional.com.uy\/web\/wp-json\/wp\/v2\/media\/29937"}],"wp:attachment":[{"href":"https:\/\/alianzanacional.com.uy\/web\/wp-json\/wp\/v2\/media?parent=30210"}],"wp:term":[{"taxonomy":"category","embeddable":true,"href":"https:\/\/alianzanacional.com.uy\/web\/wp-json\/wp\/v2\/categories?post=30210"},{"taxonomy":"post_tag","embeddable":true,"href":"https:\/\/alianzanacional.com.uy\/web\/wp-json\/wp\/v2\/tags?post=30210"}],"curies":[{"name":"wp","href":"https:\/\/api.w.org\/{rel}","templated":true}]}}