{"id":30239,"date":"2017-10-24T13:58:55","date_gmt":"2017-10-24T16:58:55","guid":{"rendered":"http:\/\/alianzanacional.com.uy\/web\/?p=30239"},"modified":"2017-10-24T14:59:24","modified_gmt":"2017-10-24T17:59:24","slug":"zonas-francas-audiovisuales-gandini-si-no-se-vota-este-ano-la-inversion-se-retira","status":"publish","type":"post","link":"https:\/\/alianzanacional.com.uy\/web\/zonas-francas-audiovisuales-gandini-si-no-se-vota-este-ano-la-inversion-se-retira\/","title":{"rendered":"Zonas francas audiovisuales &#8211; Gandini: \u201csi no se vota este a\u00f1o, la inversi\u00f3n se retira\u201d"},"content":{"rendered":"<p><a href=\"https:\/\/alianzanacional.com.uy\/web\/wp-content\/uploads\/2017\/07\/ParlamentoUy000IMGREF4426.jpeg\"><img fetchpriority=\"high\" decoding=\"async\" src=\"https:\/\/alianzanacional.com.uy\/web\/wp-content\/uploads\/2017\/07\/ParlamentoUy000IMGREF4426-700x465.jpeg\" alt=\"\" width=\"620\" height=\"412\" class=\"alignnone size-large wp-image-29998\" srcset=\"https:\/\/alianzanacional.com.uy\/web\/wp-content\/uploads\/2017\/07\/ParlamentoUy000IMGREF4426-700x465.jpeg 700w, https:\/\/alianzanacional.com.uy\/web\/wp-content\/uploads\/2017\/07\/ParlamentoUy000IMGREF4426-400x266.jpeg 400w, https:\/\/alianzanacional.com.uy\/web\/wp-content\/uploads\/2017\/07\/ParlamentoUy000IMGREF4426-768x510.jpeg 768w, https:\/\/alianzanacional.com.uy\/web\/wp-content\/uploads\/2017\/07\/ParlamentoUy000IMGREF4426.jpeg 800w\" sizes=\"(max-width: 620px) 100vw, 620px\" \/><\/a><\/p>\n<p>A pesar de existir un acuerdo pol\u00edtico ratificado en varias ocasiones y en la Comisi\u00f3n de Hacienda de la C\u00e1mara de Representantes, la bancada oficialista present\u00f3 y vot\u00f3 una moci\u00f3n que traslada el tratamiento del proyecto de ley que permite las zonas francas audiovisuales para el 7 de noviembre.<\/p>\n<p>\u201cDesde hace cuatro a\u00f1os se viene alentando a que este proyecto se apruebe de una vez, ya que la inversi\u00f3n en la plenitud de su desarrollo puede llegar a los US$ 150.000.000. Seguramente se va a instalar en Maldonado y generar\u00e1 empleo con nuevas tecnolog\u00edas para actores y t\u00e9cnicos. Es un proyecto innovador, crea empleo\u201d, explic\u00f3 el Diputado Jorge Gandini. Y agreg\u00f3 que no puede creer que la C\u00e1mara se d\u00e9 \u201cel lujo de no considerarlo, porque se lo coloca como reh\u00e9n de otro proyecto\u201d que implica una modificaci\u00f3n a la ley madre de zonas francas.<\/p>\n<p>Gandini espera que \u201cel 7 de noviembre el partido pol\u00edtico que tiene la mayor\u00eda y el gobierno se pongan de acuerdo y se venga dispuesto a considerar este proyecto porque si no se vota este a\u00f1o en el Senado, la inversi\u00f3n se retira. \u00a1Se retira! No estamos en condiciones de perder esto, y mucho menos de desalentar a emprendedores\u201d, alert\u00f3.<\/p>\n","protected":false},"excerpt":{"rendered":"<p>A pesar de existir un acuerdo pol\u00edtico ratificado en varias ocasiones y en la Comisi\u00f3n de Hacienda de la C\u00e1mara de Representantes, la bancada oficialista present\u00f3 y vot\u00f3 una moci\u00f3n que traslada el tratamiento del proyecto de ley que permite las zonas francas audiovisuales para el 7 de noviembre. \u201cDesde hace cuatro a\u00f1os se viene [&hellip;]<\/p>\n","protected":false},"author":1,"featured_media":29998,"comment_status":"open","ping_status":"open","sticky":false,"template":"","format":"standard","meta":{"footnotes":""},"categories":[164],"tags":[],"class_list":["post-30239","post","type-post","status-publish","format-standard","has-post-thumbnail","hentry","category-legislativas"],"_links":{"self":[{"href":"https:\/\/alianzanacional.com.uy\/web\/wp-json\/wp\/v2\/posts\/30239","targetHints":{"allow":["GET"]}}],"collection":[{"href":"https:\/\/alianzanacional.com.uy\/web\/wp-json\/wp\/v2\/posts"}],"about":[{"href":"https:\/\/alianzanacional.com.uy\/web\/wp-json\/wp\/v2\/types\/post"}],"author":[{"embeddable":true,"href":"https:\/\/alianzanacional.com.uy\/web\/wp-json\/wp\/v2\/users\/1"}],"replies":[{"embeddable":true,"href":"https:\/\/alianzanacional.com.uy\/web\/wp-json\/wp\/v2\/comments?post=30239"}],"version-history":[{"count":1,"href":"https:\/\/alianzanacional.com.uy\/web\/wp-json\/wp\/v2\/posts\/30239\/revisions"}],"predecessor-version":[{"id":30244,"href":"https:\/\/alianzanacional.com.uy\/web\/wp-json\/wp\/v2\/posts\/30239\/revisions\/30244"}],"wp:featuredmedia":[{"embeddable":true,"href":"https:\/\/alianzanacional.com.uy\/web\/wp-json\/wp\/v2\/media\/29998"}],"wp:attachment":[{"href":"https:\/\/alianzanacional.com.uy\/web\/wp-json\/wp\/v2\/media?parent=30239"}],"wp:term":[{"taxonomy":"category","embeddable":true,"href":"https:\/\/alianzanacional.com.uy\/web\/wp-json\/wp\/v2\/categories?post=30239"},{"taxonomy":"post_tag","embeddable":true,"href":"https:\/\/alianzanacional.com.uy\/web\/wp-json\/wp\/v2\/tags?post=30239"}],"curies":[{"name":"wp","href":"https:\/\/api.w.org\/{rel}","templated":true}]}}