{"id":30270,"date":"2017-11-06T12:26:20","date_gmt":"2017-11-06T15:26:20","guid":{"rendered":"http:\/\/alianzanacional.com.uy\/web\/?p=30270"},"modified":"2017-11-06T12:26:41","modified_gmt":"2017-11-06T15:26:41","slug":"a-los-companeros-del-partido-nacional","status":"publish","type":"post","link":"https:\/\/alianzanacional.com.uy\/web\/a-los-companeros-del-partido-nacional\/","title":{"rendered":"Mensaje de Jorge Larra\u00f1aga a los compa\u00f1eros del Partido Nacional"},"content":{"rendered":"<p>Queridos compa\u00f1eros del Partido Nacional:<\/p>\n<p>Este tiempo puntual en la Historia de nuestro pa\u00eds nos necesita m\u00e1s que nunca. Como saben, yo no suscribo al pensamiento que divide a los buenos de los malos ni a los lindos de los feos, pero s\u00ed suscribo -y fervientemente- a la rotaci\u00f3n de hombres y mujeres en el poder del Gobierno de una Rep\u00fablica.<\/p>\n<p>Ser\u00e1n 15 a\u00f1os de gobierno de una misma fuerza pol\u00edtica y es notorio para muchos de nosotros que es momento de cambiar: Uruguay tiene la obligaci\u00f3n de avanzar rumbo al pa\u00eds del siglo XXI, un pa\u00eds de libertades y de oportunidades reales para todos. Solo nuestro Partido podr\u00e1 lograrlo.<\/p>\n<p>Para ganar nos necesitamos fuertes. Nos necesitamos juntos, todos. Nos necesitamos trabajando \u00fanica y exclusivamente para la victoria del Partido, que ser\u00e1 -no tengan dudas- la victoria del pa\u00eds. Para ganar nos necesitamos.<\/p>\n<p>Yo creo en mi Partido Nacional. Creo en sus militantes, creo en sus dirigentes, creo en sus l\u00edderes y creo m\u00e1s que nunca en su lucha. Siento que es el momento y estoy convencido de que solo nosotros podemos despertar a un pa\u00eds que descansa sobre lo ya conseguido mientras el mundo nos pide un cambio real para no quedar otra vez unos pasos atr\u00e1s del tiempo.<\/p>\n<p>Compa\u00f1eros y compa\u00f1eras del Partido Nacional: el pa\u00eds nos necesita y tenemos que estar a la altura del lugar que nos ha reservado la Historia. Es momento de ganar.<\/p>\n<p>La lucha no est\u00e1 en casa: est\u00e1 afuera. La lucha est\u00e1 en todos los departamentos del interior, en los barrios perif\u00e9ricos de Montevideo, en las familias que est\u00e1n excluidas del mercado laboral, en los ni\u00f1os que no reciben la educaci\u00f3n suficiente para realizarse, en los adolescentes que no tienen alternativas sanas y enriquecedoras para su tiempo libre, en los j\u00f3venes marginados, en los trabajadores con salarios rid\u00edculos, en las jubilaciones indignas, en el campo, en los pueblos, en las c\u00e1rceles, en los hospitales p\u00fablicos; en la calle.<\/p>\n<p style=\"text-align: center;\"><a href=\"https:\/\/alianzanacional.com.uy\/web\/wp-content\/uploads\/2015\/10\/firma.jpg\"><img decoding=\"async\" class=\"alignnone size-full wp-image-27713\" src=\"https:\/\/alianzanacional.com.uy\/web\/wp-content\/uploads\/2015\/10\/firma.jpg\" alt=\"\" width=\"300\" height=\"92\" \/><\/a><\/p>\n<p style=\"text-align: center;\">Jorge Larra\u00f1aga<\/p>\n<p>&nbsp;<\/p>\n<p>Jorge Larra\u00f1aga<\/p>\n","protected":false},"excerpt":{"rendered":"<p>Queridos compa\u00f1eros del Partido Nacional: Este tiempo puntual en la Historia de nuestro pa\u00eds nos necesita m\u00e1s que nunca. Como saben, yo no suscribo al pensamiento que divide a los buenos de los malos ni a los lindos de los feos, pero s\u00ed suscribo -y fervientemente- a la rotaci\u00f3n de hombres y mujeres en el [&hellip;]<\/p>\n","protected":false},"author":1,"featured_media":30272,"comment_status":"open","ping_status":"open","sticky":false,"template":"","format":"standard","meta":{"footnotes":""},"categories":[17],"tags":[],"class_list":["post-30270","post","type-post","status-publish","format-standard","has-post-thumbnail","hentry","category-columna"],"_links":{"self":[{"href":"https:\/\/alianzanacional.com.uy\/web\/wp-json\/wp\/v2\/posts\/30270","targetHints":{"allow":["GET"]}}],"collection":[{"href":"https:\/\/alianzanacional.com.uy\/web\/wp-json\/wp\/v2\/posts"}],"about":[{"href":"https:\/\/alianzanacional.com.uy\/web\/wp-json\/wp\/v2\/types\/post"}],"author":[{"embeddable":true,"href":"https:\/\/alianzanacional.com.uy\/web\/wp-json\/wp\/v2\/users\/1"}],"replies":[{"embeddable":true,"href":"https:\/\/alianzanacional.com.uy\/web\/wp-json\/wp\/v2\/comments?post=30270"}],"version-history":[{"count":2,"href":"https:\/\/alianzanacional.com.uy\/web\/wp-json\/wp\/v2\/posts\/30270\/revisions"}],"predecessor-version":[{"id":30274,"href":"https:\/\/alianzanacional.com.uy\/web\/wp-json\/wp\/v2\/posts\/30270\/revisions\/30274"}],"wp:featuredmedia":[{"embeddable":true,"href":"https:\/\/alianzanacional.com.uy\/web\/wp-json\/wp\/v2\/media\/30272"}],"wp:attachment":[{"href":"https:\/\/alianzanacional.com.uy\/web\/wp-json\/wp\/v2\/media?parent=30270"}],"wp:term":[{"taxonomy":"category","embeddable":true,"href":"https:\/\/alianzanacional.com.uy\/web\/wp-json\/wp\/v2\/categories?post=30270"},{"taxonomy":"post_tag","embeddable":true,"href":"https:\/\/alianzanacional.com.uy\/web\/wp-json\/wp\/v2\/tags?post=30270"}],"curies":[{"name":"wp","href":"https:\/\/api.w.org\/{rel}","templated":true}]}}