{"id":30276,"date":"2017-11-07T10:46:50","date_gmt":"2017-11-07T13:46:50","guid":{"rendered":"http:\/\/alianzanacional.com.uy\/web\/?p=30276"},"modified":"2017-11-07T10:46:50","modified_gmt":"2017-11-07T13:46:50","slug":"el-regreso-de-por-la-patria","status":"publish","type":"post","link":"https:\/\/alianzanacional.com.uy\/web\/el-regreso-de-por-la-patria\/","title":{"rendered":"El regreso de Por La Patria"},"content":{"rendered":"<p><a href=\"https:\/\/alianzanacional.com.uy\/web\/wp-content\/uploads\/2017\/11\/5dea34_5144c0d9bc1f4b8794e7bfaf3bdb875f-mv2.jpg\"><img fetchpriority=\"high\" decoding=\"async\" src=\"https:\/\/alianzanacional.com.uy\/web\/wp-content\/uploads\/2017\/11\/5dea34_5144c0d9bc1f4b8794e7bfaf3bdb875f-mv2-700x467.jpg\" alt=\"\" width=\"620\" height=\"414\" class=\"alignnone size-large wp-image-30277\" srcset=\"https:\/\/alianzanacional.com.uy\/web\/wp-content\/uploads\/2017\/11\/5dea34_5144c0d9bc1f4b8794e7bfaf3bdb875f-mv2-700x467.jpg 700w, https:\/\/alianzanacional.com.uy\/web\/wp-content\/uploads\/2017\/11\/5dea34_5144c0d9bc1f4b8794e7bfaf3bdb875f-mv2-400x267.jpg 400w, https:\/\/alianzanacional.com.uy\/web\/wp-content\/uploads\/2017\/11\/5dea34_5144c0d9bc1f4b8794e7bfaf3bdb875f-mv2-768x513.jpg 768w, https:\/\/alianzanacional.com.uy\/web\/wp-content\/uploads\/2017\/11\/5dea34_5144c0d9bc1f4b8794e7bfaf3bdb875f-mv2.jpg 900w\" sizes=\"(max-width: 620px) 100vw, 620px\" \/><\/a><\/p>\n<p>El 8 de noviembre el diputado Jorge Gandini relanzar\u00e1 el Movimiento Nacional Por La Patria en apoyo a la candidatura del senador Jorge Larra\u00f1aga.<\/p>\n<p>Decir Movimiento Nacional Por La Patria (PLP) es lo mismo que decir Wilson Ferreira Aldunate porque fue all\u00ed donde el mayor l\u00edder que el Partido Nacional tuvo en los \u00faltimos a\u00f1os canaliz\u00f3 de forma m\u00e1s contundente sus ideas y acciones al servicio del pa\u00eds y del Partido.<\/p>\n<p>Fundado en 1969 el nuevo movimiento se convirti\u00f3 en un faro de referencia pol\u00edtica e ideol\u00f3gica. Nadie discute lo que signific\u00f3 y el rol que jug\u00f3 aquel movimiento fundado cuando el pa\u00eds atravesaba situaciones cr\u00edticas.<\/p>\n<p>La contundencia de sus ideas, la practicidad de sus propuestas y la humanidad de su mensaje para un Uruguay fragmentado por fanatismos y posicionamientos extremas que tensaban y destru\u00edan la sociedad y debilitaban las instituciones, no tardaron en imponerse en el coraz\u00f3n de los uruguayos que anhelaban una salida diferente a la agresi\u00f3n guerrillera, la represi\u00f3n estatal y por supuesto la dictadura militar.<\/p>\n<p>Wilson fue el \u00fanico capaz de presentar un mensaje conciliador para sacar al pa\u00eds de la espiral de violencia en que hab\u00eda ca\u00eddo. Aunque no lo escucharon tendi\u00f3 puentes tanto con el entonces presidente democr\u00e1tico Juan M. Bordaberry y los tupamaros Julio Marenales y Mauricio Rosencof con el \u00fanico objetivo de \u00abparar la sangre y buscar la paz\u00bb.<\/p>\n<p>PLP naci\u00f3 en circunstancias extremadamente graves, creci\u00f3 y madur\u00f3 en plena dictadura militar, y se potenci\u00f3 en el reencuentro democr\u00e1tico a pesar de que Wilson fue excluido por el pacto del Partido Colorado y el Frente Amplio con la dictadura militar.<\/p>\n<p>Censurado en 1984 se convirti\u00f3 en la esperanza de miles de compatriotas que lo votar\u00edan en las elecciones de 1989, pero la vida no siempre da revanchas, ni es justa: el 15 de marzo de 1988 una enfermedad terrible se lo llev\u00f3.<\/p>\n<p>Sin embargo su esp\u00edritu permanece fortalecido y fortaleci\u00e9ndonos.<\/p>\n<p>Casi 30 a\u00f1os despu\u00e9s su legado se mantiene, ha crecido y empuja por reaparecer en las batallas que Wilson mejor daba, las batallas pol\u00edticas. Tal es su vigencia que a\u00fan aquellos que lo combatieron reconocen en \u00e9l lo que le negaron en vida.<\/p>\n<p>Por esa vigencia, por ese reclamo de las viejas generaciones que lo conocimos y votamos, pero fundamentalmente por las nuevas que no comprenden c\u00f3mo una corriente tan fermental se mantiene adormecida, es que PLP vuelve a renacer.<\/p>\n<p>Y lo m\u00e1s importante es que no se trata de un reconocimiento superficial como el pegot\u00edn en el termo, sino del inicio de un proceso profundo que le va a devolver al pa\u00eds el wilsonismo que le fue tan \u00fatil y que nunca debi\u00f3 perder.<\/p>\n<p>Como el propio Wilson dec\u00eda \u00abSomos viento nuevo en viejas banderas\u00bb.<\/p>\n<p>Edmundo Roselli.<\/p>\n","protected":false},"excerpt":{"rendered":"<p>El 8 de noviembre el diputado Jorge Gandini relanzar\u00e1 el Movimiento Nacional Por La Patria en apoyo a la candidatura del senador Jorge Larra\u00f1aga. Decir Movimiento Nacional Por La Patria (PLP) es lo mismo que decir Wilson Ferreira Aldunate porque fue all\u00ed donde el mayor l\u00edder que el Partido Nacional tuvo en los \u00faltimos a\u00f1os [&hellip;]<\/p>\n","protected":false},"author":1,"featured_media":30277,"comment_status":"open","ping_status":"open","sticky":false,"template":"","format":"standard","meta":{"footnotes":""},"categories":[17],"tags":[],"class_list":["post-30276","post","type-post","status-publish","format-standard","has-post-thumbnail","hentry","category-columna"],"_links":{"self":[{"href":"https:\/\/alianzanacional.com.uy\/web\/wp-json\/wp\/v2\/posts\/30276","targetHints":{"allow":["GET"]}}],"collection":[{"href":"https:\/\/alianzanacional.com.uy\/web\/wp-json\/wp\/v2\/posts"}],"about":[{"href":"https:\/\/alianzanacional.com.uy\/web\/wp-json\/wp\/v2\/types\/post"}],"author":[{"embeddable":true,"href":"https:\/\/alianzanacional.com.uy\/web\/wp-json\/wp\/v2\/users\/1"}],"replies":[{"embeddable":true,"href":"https:\/\/alianzanacional.com.uy\/web\/wp-json\/wp\/v2\/comments?post=30276"}],"version-history":[{"count":1,"href":"https:\/\/alianzanacional.com.uy\/web\/wp-json\/wp\/v2\/posts\/30276\/revisions"}],"predecessor-version":[{"id":30278,"href":"https:\/\/alianzanacional.com.uy\/web\/wp-json\/wp\/v2\/posts\/30276\/revisions\/30278"}],"wp:featuredmedia":[{"embeddable":true,"href":"https:\/\/alianzanacional.com.uy\/web\/wp-json\/wp\/v2\/media\/30277"}],"wp:attachment":[{"href":"https:\/\/alianzanacional.com.uy\/web\/wp-json\/wp\/v2\/media?parent=30276"}],"wp:term":[{"taxonomy":"category","embeddable":true,"href":"https:\/\/alianzanacional.com.uy\/web\/wp-json\/wp\/v2\/categories?post=30276"},{"taxonomy":"post_tag","embeddable":true,"href":"https:\/\/alianzanacional.com.uy\/web\/wp-json\/wp\/v2\/tags?post=30276"}],"curies":[{"name":"wp","href":"https:\/\/api.w.org\/{rel}","templated":true}]}}