{"id":30284,"date":"2017-11-07T11:20:46","date_gmt":"2017-11-07T14:20:46","guid":{"rendered":"http:\/\/alianzanacional.com.uy\/web\/?p=30284"},"modified":"2017-11-07T11:20:46","modified_gmt":"2017-11-07T14:20:46","slug":"invitacion-vuelve-por-la-patria","status":"publish","type":"post","link":"https:\/\/alianzanacional.com.uy\/web\/invitacion-vuelve-por-la-patria\/","title":{"rendered":"INVITACI\u00d3N &#8211; Vuelve \u00abPor la Patria\u00bb"},"content":{"rendered":"<p><a href=\"https:\/\/alianzanacional.com.uy\/web\/wp-content\/uploads\/2017\/11\/23167636_1748816021796169_9194827554663318808_n.jpg\"><img fetchpriority=\"high\" decoding=\"async\" class=\"alignnone size-large wp-image-30285\" src=\"https:\/\/alianzanacional.com.uy\/web\/wp-content\/uploads\/2017\/11\/23167636_1748816021796169_9194827554663318808_n-700x432.jpg\" alt=\"\" width=\"620\" height=\"383\" srcset=\"https:\/\/alianzanacional.com.uy\/web\/wp-content\/uploads\/2017\/11\/23167636_1748816021796169_9194827554663318808_n-700x432.jpg 700w, https:\/\/alianzanacional.com.uy\/web\/wp-content\/uploads\/2017\/11\/23167636_1748816021796169_9194827554663318808_n-400x247.jpg 400w, https:\/\/alianzanacional.com.uy\/web\/wp-content\/uploads\/2017\/11\/23167636_1748816021796169_9194827554663318808_n-768x474.jpg 768w, https:\/\/alianzanacional.com.uy\/web\/wp-content\/uploads\/2017\/11\/23167636_1748816021796169_9194827554663318808_n.jpg 960w\" sizes=\"(max-width: 620px) 100vw, 620px\" \/><\/a><\/p>\n<p>El pr\u00f3ximo mi\u00e9rcoles 8 de noviembre, a las 19 horas, en el Grand Ballroom del Hotel Radisson Montevideo, Jorge Gandini y referentes de todo el pa\u00eds lanzar\u00e1n \u201cPor La Patria\u201d, apoyando la candidatura a la Presidencia de Jorge Larra\u00f1aga.<\/p>\n<p>En palabras del propio Gandini \u201cEst\u00e1 bueno sumarse a construir cosas nuevas. Al partido le hace falta, porque el desaf\u00edo es ganar y no puede quedar ni uno en la casa. Cuando convoco a la rebeli\u00f3n, convoco a eso. Que nadie se quede mirando el futuro por televisi\u00f3n\u201d.<\/p>\n<p><strong>Mi\u00e9rcoles 8 de noviembre<br \/>\n19 horas<br \/>\nGrand Ballroom del Hotel Radisson Montevideo<br \/>\nPlaza Independencia 759<\/strong><\/p>\n<p><iframe style=\"border: none; overflow: hidden;\" src=\"https:\/\/www.facebook.com\/plugins\/video.php?href=https%3A%2F%2Fwww.facebook.com%2Ftufidiputado%2Fvideos%2F597779800392212%2F&amp;show_text=0&amp;width=560\" width=\"560\" height=\"314\" frameborder=\"0\" scrolling=\"no\" allowfullscreen=\"allowfullscreen\"><\/iframe><\/p>\n","protected":false},"excerpt":{"rendered":"<p>El pr\u00f3ximo mi\u00e9rcoles 8 de noviembre, a las 19 horas, en el Grand Ballroom del Hotel Radisson Montevideo, Jorge Gandini y referentes de todo el pa\u00eds lanzar\u00e1n \u201cPor La Patria\u201d, apoyando la candidatura a la Presidencia de Jorge Larra\u00f1aga. En palabras del propio Gandini \u201cEst\u00e1 bueno sumarse a construir cosas nuevas. Al partido le hace [&hellip;]<\/p>\n","protected":false},"author":1,"featured_media":30285,"comment_status":"open","ping_status":"open","sticky":false,"template":"","format":"standard","meta":{"footnotes":""},"categories":[4],"tags":[],"class_list":["post-30284","post","type-post","status-publish","format-standard","has-post-thumbnail","hentry","category-agenda"],"_links":{"self":[{"href":"https:\/\/alianzanacional.com.uy\/web\/wp-json\/wp\/v2\/posts\/30284","targetHints":{"allow":["GET"]}}],"collection":[{"href":"https:\/\/alianzanacional.com.uy\/web\/wp-json\/wp\/v2\/posts"}],"about":[{"href":"https:\/\/alianzanacional.com.uy\/web\/wp-json\/wp\/v2\/types\/post"}],"author":[{"embeddable":true,"href":"https:\/\/alianzanacional.com.uy\/web\/wp-json\/wp\/v2\/users\/1"}],"replies":[{"embeddable":true,"href":"https:\/\/alianzanacional.com.uy\/web\/wp-json\/wp\/v2\/comments?post=30284"}],"version-history":[{"count":1,"href":"https:\/\/alianzanacional.com.uy\/web\/wp-json\/wp\/v2\/posts\/30284\/revisions"}],"predecessor-version":[{"id":30286,"href":"https:\/\/alianzanacional.com.uy\/web\/wp-json\/wp\/v2\/posts\/30284\/revisions\/30286"}],"wp:featuredmedia":[{"embeddable":true,"href":"https:\/\/alianzanacional.com.uy\/web\/wp-json\/wp\/v2\/media\/30285"}],"wp:attachment":[{"href":"https:\/\/alianzanacional.com.uy\/web\/wp-json\/wp\/v2\/media?parent=30284"}],"wp:term":[{"taxonomy":"category","embeddable":true,"href":"https:\/\/alianzanacional.com.uy\/web\/wp-json\/wp\/v2\/categories?post=30284"},{"taxonomy":"post_tag","embeddable":true,"href":"https:\/\/alianzanacional.com.uy\/web\/wp-json\/wp\/v2\/tags?post=30284"}],"curies":[{"name":"wp","href":"https:\/\/api.w.org\/{rel}","templated":true}]}}