{"id":30336,"date":"2017-11-29T14:29:17","date_gmt":"2017-11-29T17:29:17","guid":{"rendered":"http:\/\/alianzanacional.com.uy\/web\/?p=30336"},"modified":"2017-11-29T14:29:17","modified_gmt":"2017-11-29T17:29:17","slug":"fondo-capital-van-dos-anos-y-no-se-ha-puesto-un-ladrillo","status":"publish","type":"post","link":"https:\/\/alianzanacional.com.uy\/web\/fondo-capital-van-dos-anos-y-no-se-ha-puesto-un-ladrillo\/","title":{"rendered":"Fondo capital: \u00abVan dos a\u00f1os y no se ha puesto un ladrillo\u00bb"},"content":{"rendered":"<p><a href=\"https:\/\/alianzanacional.com.uy\/web\/wp-content\/uploads\/2017\/11\/DPuoKBuW0AAXJB5.jpg\"><img fetchpriority=\"high\" decoding=\"async\" src=\"https:\/\/alianzanacional.com.uy\/web\/wp-content\/uploads\/2017\/11\/DPuoKBuW0AAXJB5-700x308.jpg\" alt=\"\" width=\"620\" height=\"273\" class=\"alignnone size-large wp-image-30337\" srcset=\"https:\/\/alianzanacional.com.uy\/web\/wp-content\/uploads\/2017\/11\/DPuoKBuW0AAXJB5-700x308.jpg 700w, https:\/\/alianzanacional.com.uy\/web\/wp-content\/uploads\/2017\/11\/DPuoKBuW0AAXJB5-400x176.jpg 400w, https:\/\/alianzanacional.com.uy\/web\/wp-content\/uploads\/2017\/11\/DPuoKBuW0AAXJB5-768x338.jpg 768w, https:\/\/alianzanacional.com.uy\/web\/wp-content\/uploads\/2017\/11\/DPuoKBuW0AAXJB5.jpg 1000w\" sizes=\"(max-width: 620px) 100vw, 620px\" \/><\/a><\/p>\n<p><em>En d\u00edas pasados una delegaci\u00f3n integrada por representantes de la Intendencia de Montevideo y de Rep\u00fablica Afisa, administradora del Fondo Capital, hizo una presentaci\u00f3n en la Junta Departamental sobre el avance de los proyectos del fideicomiso, que implican un endeudamiento de casi US$ 100 millones.<\/em><\/p>\n<p>\u00abNo pod\u00edan hablar de obras, porque no se ha movido un ladrillo, ni una carretilla, ni una bolsa de portland. Y han pasado dos a\u00f1os desde que se negoci\u00f3 el pr\u00e9stamo\u00bb, dijo a El Pa\u00eds el edil de Alianza Nacional Javier Barrios Bove.<\/p>\n<p>\u00abEl buque insignia de esta administraci\u00f3n, que es el Fondo Capital, lleva dos a\u00f1os de gesti\u00f3n. Y Daniel Mart\u00ednez no ha iniciado ninguna obra importante\u00bb, observ\u00f3 el edil Barrios Bove.<\/p>\n<p>\u00abTodas las cintas que ha cortado son cosas heredadas de la administraci\u00f3n de Ana Olivera: General Flores (pol\u00e9mica adem\u00e1s); la avenida del Hip\u00f3dromo; todos los realojos de asentamientos que se est\u00e1n haciendo; el Intercambiador Belloni&#8230; En m\u00e1s de dos a\u00f1os no se ha iniciado ninguna obra de porte, ni con financiamiento p\u00fablico ni con privado\u00bb, agreg\u00f3 el legislador de Alianza Nacional.<\/p>\n<p>\u00abEntre la aprobaci\u00f3n y alg\u00fan llamado a licitaci\u00f3n, se han ido dos a\u00f1os. Tampoco est\u00e1n todos los proyectos ejecutivos ni las licitaciones prontas. El anteproyecto del intercambiador (de Avenida Italia) lo presentaron hace algo m\u00e1s de un mes. Ha sido una tomadura de pelo\u00bb, se quej\u00f3 Barrios.<\/p>\n<p><strong>Los blancos excluidos de hacer un seguimiento<\/strong><\/p>\n<p>La Comisi\u00f3n de Seguimiento del Fondo Capital, que recibi\u00f3 en la Junta a la delegaci\u00f3n de la IMM y de Rep\u00fablica Afisa, est\u00e1 integrada \u00fanicamente por quienes votaron el endeudamiento, seg\u00fan una decisi\u00f3n que se tom\u00f3 cuando se hizo el acuerdo entre la bancada de Novick y el Frente Amplio. El Partido Nacional pidi\u00f3 integrarla, pero se le neg\u00f3 esa posibilidad.<\/p>\n<p>Extracto de El Pa\u00eds<\/p>\n","protected":false},"excerpt":{"rendered":"<p>En d\u00edas pasados una delegaci\u00f3n integrada por representantes de la Intendencia de Montevideo y de Rep\u00fablica Afisa, administradora del Fondo Capital, hizo una presentaci\u00f3n en la Junta Departamental sobre el avance de los proyectos del fideicomiso, que implican un endeudamiento de casi US$ 100 millones. \u00abNo pod\u00edan hablar de obras, porque no se ha movido [&hellip;]<\/p>\n","protected":false},"author":1,"featured_media":30337,"comment_status":"open","ping_status":"open","sticky":false,"template":"","format":"standard","meta":{"footnotes":""},"categories":[232],"tags":[],"class_list":["post-30336","post","type-post","status-publish","format-standard","has-post-thumbnail","hentry","category-departamentales"],"_links":{"self":[{"href":"https:\/\/alianzanacional.com.uy\/web\/wp-json\/wp\/v2\/posts\/30336","targetHints":{"allow":["GET"]}}],"collection":[{"href":"https:\/\/alianzanacional.com.uy\/web\/wp-json\/wp\/v2\/posts"}],"about":[{"href":"https:\/\/alianzanacional.com.uy\/web\/wp-json\/wp\/v2\/types\/post"}],"author":[{"embeddable":true,"href":"https:\/\/alianzanacional.com.uy\/web\/wp-json\/wp\/v2\/users\/1"}],"replies":[{"embeddable":true,"href":"https:\/\/alianzanacional.com.uy\/web\/wp-json\/wp\/v2\/comments?post=30336"}],"version-history":[{"count":1,"href":"https:\/\/alianzanacional.com.uy\/web\/wp-json\/wp\/v2\/posts\/30336\/revisions"}],"predecessor-version":[{"id":30338,"href":"https:\/\/alianzanacional.com.uy\/web\/wp-json\/wp\/v2\/posts\/30336\/revisions\/30338"}],"wp:featuredmedia":[{"embeddable":true,"href":"https:\/\/alianzanacional.com.uy\/web\/wp-json\/wp\/v2\/media\/30337"}],"wp:attachment":[{"href":"https:\/\/alianzanacional.com.uy\/web\/wp-json\/wp\/v2\/media?parent=30336"}],"wp:term":[{"taxonomy":"category","embeddable":true,"href":"https:\/\/alianzanacional.com.uy\/web\/wp-json\/wp\/v2\/categories?post=30336"},{"taxonomy":"post_tag","embeddable":true,"href":"https:\/\/alianzanacional.com.uy\/web\/wp-json\/wp\/v2\/tags?post=30336"}],"curies":[{"name":"wp","href":"https:\/\/api.w.org\/{rel}","templated":true}]}}