{"id":30340,"date":"2017-11-29T14:30:44","date_gmt":"2017-11-29T17:30:44","guid":{"rendered":"http:\/\/alianzanacional.com.uy\/web\/?p=30340"},"modified":"2017-11-29T14:30:44","modified_gmt":"2017-11-29T17:30:44","slug":"cincuentones-para-gandini-el-proyecto-no-se-discute-porque-vazquez-atropella","status":"publish","type":"post","link":"https:\/\/alianzanacional.com.uy\/web\/cincuentones-para-gandini-el-proyecto-no-se-discute-porque-vazquez-atropella\/","title":{"rendered":"Cincuentones: Para Gandini el proyecto no se discute porque V\u00e1zquez atropella"},"content":{"rendered":"<p><a href=\"https:\/\/alianzanacional.com.uy\/web\/wp-content\/uploads\/2017\/07\/gandini1.jpg\"><img fetchpriority=\"high\" decoding=\"async\" src=\"https:\/\/alianzanacional.com.uy\/web\/wp-content\/uploads\/2017\/07\/gandini1-700x404.jpg\" alt=\"\" width=\"620\" height=\"358\" class=\"alignnone size-large wp-image-29937\" srcset=\"https:\/\/alianzanacional.com.uy\/web\/wp-content\/uploads\/2017\/07\/gandini1-700x404.jpg 700w, https:\/\/alianzanacional.com.uy\/web\/wp-content\/uploads\/2017\/07\/gandini1-400x231.jpg 400w, https:\/\/alianzanacional.com.uy\/web\/wp-content\/uploads\/2017\/07\/gandini1.jpg 728w\" sizes=\"(max-width: 620px) 100vw, 620px\" \/><\/a><\/p>\n<p>El Diputado Jorge Gandini, integrante de la Comisi\u00f3n de Hacienda de Diputados, consultado sobre la diferencias que existen en el partido de gobierno sobre el proyecto de ley denominado \u201cde los cincuentones\u201d, indic\u00f3 que \u201ca nivel parlamentario hay un tono de la discusi\u00f3n y el Presidente de la Rep\u00fablica manda hacer otra cosa. Este proyecto est\u00e1 en Comisi\u00f3n de Hacienda y Seguridad Social, donde hemos recibido a todo el mundo. Ahora hace un mes que no nos reunimos porque el \u00faltimo que compareci\u00f3 fue el Ministerio de Econom\u00eda (MEF), que es quien manda el proyecto, y no tiene el c\u00e1lculo de su costo.\u201d<\/p>\n<p>\u201cUnos nos hablaron de USD 4.000 millones, otros de USD 4.500 millones, el BPS de de USD 2.000 millones, una danza de miles de millones de d\u00f3lares incre\u00edble, las diferencias son brutales\u201d, puntualiz\u00f3.<\/p>\n<p>Para Gandini es inaudito que el MEF no sepa \u201ccuanto hay que poner para arreglar el tema de los cincuentones. No hemos podido reunirnos porque cada semana el Ministerio dice que aun no tiene los datos. Y ahora nos piden que vayamos a Sala sin que tratemos el tema en Comisi\u00f3n, \u00bfsin tener el n\u00famero de Econom\u00eda?, \u00bfsin saber cu\u00e1nto sale?, \u00bfsin saber cu\u00e1l es la soluci\u00f3n?, \u00bfsin aceptar alguna otra soluci\u00f3n y sin votar en Comisi\u00f3n? Nosotros tenemos algunas otras propuestas, \u00bfno se nos va a considerar?\u201d se pregunt\u00f3.<\/p>\n<p>Con respecto a esto, Gandini afirm\u00f3 que la propuesta de la oposici\u00f3n es mejor. \u201cTan mejor es que el Senador Michelini la tom\u00f3, y tambi\u00e9n lo hizo ahora el Diputado Pozzi, de que la persona tenga la libertad de elegir a la hora de jubilarse, si prefiere un sistema o si prefiere otro. Todos los datos dicen que los cincuentones a los 67 a\u00f1os aproximadamente, emparejan; porque m\u00e1s o menos cobrar\u00edan lo mismo a esa edad por un sistema o por el de las AFAPs porque ya madur\u00f3 el ahorro. A los 67 a\u00f1os cada uno podr\u00eda elegir y, capaz que le conviene quedarse en la AFAP. Eso es bueno para usted y es mejor para el sistema. Eso es lo que est\u00e1 diciendo Pozzi, eso es lo que se plante\u00f3 en comisi\u00f3n, esos son los proyectos que tenemos nosotros\u201d, explic\u00f3.<\/p>\n<p>Gandini lament\u00f3 que esto no se pueda discutir porque \u201cel Frente Amplio atropella, lo hace porque V\u00e1zquez atropella. El tema de los cincuentones hay que arreglarlo, pero hay que arreglarlo bien. No se puede ser irresponsable. Tenernos que saber qui\u00e9n paga la fiesta, alguien va a pagar esto\u201d, remarc\u00f3.<\/p>\n","protected":false},"excerpt":{"rendered":"<p>El Diputado Jorge Gandini, integrante de la Comisi\u00f3n de Hacienda de Diputados, consultado sobre la diferencias que existen en el partido de gobierno sobre el proyecto de ley denominado \u201cde los cincuentones\u201d, indic\u00f3 que \u201ca nivel parlamentario hay un tono de la discusi\u00f3n y el Presidente de la Rep\u00fablica manda hacer otra cosa. Este proyecto [&hellip;]<\/p>\n","protected":false},"author":1,"featured_media":29937,"comment_status":"open","ping_status":"open","sticky":false,"template":"","format":"standard","meta":{"footnotes":""},"categories":[164],"tags":[],"class_list":["post-30340","post","type-post","status-publish","format-standard","has-post-thumbnail","hentry","category-legislativas"],"_links":{"self":[{"href":"https:\/\/alianzanacional.com.uy\/web\/wp-json\/wp\/v2\/posts\/30340","targetHints":{"allow":["GET"]}}],"collection":[{"href":"https:\/\/alianzanacional.com.uy\/web\/wp-json\/wp\/v2\/posts"}],"about":[{"href":"https:\/\/alianzanacional.com.uy\/web\/wp-json\/wp\/v2\/types\/post"}],"author":[{"embeddable":true,"href":"https:\/\/alianzanacional.com.uy\/web\/wp-json\/wp\/v2\/users\/1"}],"replies":[{"embeddable":true,"href":"https:\/\/alianzanacional.com.uy\/web\/wp-json\/wp\/v2\/comments?post=30340"}],"version-history":[{"count":1,"href":"https:\/\/alianzanacional.com.uy\/web\/wp-json\/wp\/v2\/posts\/30340\/revisions"}],"predecessor-version":[{"id":30341,"href":"https:\/\/alianzanacional.com.uy\/web\/wp-json\/wp\/v2\/posts\/30340\/revisions\/30341"}],"wp:featuredmedia":[{"embeddable":true,"href":"https:\/\/alianzanacional.com.uy\/web\/wp-json\/wp\/v2\/media\/29937"}],"wp:attachment":[{"href":"https:\/\/alianzanacional.com.uy\/web\/wp-json\/wp\/v2\/media?parent=30340"}],"wp:term":[{"taxonomy":"category","embeddable":true,"href":"https:\/\/alianzanacional.com.uy\/web\/wp-json\/wp\/v2\/categories?post=30340"},{"taxonomy":"post_tag","embeddable":true,"href":"https:\/\/alianzanacional.com.uy\/web\/wp-json\/wp\/v2\/tags?post=30340"}],"curies":[{"name":"wp","href":"https:\/\/api.w.org\/{rel}","templated":true}]}}