{"id":30364,"date":"2017-12-08T12:32:25","date_gmt":"2017-12-08T15:32:25","guid":{"rendered":"http:\/\/alianzanacional.com.uy\/web\/?p=30364"},"modified":"2017-12-08T12:39:00","modified_gmt":"2017-12-08T15:39:00","slug":"roselli-colonia-necesita-inversores-que-generen-fuentes-de-trabajo","status":"publish","type":"post","link":"https:\/\/alianzanacional.com.uy\/web\/roselli-colonia-necesita-inversores-que-generen-fuentes-de-trabajo\/","title":{"rendered":"Roselli: \u00abColonia necesita inversores que generen fuentes de trabajo\u00bb"},"content":{"rendered":"<p><a href=\"https:\/\/alianzanacional.com.uy\/web\/wp-content\/uploads\/2017\/12\/5dea34_ec27dda14f77415cb2cba66a600a4dd8_mv2.jpg\"><img fetchpriority=\"high\" decoding=\"async\" src=\"https:\/\/alianzanacional.com.uy\/web\/wp-content\/uploads\/2017\/12\/5dea34_ec27dda14f77415cb2cba66a600a4dd8_mv2-700x467.jpg\" alt=\"\" width=\"620\" height=\"414\" class=\"alignnone size-large wp-image-30365\" srcset=\"https:\/\/alianzanacional.com.uy\/web\/wp-content\/uploads\/2017\/12\/5dea34_ec27dda14f77415cb2cba66a600a4dd8_mv2-700x467.jpg 700w, https:\/\/alianzanacional.com.uy\/web\/wp-content\/uploads\/2017\/12\/5dea34_ec27dda14f77415cb2cba66a600a4dd8_mv2-400x267.jpg 400w, https:\/\/alianzanacional.com.uy\/web\/wp-content\/uploads\/2017\/12\/5dea34_ec27dda14f77415cb2cba66a600a4dd8_mv2-768x512.jpg 768w, https:\/\/alianzanacional.com.uy\/web\/wp-content\/uploads\/2017\/12\/5dea34_ec27dda14f77415cb2cba66a600a4dd8_mv2.jpg 900w\" sizes=\"(max-width: 620px) 100vw, 620px\" \/><\/a><\/p>\n<p>El diputado Edmundo Roselli visit\u00f3 la ciudad de Rosario dialogando con vecinos sobre las dificultades que enfrenta esa zona del departamento. La jornada finaliz\u00f3 con una reuni\u00f3n en el club El Colla donde dijo que el intendente debe buscar inversores que den trabajo y respondan al mayor reclamo de la ciudadan\u00eda que es por trabajo y vivienda; critic\u00f3 el tarifazo que se aplicar\u00e1 a partir del 1\u00ba de enero pr\u00f3ximo y la pol\u00edtica de cierre de sucursales del BROU.<\/p>\n<p>Edmundo Roselli dijo que en Colonia \u201cse est\u00e1 desarrollando un movimiento nuevo y arrollador\u201d en el cual los vecinos y dirigentes \u201cde toda Colonia\u201d se van sumando incluyendo a los j\u00f3venes que quieren tener su lugar, y \u201cni que hablar\u201d del papel que deben cumplir las mujeres en el \u00e1mbito pol\u00edtico.<\/p>\n<p>Ante la afirmaci\u00f3n de un militante de que seguro Roselli ser\u00e1 el pr\u00f3ximo intendente de Colonia, el diputado expres\u00f3 no saber si va a ser intendente porque en las pr\u00f3ximas instancias electorales \u00e9l estar\u00e1 donde el Partido Nacional y la ciudadan\u00eda decida, pero que en caso de serlo estar\u00e1 \u201ccerca de las necesidades de la gente\u201d, porque el diputado ni el intendente deben esperar que la gente vaya a sus despachos a plantear sus dificultades sino que es \u201cel diputado y el intendente los que deben ir a donde est\u00e1 la gente para poder escuchar sus problemas y trabajar en solucionarlos\u201d.<\/p>\n<p>\u201cNecesitamos inversores que vengan, se instalen y generen fuentes de trabajo. Necesitamos un intendente y un equipo con el intendente que busque esas inversiones\u201d, reclam\u00f3, porque los mayores problemas de la gente est\u00e1n en que no tiene trabajo y que necesita viviendas.<\/p>\n<p><strong>TARIFAZO Y CIERRES EN EL BROU.<\/strong><\/p>\n<p>Sobre la suba de las tarifas p\u00fablicas anunciadas por el Ministerio de Econom\u00eda y Finanzas el mi\u00e9rcoles, Roselli dijo que se trata de un nuevo \u201ctarifazo\u201d que incluye las naftas cuando hace poco tiempo nos impulsaron a no comprar veh\u00edculos a gasoil. Los ciudadanos, los trabajadores dejaron el gasoil y compraron veh\u00edculos nafteros, pero el 1\u00ba de enero de 2018 la suba del gasoil ser\u00e1 del 4,8 % y la nafta lo har\u00e1 9,8 % con lo que se afectar\u00e1 la econom\u00eda de todos.<\/p>\n<p>A esa suba debe sumarse el incremente de la UTE, OSE y ANTEL, todo pensado no para mejorar los servicios sino tapar el d\u00e9ficit fiscal que resulta de la mala administraci\u00f3n. Tan mala que ni siquiera en plena crisis de 2002 se tuvo un d\u00e9ficit tan grande. \u201cSe est\u00e1n cayendo todas las empresas\u201d, asegur\u00f3<\/p>\n<p>Tambi\u00e9n critic\u00f3 la pol\u00edtica que lleva adelante el Banco de la Rep\u00fablica (BROU) que no tiene una pol\u00edtica de apoyo a quien quiere trabajar y producir, y adem\u00e1s en nombre de la tecnolog\u00eda impulsa cambios que perjudica a las empresas y los trabajadores. Argumentando avances tecnol\u00f3gicos el BROU va cerrando sucursales con lo que \u201cse pierde el trato de persona a persona entre el cliente y el gerente de la sucursal\u201d, lo que constituye un alejamiento del Estado de donde est\u00e1 la gente que hace uso de sus servicios, explic\u00f3.<\/p>\n<p>Aclar\u00f3 que no est\u00e1 en contra de la tecnolog\u00eda sino todo lo contrario ya que es algo que vino para quedarse. \u201cHay tractores que se manejan solos\u201d, ejemplific\u00f3, pero el avance tecnol\u00f3gico \u00abno puede alejarnos, dijo.<\/p>\n<p><strong>RESUMEN DE ACCI\u00d3N.<br \/>\n <\/strong><br \/>\nLa reuni\u00f3n finaliz\u00f3 con la exhibici\u00f3n de un video que resume la actuaci\u00f3n del diputado Roselli durante 2017, con algunas de sus recorridas por el departamento y algunas de sus participaciones y debates parlamentarios.<\/p>\n<p><strong>BROU Y GOBIERNO LE DAN LA ESPALDA A CALCAR <\/strong><\/p>\n<p>El diputado Edmundo Roselli se refiri\u00f3 a la situaci\u00f3n de la empresa Calcar que acord\u00f3 diferir el pago del sueldo a 214 empleados. Al hacer uso de la palabra en el Parlamento, el legislador del Partido Nacional dijo que esa empresa l\u00e1ctea acord\u00f3 con sus empleados diferir el pago del 70 % del sueldo a diez d\u00edas y el el 30 % restante otros diez d\u00edas. La medida indica las dificultades del sector l\u00e1cteo, pero tambi\u00e9n muestra la madurez con que empresa y trabajadores han decidido enfrentar la situaci\u00f3n. En contrapartida el Banco de la Rep\u00fablica y el el gobierno le dan la espalda.<\/p>\n<p>El  martes pasado el diputado Edmundo Roselli dijo que la industria l\u00e1ctea \u201csufre un mal momento\u201d, algo que \u201ctodos sabemos\u201d. La empresa de Calcar no escapa a esa realidad y actualmente enfrenta \u201cmomentos muy dif\u00edciles\u201d lo que constituye una amenaza para Carmelo y Tarariras donde tiene sus plantas, sino tambi\u00e9n para todo el departamento \u201cya que Ecolat cerr\u00f3\u201d, record\u00f3.<\/p>\n<p>La situaci\u00f3n preocupa a \u201clos productores\u201d a \u201cla industria y los que venden servicios\u201d, pero \u201cno as\u00ed el Banco de la Rep\u00fablica y el gobierno, que hacen caso omiso de lo que sucede y le dan la espalda\u201d.<br \/>\n\u201cCr\u00e9ame, se\u00f1or presidente, que si perdemos a Calcar, Carmelo va a parecer un desierto, como sucedi\u00f3 con Juan Lacaze\u201d, advirti\u00f3.<\/p>\n<p><strong>MADUREZ.<\/strong><\/p>\n<p>Pero en medio de las dificultades la empresa y sus trabajadores han dado muestra de madurez.<br \/>\n\u201cEn estos d\u00edas ocurri\u00f3 algo muy importante: la patronal de la empresa Calcar se reuni\u00f3 con los 214 trabajadores, quienes tomaron una decisi\u00f3n muy importante para su vida. La patronal les propuso diferir el pago del sueldo: un 70 % en diez d\u00edas y un 30 % en otros diez d\u00edas. No les bajaron el sueldo, pero se lo difieren. Imagine, se\u00f1or presidente, que estos trabajadores tienen que pagar a fin de mes las cuentas de carnicer\u00eda, de farmacia, de combustible para ir a trabajar, porque la planta queda lejos. Estos trabajadores se pusieron el poncho de la empresa y aceptaron el pago diferido, un 70 % y un 30 %, porque lo que quieren es que la empresa salga adelante. Son conscientes del dif\u00edcil momento que est\u00e1 pasando la industria. Creo que el pa\u00eds se tiene que enterar de este hist\u00f3rico arreglo que han hecho los trabajadores agremiados de Calcar, porque la empresa sufre un grave problema\u201d, relat\u00f3 el legislador.<\/p>\n<p><iframe width=\"560\" height=\"315\" src=\"https:\/\/www.youtube.com\/embed\/IXkWAD-SKkA\" frameborder=\"0\" gesture=\"media\" allow=\"encrypted-media\" allowfullscreen><\/iframe><\/p>\n","protected":false},"excerpt":{"rendered":"<p>El diputado Edmundo Roselli visit\u00f3 la ciudad de Rosario dialogando con vecinos sobre las dificultades que enfrenta esa zona del departamento. La jornada finaliz\u00f3 con una reuni\u00f3n en el club El Colla donde dijo que el intendente debe buscar inversores que den trabajo y respondan al mayor reclamo de la ciudadan\u00eda que es por trabajo [&hellip;]<\/p>\n","protected":false},"author":1,"featured_media":30365,"comment_status":"open","ping_status":"open","sticky":false,"template":"","format":"standard","meta":{"footnotes":""},"categories":[232],"tags":[],"class_list":["post-30364","post","type-post","status-publish","format-standard","has-post-thumbnail","hentry","category-departamentales"],"_links":{"self":[{"href":"https:\/\/alianzanacional.com.uy\/web\/wp-json\/wp\/v2\/posts\/30364","targetHints":{"allow":["GET"]}}],"collection":[{"href":"https:\/\/alianzanacional.com.uy\/web\/wp-json\/wp\/v2\/posts"}],"about":[{"href":"https:\/\/alianzanacional.com.uy\/web\/wp-json\/wp\/v2\/types\/post"}],"author":[{"embeddable":true,"href":"https:\/\/alianzanacional.com.uy\/web\/wp-json\/wp\/v2\/users\/1"}],"replies":[{"embeddable":true,"href":"https:\/\/alianzanacional.com.uy\/web\/wp-json\/wp\/v2\/comments?post=30364"}],"version-history":[{"count":1,"href":"https:\/\/alianzanacional.com.uy\/web\/wp-json\/wp\/v2\/posts\/30364\/revisions"}],"predecessor-version":[{"id":30366,"href":"https:\/\/alianzanacional.com.uy\/web\/wp-json\/wp\/v2\/posts\/30364\/revisions\/30366"}],"wp:featuredmedia":[{"embeddable":true,"href":"https:\/\/alianzanacional.com.uy\/web\/wp-json\/wp\/v2\/media\/30365"}],"wp:attachment":[{"href":"https:\/\/alianzanacional.com.uy\/web\/wp-json\/wp\/v2\/media?parent=30364"}],"wp:term":[{"taxonomy":"category","embeddable":true,"href":"https:\/\/alianzanacional.com.uy\/web\/wp-json\/wp\/v2\/categories?post=30364"},{"taxonomy":"post_tag","embeddable":true,"href":"https:\/\/alianzanacional.com.uy\/web\/wp-json\/wp\/v2\/tags?post=30364"}],"curies":[{"name":"wp","href":"https:\/\/api.w.org\/{rel}","templated":true}]}}