{"id":30367,"date":"2017-12-08T13:17:22","date_gmt":"2017-12-08T16:17:22","guid":{"rendered":"http:\/\/alianzanacional.com.uy\/web\/?p=30367"},"modified":"2017-12-08T13:17:22","modified_gmt":"2017-12-08T16:17:22","slug":"abdala-los-aumentos-son-un-impuesto-encubierto","status":"publish","type":"post","link":"https:\/\/alianzanacional.com.uy\/web\/abdala-los-aumentos-son-un-impuesto-encubierto\/","title":{"rendered":"Abdala: \u201cLos aumentos son un impuesto encubierto\u201d"},"content":{"rendered":"<p><a href=\"https:\/\/alianzanacional.com.uy\/web\/wp-content\/uploads\/2015\/06\/Abdala.jpg\"><img fetchpriority=\"high\" decoding=\"async\" src=\"https:\/\/alianzanacional.com.uy\/web\/wp-content\/uploads\/2015\/06\/Abdala.jpg\" alt=\"\" width=\"669\" height=\"418\" class=\"alignnone size-full wp-image-26044\" srcset=\"https:\/\/alianzanacional.com.uy\/web\/wp-content\/uploads\/2015\/06\/Abdala.jpg 669w, https:\/\/alianzanacional.com.uy\/web\/wp-content\/uploads\/2015\/06\/Abdala-400x250.jpg 400w\" sizes=\"(max-width: 669px) 100vw, 669px\" \/><\/a><\/p>\n<p>La oposici\u00f3n ha valorado negativamente el anunciado aumento de tarifas. Pablo Abdala manifest\u00f3 al programa \u00abFuentes Confiables\u00bb que el gobierno \u201cmerece la condena por la decisi\u00f3n porque todos sabemos que este ajuste tiene un componente muy alto de car\u00e1cter fiscal. Es la intenci\u00f3n casi desesperada por tener recursos para paliar un d\u00e9ficit enorme por irresponsabilidad en el manejo de las tarifas p\u00fablicas. Hay un componente impositivo\u201d.\u201cLos aumentos son un impuesto encubierto\u201d, expres\u00f3 el legislador aliancista en su cuenta de twitter.<br \/>\nEn la misma l\u00ednea se expres\u00f3 en la C\u00e1mara de Diputados. <\/p>\n<p><iframe width=\"560\" height=\"315\" src=\"https:\/\/www.youtube.com\/embed\/SuH4elnmDsw\" frameborder=\"0\" gesture=\"media\" allow=\"encrypted-media\" allowfullscreen><\/iframe><\/p>\n","protected":false},"excerpt":{"rendered":"<p>La oposici\u00f3n ha valorado negativamente el anunciado aumento de tarifas. Pablo Abdala manifest\u00f3 al programa \u00abFuentes Confiables\u00bb que el gobierno \u201cmerece la condena por la decisi\u00f3n porque todos sabemos que este ajuste tiene un componente muy alto de car\u00e1cter fiscal. Es la intenci\u00f3n casi desesperada por tener recursos para paliar un d\u00e9ficit enorme por irresponsabilidad [&hellip;]<\/p>\n","protected":false},"author":1,"featured_media":26044,"comment_status":"open","ping_status":"open","sticky":false,"template":"","format":"standard","meta":{"footnotes":""},"categories":[164],"tags":[],"class_list":["post-30367","post","type-post","status-publish","format-standard","has-post-thumbnail","hentry","category-legislativas"],"_links":{"self":[{"href":"https:\/\/alianzanacional.com.uy\/web\/wp-json\/wp\/v2\/posts\/30367","targetHints":{"allow":["GET"]}}],"collection":[{"href":"https:\/\/alianzanacional.com.uy\/web\/wp-json\/wp\/v2\/posts"}],"about":[{"href":"https:\/\/alianzanacional.com.uy\/web\/wp-json\/wp\/v2\/types\/post"}],"author":[{"embeddable":true,"href":"https:\/\/alianzanacional.com.uy\/web\/wp-json\/wp\/v2\/users\/1"}],"replies":[{"embeddable":true,"href":"https:\/\/alianzanacional.com.uy\/web\/wp-json\/wp\/v2\/comments?post=30367"}],"version-history":[{"count":1,"href":"https:\/\/alianzanacional.com.uy\/web\/wp-json\/wp\/v2\/posts\/30367\/revisions"}],"predecessor-version":[{"id":30368,"href":"https:\/\/alianzanacional.com.uy\/web\/wp-json\/wp\/v2\/posts\/30367\/revisions\/30368"}],"wp:featuredmedia":[{"embeddable":true,"href":"https:\/\/alianzanacional.com.uy\/web\/wp-json\/wp\/v2\/media\/26044"}],"wp:attachment":[{"href":"https:\/\/alianzanacional.com.uy\/web\/wp-json\/wp\/v2\/media?parent=30367"}],"wp:term":[{"taxonomy":"category","embeddable":true,"href":"https:\/\/alianzanacional.com.uy\/web\/wp-json\/wp\/v2\/categories?post=30367"},{"taxonomy":"post_tag","embeddable":true,"href":"https:\/\/alianzanacional.com.uy\/web\/wp-json\/wp\/v2\/tags?post=30367"}],"curies":[{"name":"wp","href":"https:\/\/api.w.org\/{rel}","templated":true}]}}