{"id":30418,"date":"2018-01-20T13:05:34","date_gmt":"2018-01-20T16:05:34","guid":{"rendered":"http:\/\/alianzanacional.com.uy\/web\/?p=30418"},"modified":"2018-01-20T13:05:34","modified_gmt":"2018-01-20T16:05:34","slug":"larranaga-estoy-enfocado-en-crear-una-agenda-comun-de-respuestas-para-la-gente","status":"publish","type":"post","link":"https:\/\/alianzanacional.com.uy\/web\/larranaga-estoy-enfocado-en-crear-una-agenda-comun-de-respuestas-para-la-gente\/","title":{"rendered":"Larra\u00f1aga: \u201cEstoy enfocado en crear una agenda com\u00fan de respuestas para la gente\u201d"},"content":{"rendered":"<p><a href=\"https:\/\/alianzanacional.com.uy\/web\/wp-content\/uploads\/2018\/01\/larranaga.jpg\"><img fetchpriority=\"high\" decoding=\"async\" src=\"https:\/\/alianzanacional.com.uy\/web\/wp-content\/uploads\/2018\/01\/larranaga.jpg\" alt=\"\" width=\"620\" height=\"400\" class=\"alignnone size-full wp-image-30419\" srcset=\"https:\/\/alianzanacional.com.uy\/web\/wp-content\/uploads\/2018\/01\/larranaga.jpg 620w, https:\/\/alianzanacional.com.uy\/web\/wp-content\/uploads\/2018\/01\/larranaga-400x258.jpg 400w\" sizes=\"(max-width: 620px) 100vw, 620px\" \/><\/a><\/p>\n<p>Jorge Larra\u00f1aga pate\u00f3 el tablero y moviliz\u00f3 la interna blanca al afirmar enf\u00e1ticamente a LA REP\u00daBLICA que lejos de dar un paso al costado en su intenci\u00f3n de ser candidato en la interna del Partido Nacional, se siente con \u201cuna enorme fortaleza, vigencia, apoyo y fe\u201d, convencido de que pueda ganarla.<\/p>\n<p>Neg\u00f3 que Ver\u00f3nica Alonso le haya planteado bajarse de la candidatura -como lo afirm\u00f3 B\u00fasqueda en su edici\u00f3n de ayer-, y encabezar la lista al Senado, dejando a la senadora el camino abierto para enfrentar a Luis Lacalle Pou en las elecciones internas.<\/p>\n<p>\u201cNo tenemos que dramatizar con la unidad\u201d, indic\u00f3 y se mostr\u00f3 convencido de que el wilsonismo es el que m\u00e1s posibilidades tiene de llegar al gobierno, porque \u201cno est\u00e1 en los extremos\u201d y es m\u00e1s convocante.<\/p>\n<p>Reiter\u00f3 que est\u00e1 abocado a definir una agenda de temas comunes para luego consensuar con el resto de partidos de oposici\u00f3n.<\/p>\n<p><em>Mucho se habla sobre las divisiones y discusiones dentro del Partido, \u00bfcree que esto puede significar una debilidad de cara a las pr\u00f3ximas elecciones?<\/em><\/p>\n<p>No tenemos que dramatizar con la unidad como fin en s\u00ed mismo. Siempre dentro del Partido Nacional ha existido diversidad, porque es la esencia de la democracia y de los partidos pol\u00edticos. El Partido Nacional tiene sus cimientos y estos ser\u00e1n fuertes sobre la base de sectores grandes y potentes. Por tanto hay que fortalecer sectores y con ello se fortalece al Partido. Quien no entienda que la base de la victoria del Partido se basa en fortalecer los sectores no entiende al Partido Nacional.<\/p>\n<p>Por eso le digo y reafirmo que el Partido Nacional debe tener elecciones. Es la base imprescindible e ineludible de legitimaci\u00f3n democr\u00e1tica y es la elecci\u00f3n la que dirime las diferencias internas.<\/p>\n<p><em>\u00bfCree que la aparici\u00f3n de nuevos sectores es algo positivo para el Partido?<\/em><\/p>\n<p>Quien quiera lanzar una precandidata o crear un sector tiene toda la libertad y el derecho de hacerlo.<\/p>\n<p><em>\u00bfQu\u00e9 piensa sobre la postura de algunos intendentes de promover un nuevo espacio? \u00bfCree que es posible llegar a un acuerdo con ellos?<\/em><\/p>\n<p>Tengo por ese grupo de intendentes afecto, aprecio y respeto por su val\u00eda pol\u00edtica y personal. Tengo confianza en que el com\u00fan objetivo de fortalecer la visi\u00f3n wilsonista, de nacionalismo popular es muy necesaria. Esta visi\u00f3n del Partido, esta forma de entender la sociedad y el pa\u00eds que nosotros llamamos wilsonismo, es lo que el pa\u00eds precisa, porque es el modelo m\u00e1s integrador, socialmente transversal e inclusivo que tiene el pa\u00eds, por eso es el que puede representar a m\u00e1s gente.<\/p>\n<p>El wilsonismo no est\u00e1 en los extremos, tiene una enorme fortaleza para ser m\u00e1s convocante, representar a m\u00e1s ciudadanos y por tanto llegar al gobierno.<\/p>\n<p><em>\u00bfEs cierto que Alonso le plante\u00f3 ser precandidata del sector?<\/em><\/p>\n<p>La conversaci\u00f3n con la senadora Alonso es una m\u00e1s entre tantas que hemos tenido y tenemos cotidianamente con diferentes compa\u00f1eros. No suelo hacer y no ser\u00e1 esta la excepci\u00f3n, comentarios sobre una reuni\u00f3n privada, solo dir\u00e9 que no hubo tal planteo. Pero aprovecho la ocasi\u00f3n para expresarle que me siento con una enorme fortaleza, vigencia, apoyo y fe en ganar las elecciones internas y ser el candidato del Partido Nacional.<\/p>\n<p><em>\u00bfUd. Plante\u00f3 un acuerdo program\u00e1tico entre los partidos de oposici\u00f3n, \u00bfen qu\u00e9 consiste? \u00bfCree que es posible llevarlo adelante?<\/em><\/p>\n<p>Estamos convencidos que el pa\u00eds precisa transitar sobre algunos entendimientos clave. Hemos hablado de construir un arco opositor contra la resignaci\u00f3n, instalada en algunos sectores del pa\u00eds que piensan que no se puede cambiar, que no se puede mejorar. Hay que superar y mejorar muchos aspectos del pa\u00eds y eso se consigue sobre base de acuerdos. Por eso planteo que quienes queremos cambiar cosas, tenemos que estar juntos.<\/p>\n<p>Y en las \u00faltimas horas le plantee a mi Partido que comencemos el trabajo program\u00e1tico a nivel interno, definir una agenda de temas comunes que podamos luego consensuar con el resto de partidos de oposici\u00f3n -que son los que queremos cambiar y superar el estado actual de cosas- y convocar a la mayor cantidad de ciudadanos, vengan de donde vengan.<\/p>\n<p>Usted me pregunta si es posible. Creo que es viable, es posible, pero sobre todo es necesario. Porque los que queremos cambiar cosas, venimos de distintos lugares, con distintas identidades, por tanto la forma de confluir, sin renunciar a esas identidades, es en base a ciertos temas centrales, ser\u00e1n 6, 7, 8, los que se puedan. En base a esos acuerdos, a conciliar ciertos temas comunes, lograremos garantizar mayor\u00edas parlamentarias.<\/p>\n<p>Por estas cosas creo que es necesario y estoy enfocado en eso, en crear una agenda com\u00fan de respuestas para la gente.<\/p>\n<p><em>\u00bfCu\u00e1les ser\u00edan esos temas?<\/em><\/p>\n<p>Es parte de lo que hay que hablar y consensuar, pero es imperioso que tengamos un rumbo de cambio en materia educativa, en materia de seguridad, en inserci\u00f3n internacional, que tengamos especial atenci\u00f3n en el desarrollo del interior, en defender el pa\u00eds productivo, que aseguremos atenci\u00f3n y calidad en salud p\u00fablica, que prioricemos el fomento del trabajo, en tiempos donde las condiciones del empleo cambian, donde hay robotizaci\u00f3n y donde la formaci\u00f3n es cada vez m\u00e1s necesaria. Son temas que deben estar en la mesa de discusi\u00f3n.<\/p>\n","protected":false},"excerpt":{"rendered":"<p>Jorge Larra\u00f1aga pate\u00f3 el tablero y moviliz\u00f3 la interna blanca al afirmar enf\u00e1ticamente a LA REP\u00daBLICA que lejos de dar un paso al costado en su intenci\u00f3n de ser candidato en la interna del Partido Nacional, se siente con \u201cuna enorme fortaleza, vigencia, apoyo y fe\u201d, convencido de que pueda ganarla. Neg\u00f3 que Ver\u00f3nica Alonso [&hellip;]<\/p>\n","protected":false},"author":1,"featured_media":30419,"comment_status":"open","ping_status":"open","sticky":false,"template":"","format":"standard","meta":{"footnotes":""},"categories":[163],"tags":[],"class_list":["post-30418","post","type-post","status-publish","format-standard","has-post-thumbnail","hentry","category-entrevistas"],"_links":{"self":[{"href":"https:\/\/alianzanacional.com.uy\/web\/wp-json\/wp\/v2\/posts\/30418","targetHints":{"allow":["GET"]}}],"collection":[{"href":"https:\/\/alianzanacional.com.uy\/web\/wp-json\/wp\/v2\/posts"}],"about":[{"href":"https:\/\/alianzanacional.com.uy\/web\/wp-json\/wp\/v2\/types\/post"}],"author":[{"embeddable":true,"href":"https:\/\/alianzanacional.com.uy\/web\/wp-json\/wp\/v2\/users\/1"}],"replies":[{"embeddable":true,"href":"https:\/\/alianzanacional.com.uy\/web\/wp-json\/wp\/v2\/comments?post=30418"}],"version-history":[{"count":1,"href":"https:\/\/alianzanacional.com.uy\/web\/wp-json\/wp\/v2\/posts\/30418\/revisions"}],"predecessor-version":[{"id":30420,"href":"https:\/\/alianzanacional.com.uy\/web\/wp-json\/wp\/v2\/posts\/30418\/revisions\/30420"}],"wp:featuredmedia":[{"embeddable":true,"href":"https:\/\/alianzanacional.com.uy\/web\/wp-json\/wp\/v2\/media\/30419"}],"wp:attachment":[{"href":"https:\/\/alianzanacional.com.uy\/web\/wp-json\/wp\/v2\/media?parent=30418"}],"wp:term":[{"taxonomy":"category","embeddable":true,"href":"https:\/\/alianzanacional.com.uy\/web\/wp-json\/wp\/v2\/categories?post=30418"},{"taxonomy":"post_tag","embeddable":true,"href":"https:\/\/alianzanacional.com.uy\/web\/wp-json\/wp\/v2\/tags?post=30418"}],"curies":[{"name":"wp","href":"https:\/\/api.w.org\/{rel}","templated":true}]}}