{"id":30431,"date":"2018-02-08T14:36:20","date_gmt":"2018-02-08T17:36:20","guid":{"rendered":"http:\/\/alianzanacional.com.uy\/web\/?p=30431"},"modified":"2018-02-08T14:36:20","modified_gmt":"2018-02-08T17:36:20","slug":"abdala-convoco-a-cosse-a-dar-explicaciones-en-el-parlamento-por-contrato-con-shell","status":"publish","type":"post","link":"https:\/\/alianzanacional.com.uy\/web\/abdala-convoco-a-cosse-a-dar-explicaciones-en-el-parlamento-por-contrato-con-shell\/","title":{"rendered":"Abdala convoc\u00f3 a Cosse a dar explicaciones en el Parlamento por contrato con Shell"},"content":{"rendered":"<p><a href=\"https:\/\/alianzanacional.com.uy\/web\/wp-content\/uploads\/2015\/09\/Dip.-Pablo-Abdala.-jpg.-1-1.jpg\"><img fetchpriority=\"high\" decoding=\"async\" src=\"https:\/\/alianzanacional.com.uy\/web\/wp-content\/uploads\/2015\/09\/Dip.-Pablo-Abdala.-jpg.-1-1-700x466.jpg\" alt=\"\" width=\"620\" height=\"413\" class=\"alignnone size-large wp-image-27441\" srcset=\"https:\/\/alianzanacional.com.uy\/web\/wp-content\/uploads\/2015\/09\/Dip.-Pablo-Abdala.-jpg.-1-1-700x466.jpg 700w, https:\/\/alianzanacional.com.uy\/web\/wp-content\/uploads\/2015\/09\/Dip.-Pablo-Abdala.-jpg.-1-1-400x267.jpg 400w, https:\/\/alianzanacional.com.uy\/web\/wp-content\/uploads\/2015\/09\/Dip.-Pablo-Abdala.-jpg.-1-1.jpg 1280w\" sizes=\"(max-width: 620px) 100vw, 620px\" \/><\/a><\/p>\n<p>El diputado Pablo Abdala convoc\u00f3 al Parlamento a la ministra de Industria Carolina Cosse para que explique los t\u00e9rminos del proyecto para la construcci\u00f3n de la regasificadora con la multinacional Shell. Sostiene que es una novedad que utiliza el gobierno para disimular los recursos afectados por la detenci\u00f3n del proceso con Gas Sayago; 155 millones de d\u00f3lares, seg\u00fan los balances de esta empresa.<\/p>\n<p>\u201cEl pa\u00eds tiene un problema serio con este asunto\u201d, dijo y responsabiliz\u00f3 a la ministra de Industria. Para el legislador nacionalista ser\u00eda bueno que el proyecto con Shell no prospere ya que se configurar\u00e1 un monopolio.<\/p>\n<p>Fuente: Radio Uruguay<\/p>\n<audio class=\"wp-audio-shortcode\" id=\"audio-30431-1\" preload=\"none\" style=\"width: 100%;\" controls=\"controls\"><source type=\"audio\/mpeg\" src=\"https:\/\/alianzanacional.com.uy\/web\/wp-content\/uploads\/2018\/02\/abdala.mp3?_=1\" \/><a href=\"https:\/\/alianzanacional.com.uy\/web\/wp-content\/uploads\/2018\/02\/abdala.mp3\">https:\/\/alianzanacional.com.uy\/web\/wp-content\/uploads\/2018\/02\/abdala.mp3<\/a><\/audio>\n","protected":false},"excerpt":{"rendered":"<p>El diputado Pablo Abdala convoc\u00f3 al Parlamento a la ministra de Industria Carolina Cosse para que explique los t\u00e9rminos del proyecto para la construcci\u00f3n de la regasificadora con la multinacional Shell. Sostiene que es una novedad que utiliza el gobierno para disimular los recursos afectados por la detenci\u00f3n del proceso con Gas Sayago; 155 millones [&hellip;]<\/p>\n","protected":false},"author":1,"featured_media":27441,"comment_status":"open","ping_status":"open","sticky":false,"template":"","format":"standard","meta":{"footnotes":""},"categories":[164],"tags":[],"class_list":["post-30431","post","type-post","status-publish","format-standard","has-post-thumbnail","hentry","category-legislativas"],"_links":{"self":[{"href":"https:\/\/alianzanacional.com.uy\/web\/wp-json\/wp\/v2\/posts\/30431","targetHints":{"allow":["GET"]}}],"collection":[{"href":"https:\/\/alianzanacional.com.uy\/web\/wp-json\/wp\/v2\/posts"}],"about":[{"href":"https:\/\/alianzanacional.com.uy\/web\/wp-json\/wp\/v2\/types\/post"}],"author":[{"embeddable":true,"href":"https:\/\/alianzanacional.com.uy\/web\/wp-json\/wp\/v2\/users\/1"}],"replies":[{"embeddable":true,"href":"https:\/\/alianzanacional.com.uy\/web\/wp-json\/wp\/v2\/comments?post=30431"}],"version-history":[{"count":1,"href":"https:\/\/alianzanacional.com.uy\/web\/wp-json\/wp\/v2\/posts\/30431\/revisions"}],"predecessor-version":[{"id":30433,"href":"https:\/\/alianzanacional.com.uy\/web\/wp-json\/wp\/v2\/posts\/30431\/revisions\/30433"}],"wp:featuredmedia":[{"embeddable":true,"href":"https:\/\/alianzanacional.com.uy\/web\/wp-json\/wp\/v2\/media\/27441"}],"wp:attachment":[{"href":"https:\/\/alianzanacional.com.uy\/web\/wp-json\/wp\/v2\/media?parent=30431"}],"wp:term":[{"taxonomy":"category","embeddable":true,"href":"https:\/\/alianzanacional.com.uy\/web\/wp-json\/wp\/v2\/categories?post=30431"},{"taxonomy":"post_tag","embeddable":true,"href":"https:\/\/alianzanacional.com.uy\/web\/wp-json\/wp\/v2\/tags?post=30431"}],"curies":[{"name":"wp","href":"https:\/\/api.w.org\/{rel}","templated":true}]}}