{"id":30461,"date":"2018-03-04T09:05:24","date_gmt":"2018-03-04T12:05:24","guid":{"rendered":"http:\/\/alianzanacional.com.uy\/web\/?p=30461"},"modified":"2018-03-04T09:05:24","modified_gmt":"2018-03-04T12:05:24","slug":"larranaga-el-pais-necesita-lideres-con-proyecto-de-futuro","status":"publish","type":"post","link":"https:\/\/alianzanacional.com.uy\/web\/larranaga-el-pais-necesita-lideres-con-proyecto-de-futuro\/","title":{"rendered":"Larra\u00f1aga: \u00abEl pa\u00eds necesita l\u00edderes con proyecto de futuro\u00bb"},"content":{"rendered":"<p><a href=\"https:\/\/alianzanacional.com.uy\/web\/wp-content\/uploads\/2018\/03\/F3A2058.jpg\"><img fetchpriority=\"high\" decoding=\"async\" class=\"alignnone size-large wp-image-30462\" src=\"https:\/\/alianzanacional.com.uy\/web\/wp-content\/uploads\/2018\/03\/F3A2058-700x525.jpg\" alt=\"\" width=\"620\" height=\"465\" srcset=\"https:\/\/alianzanacional.com.uy\/web\/wp-content\/uploads\/2018\/03\/F3A2058-700x525.jpg 700w, https:\/\/alianzanacional.com.uy\/web\/wp-content\/uploads\/2018\/03\/F3A2058-400x300.jpg 400w, https:\/\/alianzanacional.com.uy\/web\/wp-content\/uploads\/2018\/03\/F3A2058-768x576.jpg 768w, https:\/\/alianzanacional.com.uy\/web\/wp-content\/uploads\/2018\/03\/F3A2058.jpg 1280w\" sizes=\"(max-width: 620px) 100vw, 620px\" \/><\/a><\/p>\n<p>El conductor de Alianza Nacional Jorge Larra\u00f1aga plante\u00f3 que el pa\u00eds necesita l\u00edderes con proyecto, y que la idea es \u201cganar sumando para gobernar sumando\u201d. En la entrevista sostuvo que el Frente Amplio, al rev\u00e9s, ha ganado dividiendo a la sociedad y gobierna de la misma manera. \u201cNo hacen falta los iluminados, sino ideas de vanguardia y gente capacitada para llevarlas adelante\u201d, sostuvo el senador nacionalista.<\/p>\n<p><em>\u2014\u00bfPor qu\u00e9 lanza la Agenda para el Progreso?<\/em><\/p>\n<p>\u2014En el Frente Amplio domina el principio de la negaci\u00f3n. Al negar los problemas niegan a la gente que tiene esos problemas. Es una pol\u00edtica de hacer como el avestruz. Hay sectores del Frente que fogonean prejuicios, pretenden instalar la resignaci\u00f3n y as\u00ed no puede haber algo superador. Por eso le planteamos al partido juntarnos contra la resignaci\u00f3n, no es algo contra el Frente. Juntarnos los que queremos cambiar las cosas. El Frente utiliza la divisi\u00f3n, ha ganado y gobernado dividiendo. Y la oposici\u00f3n solamente gana sumando. Queremos ganar sumando para gobernar sumando porque van a faltar las mayor\u00edas absolutas.<\/p>\n<p>Al proyecto frenteamplista, que es cultural y pol\u00edtico, lo tiene que sustituir algo m\u00e1s grande, serio, responsable, viable. En este tiempo lo que falta es liderazgo. El pa\u00eds precisa l\u00edderes con proyecto. No hacen falta los iluminados, sino ideas de vanguardia y gente capacitada para llevarlas adelante.<\/p>\n<p><em>\u2014Usted propone alcanzar \u00abniveles de desarrollo humano de primer mundo\u00bb, seg\u00fan dice el documento presentado al partido. \u00bfPara conseguir esa meta qu\u00e9 hay que atacar primero, la educaci\u00f3n o la seguridad p\u00fablica?<\/em><\/p>\n<p>\u2014Tenemos un grav\u00edsimo problema de convivencia en el pa\u00eds, que afecta la paz p\u00fablica. Eso se percibe en expresiones de violencia que impactan. Seguridad y Educaci\u00f3n est\u00e1n relacionadas. Hay que atacar los temas educativos. Y tambi\u00e9n hay que enfrentar la seguridad. En el pa\u00eds est\u00e1 faltando orden, respeto, autoridad, l\u00edmites, que son las bases de la libertad. Mucha gente percibe que la polic\u00eda no ejerce la autoridad. Los dos son temas centrales. En el documento hay respuestas concretas.<\/p>\n<p>En materia de seguridad, el documento de Larra\u00f1aga sostiene que el objetivo requiere atender algunas cuestiones de urgencia, como la ola de inseguridad p\u00fablica que lastima a la sociedad uruguaya y, a la vez, realizar reformas estructurales en \u00e1reas clave del pa\u00eds. Plantea que haya un rol activo en el combate a la delincuencia, acudiendo a todos los recursos humanos disponibles, incluyendo la creaci\u00f3n de fuerzas de seguridad con efectivos provenientes de las Fuerzas Armadas (Guardia Nacional).<\/p>\n<p><em>\u2014El documento habla de transparencia en el Estado. \u00bfQu\u00e9 papel juega la \u00e9tica en todo esto a ra\u00edz de los \u00faltimos sucesos conocidos que involucran incluso al presidente de la Rep\u00fablica?<\/em><\/p>\n<p>\u2014En esto no hay nueva ni vieja pol\u00edtica, sino valores que siempre se han tenido que defender. Gobernar con probidad y honestidad es un deber ser. Es una obligaci\u00f3n actuar de acuerdo con los par\u00e1metros de la \u00e9tica. Hay que cambiar la forma como se lleva adelante el gobierno. Eso es fundamental, clar\u00edsimo. El gobierno tiene que estar al servicio de la gente y no al servicio de una fuerza pol\u00edtica o de las corporaciones. Y mucho menos al servicio de los pol\u00edticos. Hay que terminar con los privilegios desde el poder. Hoy hay una exigencia superior del ciudadano. Son necesarias reformas estructurales.<\/p>\n<p>En el cap\u00edtulo denominado \u00abEl Estado y el ciudadano\u00bb, el documento establece que \u00ablas instituciones deben servir al ciudadano y no constituir un obst\u00e1culo para su crecimiento. Debemos asistir a una reforma del \u00abPoder\u00bb generando m\u00e1s controles \u2014y sanciones\u2014 y m\u00e1s transparencia, de modo de defender al buen gobierno y a la pol\u00edtica. Es necesario instrumentar una reforma pol\u00edtica, un nuevo contrato pol\u00edtico en lo m\u00e1s esencial del concepto, mediante un consenso \u00e9tico, que lleve a regenerar la confianza ciudadana\u00bb.<\/p>\n<p><em>\u2014En el documento se est\u00e1n proponiendo reformas fiscales estructurales mediante un acuerdo pol\u00edtico. \u00bfCu\u00e1nto incide en la falta de di\u00e1logo gobierno-oposici\u00f3n la mayor\u00eda parlamentaria que tiene el Frente Amplio?<\/em><\/p>\n<p>\u2014Es evidente que la mayor\u00eda parlamentar\u00eda del Frente han estimulado la pol\u00edtica de la divisi\u00f3n. Entonces el di\u00e1logo pol\u00edtico se fragiliza. Esto es evidente, evidente. Queremos el desarrollo humano y eso requiere de reformas estructurales, reformas fiscales, una reforma educativa, un redise\u00f1o geopol\u00edtico interno, federalizando y regionalizando cometidos.<\/p>\n<p>Larra\u00f1aga propone ir hacia una reforma fiscal, una nueva arquitectura fiscal para converger hacia un Estado m\u00e1s eficiente y menos pesado, donde la recomposici\u00f3n de las finanzas p\u00fablicas ser\u00e1 uno de los principales desaf\u00edos de la pol\u00edtica econ\u00f3mica. El futuro gobierno deber\u00e1 llevar adelante un di\u00e1logo nacional amplio para implementar reformas fiscales estructurales que fortalezcan la institucionalidad y sostenibilidad de las finanzas p\u00fablicas.<\/p>\n<p>As\u00ed, plantea que esta l\u00ednea de reformas deber\u00eda estar orientada hacia el establecimiento de una nueva regla fiscal efectiva.<\/p>\n<p>\u2014En otra parte del documento se propone mejorar la inserci\u00f3n comercial internacional. Hoy no se concreta por diferencias internas en la propia fuerza de gobierno. \u00bfSe podr\u00edan mejorar las relaciones comerciales en un gobierno blanco?<\/p>\n<p>\u2014Se podr\u00e1 hacer con China, con Chile. El mundo cambia y nosotros no cambiamos. Tenemos que adecuarnos a esa realidad, avanzar por ese camino. Chile tiene un centenar de Tratados de Libre Comercio con distintos pa\u00edses y bloques. Hay que salir del encierro de prejuicios ideol\u00f3gicos donde el pa\u00eds queda de reh\u00e9n de un par de senadores del Frente Amplio.<\/p>\n<p><em>\u2014Acerca de las relaciones laborales usted plantea una nueva generaci\u00f3n de Consejos de Salarios, en los cuales la productividad sea el eje de las mejoras de salario real. \u00bfC\u00f3mo se logra con una central sindical como la nuestra?<\/em><\/p>\n<p>\u2014Dialogando, dialogando. Ser\u00e1 otro tiempo en la vida pol\u00edtica del pa\u00eds. El poder sindical tendr\u00e1 que advertir que habr\u00e1 un gobierno nuevo que estar\u00e1 apoyado en mayor\u00edas parlamentarias. Por eso decimos que vamos a gobernar sumando en lo pol\u00edtico. Con los sindicatos tendremos diferencias y habr\u00e1 situaciones complejas de conflicto. Y tendremos coincidencias, pero no podemos perder el di\u00e1logo. Queremos relaciones laborales colaborativas y no de confrontaci\u00f3n. Los pa\u00edses no avanzan en el conflicto permanente.<\/p>\n<p>En el documento se advierte que los cambios futuros en el empleo determinan la necesidad de ir paulatinamente modernizando y adecuando los marcos que definen las relaciones laborales en Uruguay, sin que ello implique debilitar ni desproteger la situaci\u00f3n de los trabajadores. El paradigma sobre el cual se debe cimentar esta modernizaci\u00f3n es el de relaciones laborales colaborativas, con una nueva generaci\u00f3n de Consejos de Salarios, en los cuales la productividad ser\u00e1 el eje de las mejoras de salario real. Se deber\u00e1 institucionalizar la coordinaci\u00f3n entre sistema educativo, trabajadores y empresarios.<\/p>\n<p>Asimismo, en materia educativa el documento se\u00f1ala que el pa\u00eds necesita una reforma de su estructura educativa. No podemos responder a los desaf\u00edos formativos del tercer milenio con herramientas construidas en el siglo XIX y en las primeras d\u00e9cadas del XX, sostiene en concreto.<\/p>\n<p><em>\u2014\u00bfCu\u00e1l ser\u00eda la primera medida que tomar\u00eda el Partido Nacional en materia educativa, antes incluso de proponer una reforma del sistema?<\/em><\/p>\n<p>\u2014Ser\u00eda definir el rumbo con el liderazgo de las autoridades educativas. Delinear la pol\u00edtica educativa es algo que no puede estar resignado a los cooperativismos. Es una definici\u00f3n imprescindible. Hay que dar un espaldarazo al principio de m\u00e1s y mejor educaci\u00f3n p\u00fablica. Es imprescindible dotar al Codicen de la ANEP de mayores potestades en la definici\u00f3n de las pol\u00edticas p\u00fablicas de educaci\u00f3n, en la distribuci\u00f3n de recursos presupuestales y en la coordinaci\u00f3n de las diversas ramas, sectores y niveles educativos. Los resultados de la calidad educativa son un objetivo central. Ese es el arranque, la definici\u00f3n de los roles para llevar adelante los par\u00e1metros de una pol\u00edtica educativa.<\/p>\n<p><em>\u2014\u00bfUn gobierno blanco le dar\u00eda participaci\u00f3n a la izquierda en el Codicen, algo que a la inversa no sucedi\u00f3 en este gobierno de V\u00e1zquez?<\/em><\/p>\n<p>\u2014Ese punto tendremos que analizarlo. Habr\u00e1 que ver de mantener las mayor\u00edas en el Codicen. Estamos de acuerdo con la representaci\u00f3n de las organizaciones docentes, eso lo hemos defendido. No cree-mos que los problemas hayan surgido por la representaci\u00f3n docente. Las corporaciones terminan muchas veces sobreponi\u00e9ndose al Poder Ejecutivo en el Codicen. Lo b\u00e1sico es la definici\u00f3n pol\u00edtica sobre el rumbo en la educaci\u00f3n, insisto, y despu\u00e9s ver c\u00f3mo podemos llevar adelante la representaci\u00f3n de los partidos. Lo peor es no saber ad\u00f3nde ir.<\/p>\n<p><strong>\u00abAntes que nada est\u00e1 el partido nacional\u00bb.<\/strong><\/p>\n<p>La \u00faltima semana de febrero Jorge Larra\u00f1aga concurri\u00f3 a presentar el plan de desarrollo \u00abAgenda para el Progreso\u00bb a la sede del directorio del Partido Nacional. En atenci\u00f3n a la unidad partidaria y porque considera que el partido est\u00e1 antes que los hombres, retorn\u00f3 a la sede del ejecutivo luego de que en 2014 afirmara, tras perder la interna con Luis Lacalle Pou, que no volver\u00eda a subir las escalinatas de la vieja casona de Juan Carlos G\u00f3mez. \u00abSubo nuevamente estas escaleras con firmeza, compromiso y convicci\u00f3n. El pa\u00eds nos necesita a todos; no hay otro sentimiento o situaci\u00f3n en el pasado que importe m\u00e1s que sacar Uruguay adelante, con unidad\u00bb, afirm\u00f3. Larra\u00f1aga explic\u00f3 a los periodistas que las palabras que expres\u00f3 aquel primero de junio de 2014, tras perder la interna, fueron dichas en un momento de \u00abmucho dolor\u00bb, pero explic\u00f3 que por sobre todo est\u00e1 el Partido Nacional y el rol que debe tener para cambiar la sociedad.<\/p>\n<p><strong>\u00abEl dinero para las intendencias no es d\u00e1diva\u00bb.<\/strong><\/p>\n<p><em>\u2014El documento se\u00f1ala la necesidad de \u00abasegurar la autonom\u00eda financiera para la descentralizaci\u00f3n. Y dice que no puede haber descentralizaci\u00f3n efectiva sin \u00abdescentralizar la caja\u00bb. \u00bfC\u00f3mo se descentraliza la caja? \u00bfNo es v\u00e1lido el Fondo de Desarrollo del Interior?<\/em><\/p>\n<p>\u2014S\u00ed claro que sirve. Est\u00e1 previsto en la Constituci\u00f3n como aporte del Partido Nacional. Esos fondos que otorga el Poder Ejecutivo para desarrollo del interior no deben ser tomados como una d\u00e1diva, como si les hicieran un favor a los gobiernos departamentales. Descentralizar la caja fuerte se debe hacer a trav\u00e9s del fondo de desarrollo, a trav\u00e9s de pol\u00edticas activas que permitan el desarrollo local. En el norte del pa\u00eds, postergado y olvidado debe haber pol\u00edticas de frontera. Ni hablemos del rezago en inversi\u00f3n en infraestructura con el destrato que se le hace al interior. Es necesaria una reforma mental para vencer el flagelo del centralismo\u00bb.<\/p>\n<p>Fuente: Daniel Isgleas para El Pa\u00eds<\/p>\n","protected":false},"excerpt":{"rendered":"<p>El conductor de Alianza Nacional Jorge Larra\u00f1aga plante\u00f3 que el pa\u00eds necesita l\u00edderes con proyecto, y que la idea es \u201cganar sumando para gobernar sumando\u201d. En la entrevista sostuvo que el Frente Amplio, al rev\u00e9s, ha ganado dividiendo a la sociedad y gobierna de la misma manera. \u201cNo hacen falta los iluminados, sino ideas de [&hellip;]<\/p>\n","protected":false},"author":1,"featured_media":30462,"comment_status":"open","ping_status":"open","sticky":false,"template":"","format":"standard","meta":{"footnotes":""},"categories":[16],"tags":[],"class_list":["post-30461","post","type-post","status-publish","format-standard","has-post-thumbnail","hentry","category-noticias"],"_links":{"self":[{"href":"https:\/\/alianzanacional.com.uy\/web\/wp-json\/wp\/v2\/posts\/30461","targetHints":{"allow":["GET"]}}],"collection":[{"href":"https:\/\/alianzanacional.com.uy\/web\/wp-json\/wp\/v2\/posts"}],"about":[{"href":"https:\/\/alianzanacional.com.uy\/web\/wp-json\/wp\/v2\/types\/post"}],"author":[{"embeddable":true,"href":"https:\/\/alianzanacional.com.uy\/web\/wp-json\/wp\/v2\/users\/1"}],"replies":[{"embeddable":true,"href":"https:\/\/alianzanacional.com.uy\/web\/wp-json\/wp\/v2\/comments?post=30461"}],"version-history":[{"count":1,"href":"https:\/\/alianzanacional.com.uy\/web\/wp-json\/wp\/v2\/posts\/30461\/revisions"}],"predecessor-version":[{"id":30463,"href":"https:\/\/alianzanacional.com.uy\/web\/wp-json\/wp\/v2\/posts\/30461\/revisions\/30463"}],"wp:featuredmedia":[{"embeddable":true,"href":"https:\/\/alianzanacional.com.uy\/web\/wp-json\/wp\/v2\/media\/30462"}],"wp:attachment":[{"href":"https:\/\/alianzanacional.com.uy\/web\/wp-json\/wp\/v2\/media?parent=30461"}],"wp:term":[{"taxonomy":"category","embeddable":true,"href":"https:\/\/alianzanacional.com.uy\/web\/wp-json\/wp\/v2\/categories?post=30461"},{"taxonomy":"post_tag","embeddable":true,"href":"https:\/\/alianzanacional.com.uy\/web\/wp-json\/wp\/v2\/tags?post=30461"}],"curies":[{"name":"wp","href":"https:\/\/api.w.org\/{rel}","templated":true}]}}