{"id":30481,"date":"2018-03-13T10:11:43","date_gmt":"2018-03-13T13:11:43","guid":{"rendered":"http:\/\/alianzanacional.com.uy\/web\/?p=30481"},"modified":"2018-03-13T13:15:16","modified_gmt":"2018-03-13T16:15:16","slug":"abdala-advirtio-sobre-funcionamiento-de-planta-de-alur-en-artigas","status":"publish","type":"post","link":"https:\/\/alianzanacional.com.uy\/web\/abdala-advirtio-sobre-funcionamiento-de-planta-de-alur-en-artigas\/","title":{"rendered":"Abdala advirti\u00f3 sobre funcionamiento de planta de ALUR en Artigas"},"content":{"rendered":"<p><a href=\"https:\/\/alianzanacional.com.uy\/web\/wp-content\/uploads\/2017\/10\/59b5558614943.jpeg\"><img fetchpriority=\"high\" decoding=\"async\" src=\"https:\/\/alianzanacional.com.uy\/web\/wp-content\/uploads\/2017\/10\/59b5558614943.jpeg\" alt=\"\" width=\"580\" height=\"326\" class=\"alignnone size-full wp-image-30238\" srcset=\"https:\/\/alianzanacional.com.uy\/web\/wp-content\/uploads\/2017\/10\/59b5558614943.jpeg 580w, https:\/\/alianzanacional.com.uy\/web\/wp-content\/uploads\/2017\/10\/59b5558614943-400x225.jpeg 400w\" sizes=\"(max-width: 580px) 100vw, 580px\" \/><\/a><\/p>\n<p>Advierten sobre los problemas de competitividad que afronta la planta de etanol de la empresa ALUR en Bella Uni\u00f3n, debido a que la misma se mantiene econ\u00f3micamente de forma artificial.<br \/>\n\u201cHay problemas de competitividad y se mantiene artificialmente\u201d coment\u00f3 a radio Monte Carlo el diputado por el Partido Nacional, Pablo Abdala. <\/p>\n<p>El legislador se\u00f1al\u00f3 que \u00abno se ha logrado bajar la producci\u00f3n y el consumo de etanol para que Ancap no siga perdiendo dinero\u00bb. <\/p>\n<p>Abdala dijo asimismo, que no le sorprende que se haya detenido el funcionamiento de la microdestiler\u00eda para la producci\u00f3n de etanol a partir del boniato. <\/p>\n<p>Esa planta que se encuentra abandonada desde mediados de 2016 y tuvo un costo superior a los 600.000 d\u00f3lares. <\/p>\n<audio class=\"wp-audio-shortcode\" id=\"audio-30481-1\" preload=\"none\" style=\"width: 100%;\" controls=\"controls\"><source type=\"audio\/mpeg\" src=\"https:\/\/alianzanacional.com.uy\/web\/wp-content\/uploads\/2018\/03\/9849.mp3?_=1\" \/><a href=\"https:\/\/alianzanacional.com.uy\/web\/wp-content\/uploads\/2018\/03\/9849.mp3\">https:\/\/alianzanacional.com.uy\/web\/wp-content\/uploads\/2018\/03\/9849.mp3<\/a><\/audio>\n<p>Fuente: Radio Montecarlo<\/p>\n","protected":false},"excerpt":{"rendered":"<p>Advierten sobre los problemas de competitividad que afronta la planta de etanol de la empresa ALUR en Bella Uni\u00f3n, debido a que la misma se mantiene econ\u00f3micamente de forma artificial. \u201cHay problemas de competitividad y se mantiene artificialmente\u201d coment\u00f3 a radio Monte Carlo el diputado por el Partido Nacional, Pablo Abdala. El legislador se\u00f1al\u00f3 que [&hellip;]<\/p>\n","protected":false},"author":1,"featured_media":30238,"comment_status":"open","ping_status":"open","sticky":false,"template":"","format":"standard","meta":{"footnotes":""},"categories":[164],"tags":[],"class_list":["post-30481","post","type-post","status-publish","format-standard","has-post-thumbnail","hentry","category-legislativas"],"_links":{"self":[{"href":"https:\/\/alianzanacional.com.uy\/web\/wp-json\/wp\/v2\/posts\/30481","targetHints":{"allow":["GET"]}}],"collection":[{"href":"https:\/\/alianzanacional.com.uy\/web\/wp-json\/wp\/v2\/posts"}],"about":[{"href":"https:\/\/alianzanacional.com.uy\/web\/wp-json\/wp\/v2\/types\/post"}],"author":[{"embeddable":true,"href":"https:\/\/alianzanacional.com.uy\/web\/wp-json\/wp\/v2\/users\/1"}],"replies":[{"embeddable":true,"href":"https:\/\/alianzanacional.com.uy\/web\/wp-json\/wp\/v2\/comments?post=30481"}],"version-history":[{"count":1,"href":"https:\/\/alianzanacional.com.uy\/web\/wp-json\/wp\/v2\/posts\/30481\/revisions"}],"predecessor-version":[{"id":30483,"href":"https:\/\/alianzanacional.com.uy\/web\/wp-json\/wp\/v2\/posts\/30481\/revisions\/30483"}],"wp:featuredmedia":[{"embeddable":true,"href":"https:\/\/alianzanacional.com.uy\/web\/wp-json\/wp\/v2\/media\/30238"}],"wp:attachment":[{"href":"https:\/\/alianzanacional.com.uy\/web\/wp-json\/wp\/v2\/media?parent=30481"}],"wp:term":[{"taxonomy":"category","embeddable":true,"href":"https:\/\/alianzanacional.com.uy\/web\/wp-json\/wp\/v2\/categories?post=30481"},{"taxonomy":"post_tag","embeddable":true,"href":"https:\/\/alianzanacional.com.uy\/web\/wp-json\/wp\/v2\/tags?post=30481"}],"curies":[{"name":"wp","href":"https:\/\/api.w.org\/{rel}","templated":true}]}}