{"id":30484,"date":"2018-03-13T09:16:39","date_gmt":"2018-03-13T12:16:39","guid":{"rendered":"http:\/\/alianzanacional.com.uy\/web\/?p=30484"},"modified":"2018-03-13T13:20:40","modified_gmt":"2018-03-13T16:20:40","slug":"debemos-poner-la-delincuencia-en-retroceso","status":"publish","type":"post","link":"https:\/\/alianzanacional.com.uy\/web\/debemos-poner-la-delincuencia-en-retroceso\/","title":{"rendered":"Debemos poner la delincuencia en retroceso."},"content":{"rendered":"<p><a href=\"https:\/\/alianzanacional.com.uy\/web\/wp-content\/uploads\/2018\/03\/5dea34_874d84485f954d5ba21076ab3e8ffa7a_mv2.jpg\"><img fetchpriority=\"high\" decoding=\"async\" src=\"https:\/\/alianzanacional.com.uy\/web\/wp-content\/uploads\/2018\/03\/5dea34_874d84485f954d5ba21076ab3e8ffa7a_mv2-700x260.jpg\" alt=\"\" width=\"620\" height=\"230\" class=\"alignnone size-large wp-image-30485\" srcset=\"https:\/\/alianzanacional.com.uy\/web\/wp-content\/uploads\/2018\/03\/5dea34_874d84485f954d5ba21076ab3e8ffa7a_mv2-700x260.jpg 700w, https:\/\/alianzanacional.com.uy\/web\/wp-content\/uploads\/2018\/03\/5dea34_874d84485f954d5ba21076ab3e8ffa7a_mv2-400x149.jpg 400w, https:\/\/alianzanacional.com.uy\/web\/wp-content\/uploads\/2018\/03\/5dea34_874d84485f954d5ba21076ab3e8ffa7a_mv2-768x285.jpg 768w, https:\/\/alianzanacional.com.uy\/web\/wp-content\/uploads\/2018\/03\/5dea34_874d84485f954d5ba21076ab3e8ffa7a_mv2.jpg 1327w\" sizes=\"(max-width: 620px) 100vw, 620px\" \/><\/a><\/p>\n<p>La inseguridad es uno de los temas que m\u00e1s preocupa a la poblaci\u00f3n. Cuando una sociedad se sabe insegura comienza a sentir desprotecci\u00f3n y miedo, y esos son sentimientos negativos para cualquier comunidad que quiera vivir en libertad y con pleno goce de sus derechos. Por eso, cuando se debate sobre la falta de seguridad lo que en realidad estamos haciendo es debatir sobre la libertad de las personas. As\u00ed de trascendente es el tema, y esa es la raz\u00f3n por la que la delincuencia no se combate con medidas efectistas ni bonitos discursos, sino con decisiones reales y eficaces.<\/p>\n<p>No escapa a nadie que la delincuencia se ha agravado de forma preocupante y que en pocos a\u00f1os Uruguay pas\u00f3 de ser una plaza tranquila a un lugar muy inseguro y violento. Ladrones siempre existieron y las personas honestas siempre estuvieron expuestas al robo, pero lo que est\u00e1 sucediendo ahora ha pasado a otra dimensi\u00f3n porque aquel acto de robar, traum\u00e1tico de por s\u00ed para el que lo sufre, se ha convertido en una suerte de ruleta rusa en la cual la persona es robada, despojada de todas sus pertenencias y \u00e9l o los delincuentes de turno deciden en el momento, y tal vez bajo el efecto de alguna droga, si ejecutan o dejan vivir a su v\u00edctima.<\/p>\n<p>Sin dudas que los que nos est\u00e1 sucediendo como sociedad es algo terrible y es necesario aportar ideas, caminos de soluci\u00f3n que puedan aplicarse con la necesaria inmediatez, sin descuidar las pol\u00edticas a largo plazo, y sin desconocer que estamos frente a un problema acuciante, que sufrimos todos y que requiere una soluci\u00f3n no para dentro de 10 a\u00f1os, sino para ahora.<\/p>\n<p>El margen de acci\u00f3n es mucho m\u00e1s acotado de lo que nos gustar\u00eda y la urgencia del problema nos obliga a tomar medidas concretas porque en la medida en que no lo hagamos es la poblaci\u00f3n la que sufre.<\/p>\n<p>La delincuencia ha decidido que la vida de las personas no tiene valor, pero los ciudadanos honestos debemos imponer la vida como el valor superior, inviolable, al que nadie debe violentar, y eso requiere tomar decisiones. Corresponde al Estado, a trav\u00e9s del Ministerio del Interior, asumir esas decisiones de forma inmediata.<\/p>\n<p>Mis discrepancias pol\u00edticas con el ministro del Interior Eduardo Bonomi son claras, pero cualquier medida que el ministro tome con el fin de controlar y combatir la delincuencia, y que no sea un mero discurso explicativo sobre c\u00f3mo ha crecido la criminalidad, va a contar con mi apoyo. Pero debo decir que no veo en el gobierno ni en el ministro la voluntad pol\u00edtica ni las convicciones necesarias para tomar las medidas correspondientes, lejos de eso creo que la conducci\u00f3n de la seguridad p\u00fablica ha sido muy err\u00f3nea, y los resultados est\u00e1n a la vista.<\/p>\n<p>Para cambiar esos resultados y poner a la delincuencia en retroceso es necesario tomar medidas valientes y acordes a las circunstancias, siempre dentro del marco de la ley.<\/p>\n<p>No alcanza ni solucionamos nada si ante un robo o la muerte de alg\u00fan trabajador o una madre nos limitamos a la indignaci\u00f3n. Tenemos que llevar esa indignaci\u00f3n a la acci\u00f3n concreta, a iniciativas reales.<\/p>\n<p>En tal sentido considero oportunas dos medidas de aplicaci\u00f3n urgente.<\/p>\n<p>1) La primera, la propuesta del senador Jorge Larra\u00f1aga de impulsar un rol activo en el combate a la delincuencia para lo cual se debe acudir a todos los recursos disponibles, incluyendo la creaci\u00f3n de una fuerza de seguridad con el apoyo de militares y su accionar supeditado a la Polic\u00eda.<\/p>\n<p>2) La segunda es la de rever las estrategias policiales en su accionar de prevenci\u00f3n del delito pero tambi\u00e9n en su funcionamiento interno.<\/p>\n<p>a) La Polic\u00eda ha dejado de ser respetada. Hace unos a\u00f1os la presencia de un polic\u00eda uniformado era suficiente para evitar un delito, hoy los delincuentes atacan y roban a los propios uniformados para quitarle su arma de reglamento, chaleco y esposas, elementos que luego utilizan en la comisi\u00f3n de otros delitos mayores.<\/p>\n<p>b) Respecto al funcionamiento interno, a la Polic\u00eda le falta un conductor que reacomode los cuadros con sentido de mando y autoridad. Vemos a los polic\u00edas sin el apoyo interno, sin el debido control, sin el sentido de autoridad m\u00ednimo, y eso se traslada a la poblaci\u00f3n que le pierde respeto, no valora su presencia ni su accionar, y la poblaci\u00f3n se siente vulnerable e inerme.<\/p>\n<p>En definitiva, firmeza contra la delincuencia para garantizar la paz y la tranquilidad a todos los ciudadanos, sin que esas medidas inmediatas inhiban otras m\u00e1s complejas y muy necesarias como pol\u00edticas sociales integrales y amplias.<\/p>\n<p>Edmundo Roselli.<\/p>\n","protected":false},"excerpt":{"rendered":"<p>La inseguridad es uno de los temas que m\u00e1s preocupa a la poblaci\u00f3n. Cuando una sociedad se sabe insegura comienza a sentir desprotecci\u00f3n y miedo, y esos son sentimientos negativos para cualquier comunidad que quiera vivir en libertad y con pleno goce de sus derechos. Por eso, cuando se debate sobre la falta de seguridad [&hellip;]<\/p>\n","protected":false},"author":1,"featured_media":30485,"comment_status":"open","ping_status":"open","sticky":false,"template":"","format":"standard","meta":{"footnotes":""},"categories":[17],"tags":[],"class_list":["post-30484","post","type-post","status-publish","format-standard","has-post-thumbnail","hentry","category-columna"],"_links":{"self":[{"href":"https:\/\/alianzanacional.com.uy\/web\/wp-json\/wp\/v2\/posts\/30484","targetHints":{"allow":["GET"]}}],"collection":[{"href":"https:\/\/alianzanacional.com.uy\/web\/wp-json\/wp\/v2\/posts"}],"about":[{"href":"https:\/\/alianzanacional.com.uy\/web\/wp-json\/wp\/v2\/types\/post"}],"author":[{"embeddable":true,"href":"https:\/\/alianzanacional.com.uy\/web\/wp-json\/wp\/v2\/users\/1"}],"replies":[{"embeddable":true,"href":"https:\/\/alianzanacional.com.uy\/web\/wp-json\/wp\/v2\/comments?post=30484"}],"version-history":[{"count":1,"href":"https:\/\/alianzanacional.com.uy\/web\/wp-json\/wp\/v2\/posts\/30484\/revisions"}],"predecessor-version":[{"id":30486,"href":"https:\/\/alianzanacional.com.uy\/web\/wp-json\/wp\/v2\/posts\/30484\/revisions\/30486"}],"wp:featuredmedia":[{"embeddable":true,"href":"https:\/\/alianzanacional.com.uy\/web\/wp-json\/wp\/v2\/media\/30485"}],"wp:attachment":[{"href":"https:\/\/alianzanacional.com.uy\/web\/wp-json\/wp\/v2\/media?parent=30484"}],"wp:term":[{"taxonomy":"category","embeddable":true,"href":"https:\/\/alianzanacional.com.uy\/web\/wp-json\/wp\/v2\/categories?post=30484"},{"taxonomy":"post_tag","embeddable":true,"href":"https:\/\/alianzanacional.com.uy\/web\/wp-json\/wp\/v2\/tags?post=30484"}],"curies":[{"name":"wp","href":"https:\/\/api.w.org\/{rel}","templated":true}]}}