{"id":30571,"date":"2018-05-16T14:09:31","date_gmt":"2018-05-16T17:09:31","guid":{"rendered":"http:\/\/alianzanacional.com.uy\/web\/?p=30571"},"modified":"2018-05-16T14:09:31","modified_gmt":"2018-05-16T17:09:31","slug":"alianza-nacional-llama-a-bonomi-y-layera-a-comisiones-de-seguridad-del-parlamento","status":"publish","type":"post","link":"https:\/\/alianzanacional.com.uy\/web\/alianza-nacional-llama-a-bonomi-y-layera-a-comisiones-de-seguridad-del-parlamento\/","title":{"rendered":"Alianza Nacional llama a Bonomi y Layera a comisiones de Seguridad del Parlamento"},"content":{"rendered":"<p><a href=\"https:\/\/alianzanacional.com.uy\/web\/wp-content\/uploads\/2018\/04\/WhatsApp-Image-2018-04-04-at-20.21.51.jpeg\"><img fetchpriority=\"high\" decoding=\"async\" src=\"https:\/\/alianzanacional.com.uy\/web\/wp-content\/uploads\/2018\/04\/WhatsApp-Image-2018-04-04-at-20.21.51-700x393.jpeg\" alt=\"\" width=\"620\" height=\"348\" class=\"alignnone size-large wp-image-30527\" srcset=\"https:\/\/alianzanacional.com.uy\/web\/wp-content\/uploads\/2018\/04\/WhatsApp-Image-2018-04-04-at-20.21.51-700x393.jpeg 700w, https:\/\/alianzanacional.com.uy\/web\/wp-content\/uploads\/2018\/04\/WhatsApp-Image-2018-04-04-at-20.21.51-400x225.jpeg 400w, https:\/\/alianzanacional.com.uy\/web\/wp-content\/uploads\/2018\/04\/WhatsApp-Image-2018-04-04-at-20.21.51-768x431.jpeg 768w, https:\/\/alianzanacional.com.uy\/web\/wp-content\/uploads\/2018\/04\/WhatsApp-Image-2018-04-04-at-20.21.51.jpeg 1600w\" sizes=\"(max-width: 620px) 100vw, 620px\" \/><\/a><\/p>\n<p><em>El sector blanco Alianza Nacional convocar\u00e1 esta semana al ministro del Interior, Eduardo Bonomi y al director nacional de Polic\u00eda, Mario Layera a las comisiones de Seguridad de ambas c\u00e1maras.<\/em><\/p>\n<p>El director nacional de Polic\u00eda, Mario Layera, dijo que Uruguay se encamina a un escenario de inseguridad como en El Salvador o Guatemala. Esto gener\u00f3 duras cr\u00edticas de legisladores de la oposici\u00f3n, los que consideran que el funcionario admiti\u00f3 el fracaso de la pol\u00edtica que el gobierno lleva adelante para combatir el delito.<\/p>\n<p>Layera, entrevistado por el diario El Observador, al ser consultado sobre qu\u00e9 futuro ve para la situaci\u00f3n en materia delictiva contest\u00f3: \u201cUn escenario como El Salvador o Guatemala. El Estado se ver\u00e1 superado. La gente de poder econ\u00f3mico crear\u00e1 su propia respuesta de seguridad privada, barrios enteros cerrados con ingreso controlado y el Estado disminuir\u00e1 su poder ante organizaciones pandilleras que vivan de las dem\u00e1s, cobrando peaje para todo\u201d.<\/p>\n<p>Las declaraciones generaron un fuerte revuelo pol\u00edtico. El sector blanco Alianza Nacional convocar\u00e1 esta semanal ministro del Interior, Eduardo Bonomi y al propio Layera a las comisiones de Seguridad de Senadores y Diputados.<\/p>\n<p>En el Senado el convocante ser\u00e1 el senador Guillermo Besozzi y en Diputado el representante Pablo Abdala. El diputado dijo a El Pa\u00eds que los comentarios de Layera fueron graves y suponen admitir su fracaso por lo que es fundamental que comparezca en el Parlamento.<\/p>\n<p>Fuente: El Pa\u00eds<\/p>\n","protected":false},"excerpt":{"rendered":"<p>El sector blanco Alianza Nacional convocar\u00e1 esta semana al ministro del Interior, Eduardo Bonomi y al director nacional de Polic\u00eda, Mario Layera a las comisiones de Seguridad de ambas c\u00e1maras. El director nacional de Polic\u00eda, Mario Layera, dijo que Uruguay se encamina a un escenario de inseguridad como en El Salvador o Guatemala. Esto gener\u00f3 [&hellip;]<\/p>\n","protected":false},"author":1,"featured_media":30527,"comment_status":"open","ping_status":"open","sticky":false,"template":"","format":"standard","meta":{"footnotes":""},"categories":[164],"tags":[],"class_list":["post-30571","post","type-post","status-publish","format-standard","has-post-thumbnail","hentry","category-legislativas"],"_links":{"self":[{"href":"https:\/\/alianzanacional.com.uy\/web\/wp-json\/wp\/v2\/posts\/30571","targetHints":{"allow":["GET"]}}],"collection":[{"href":"https:\/\/alianzanacional.com.uy\/web\/wp-json\/wp\/v2\/posts"}],"about":[{"href":"https:\/\/alianzanacional.com.uy\/web\/wp-json\/wp\/v2\/types\/post"}],"author":[{"embeddable":true,"href":"https:\/\/alianzanacional.com.uy\/web\/wp-json\/wp\/v2\/users\/1"}],"replies":[{"embeddable":true,"href":"https:\/\/alianzanacional.com.uy\/web\/wp-json\/wp\/v2\/comments?post=30571"}],"version-history":[{"count":1,"href":"https:\/\/alianzanacional.com.uy\/web\/wp-json\/wp\/v2\/posts\/30571\/revisions"}],"predecessor-version":[{"id":30572,"href":"https:\/\/alianzanacional.com.uy\/web\/wp-json\/wp\/v2\/posts\/30571\/revisions\/30572"}],"wp:featuredmedia":[{"embeddable":true,"href":"https:\/\/alianzanacional.com.uy\/web\/wp-json\/wp\/v2\/media\/30527"}],"wp:attachment":[{"href":"https:\/\/alianzanacional.com.uy\/web\/wp-json\/wp\/v2\/media?parent=30571"}],"wp:term":[{"taxonomy":"category","embeddable":true,"href":"https:\/\/alianzanacional.com.uy\/web\/wp-json\/wp\/v2\/categories?post=30571"},{"taxonomy":"post_tag","embeddable":true,"href":"https:\/\/alianzanacional.com.uy\/web\/wp-json\/wp\/v2\/tags?post=30571"}],"curies":[{"name":"wp","href":"https:\/\/api.w.org\/{rel}","templated":true}]}}