{"id":30731,"date":"2018-06-28T15:19:54","date_gmt":"2018-06-28T18:19:54","guid":{"rendered":"http:\/\/alianzanacional.com.uy\/web\/?p=30731"},"modified":"2018-06-28T15:19:54","modified_gmt":"2018-06-28T18:19:54","slug":"a-45-anos-del-golpe-de-estado","status":"publish","type":"post","link":"https:\/\/alianzanacional.com.uy\/web\/a-45-anos-del-golpe-de-estado\/","title":{"rendered":"A 45 a\u00f1os del golpe de estado"},"content":{"rendered":"<p><a href=\"https:\/\/alianzanacional.com.uy\/web\/wp-content\/uploads\/2018\/03\/ParlamentoUy000IMGREF30048.jpeg\"><img fetchpriority=\"high\" decoding=\"async\" class=\"alignnone size-large wp-image-30499\" src=\"https:\/\/alianzanacional.com.uy\/web\/wp-content\/uploads\/2018\/03\/ParlamentoUy000IMGREF30048-700x467.jpeg\" alt=\"\" width=\"620\" height=\"414\" srcset=\"https:\/\/alianzanacional.com.uy\/web\/wp-content\/uploads\/2018\/03\/ParlamentoUy000IMGREF30048-700x467.jpeg 700w, https:\/\/alianzanacional.com.uy\/web\/wp-content\/uploads\/2018\/03\/ParlamentoUy000IMGREF30048-400x267.jpeg 400w, https:\/\/alianzanacional.com.uy\/web\/wp-content\/uploads\/2018\/03\/ParlamentoUy000IMGREF30048-768x513.jpeg 768w, https:\/\/alianzanacional.com.uy\/web\/wp-content\/uploads\/2018\/03\/ParlamentoUy000IMGREF30048.jpeg 2000w\" sizes=\"(max-width: 620px) 100vw, 620px\" \/><\/a><\/p>\n<p>45 a\u00f1os del golpe de estado y algo m\u00e1s de 33 a\u00f1os de la recuperaci\u00f3n democr\u00e1tica. Fueron 11 a\u00f1os y medio negros para el pa\u00eds. Mucha gente joven no tiene mucha conciencia porque no tiene memoria de ese hecho que sucedi\u00f3 antes que nacieran. Ya tiene 45 a\u00f1os aquel episodio y para entenderlo hay que ir algunos a\u00f1os m\u00e1s atr\u00e1s.<\/p>\n<p>La primera cosa es que el 27 de junio de 1973, cuando el Presidente de la Rep\u00fablica electo Juan Mar\u00eda Bordaberry con los militares, da un golpe de estado disolviendo el Parlamento Nacional e instalando, a partir de all\u00ed, un gobierno dictatorial que elimina todas las libertades: la de elegir, las de pensar, las de opinar, la libertad de expresi\u00f3n, la libertad de circular; proh\u00edbe los partidos pol\u00edticos, proh\u00edbe las reuniones; instala un r\u00e9gimen para controlar a la sociedad durante todos esos a\u00f1os, a tal punto que luego los militares desplazan al propio Bordaberry y toman la totalidad del poder; y fue el pueblo uruguayo el que, desde un principio, reaccion\u00f3 y rechaz\u00f3.<\/p>\n<p>Quiz\u00e1s lo m\u00e1s simb\u00f3lico de aquella noche del 73 sea el discurso de Wilson Ferreira Aldunate en el Senado de la Rep\u00fablica, cuando declara que el Partido Nacional ser\u00e1 el m\u00e1s implacable enemigo de aquel gobierno que se instalaba. Y el Partido Nacional cumple con Wilson en su liderazgo. Y cumple con su sacrificio, con su refuerzo. Y es proscripto, y es perseguido, y tiene c\u00e1rcel, y tiene exilio. Y luego es Wilson Ferreira Aldunate qui\u00e9n desarroll\u00f3 durante los a\u00f1os de la dictadura, una muy f\u00e9rrea, extensa e inteligente gesti\u00f3n desde el exterior del pa\u00eds para aislar a la dictadura uruguaya en primer t\u00e9rmino, pero tambi\u00e9n para generar alternativas de salida. Es \u00e9l qui\u00e9n paga con su libertad y qui\u00e9n garantiza con su c\u00e1rcel que puede haber una salida; que no fue la salida que el pueblo uruguayo hab\u00eda comprometido; no fue la salida del Obelisco de un Uruguay democr\u00e1tico y sin exclusiones; fue una salida con proscriptos, fue una salida con presos y fue una salida con Wilson Ferreira Aldunate preso, en un acuerdo que hace el Frente Amplio, el Partido Colorado y los propios militares, todos sacando de eso algo. La salida democr\u00e1tica, la salida \u201cen paz\u201d, pero sobre los hombros de qui\u00e9n seguramente iba a ser el Presidente de la Rep\u00fablica si estaba libre.<\/p>\n<p>Tan pat\u00e9tico fue todo aquello que a Wilson lo liberan un d\u00eda despu\u00e9s de las elecciones, cuando ya no corr\u00edan peligro los que pod\u00edan haber competido con \u00e9l.<\/p>\n<p>Pero eso tambi\u00e9n qued\u00f3 atr\u00e1s, porque la grandeza de Wilson, esa misma madrugada, cuando habla con los uruguayos, nos ense\u00f1a el camino de la generosidad, de la gobernabilidad, de mirar para adelante, de apoyar al gobierno que hab\u00eda nacido, rengo si, pero que hab\u00eda nacido y al que hab\u00eda que darle respaldo para que la democracia se pudiera consolidar.<\/p>\n<p>El 27 de junio fue el \u00faltimo episodio. El primero quiz\u00e1s fueron los comunicados 4 y 7 de febrero del 73, donde algunos se confundieron, y otros no tanto, pero creyeron que era como el golpe de estado peruanista de los militares progresistas, porque los comunicados 4 y 7 emitidos por los militares hablaban de la reforma agraria, de la nacionalizaci\u00f3n de la banca; hablaba mal de los pol\u00edticos y hablaba de tantas cosas que la izquierda quiso apoyar. Y entonces entr\u00f3 toda aquella confusi\u00f3n de que apoyar y que no.<\/p>\n<p>Yo recuerdo, porque adem\u00e1s est\u00e1 escrito, est\u00e1 documentado en un magnifico n\u00famero de Marcha, \u201cSiete d\u00edas que conmovieron a Uruguay\u201d, llamado as\u00ed el discurso del General L\u00edber Seregni, cuando dec\u00eda la cuesti\u00f3n no es entre libertad y democracia, sino entre oligarqu\u00eda y pueblo, y bienvenidos los militares que son parte del pueblo. \u00a1Que errores se cometieron en aquellos tiempos!<\/p>\n<p>Pero lo m\u00e1s importante es haber aprendido. Lo m\u00e1s importante es que hoy no existen esas condiciones en la regi\u00f3n. Vive la democracia m\u00e1s all\u00e1 de los altibajos, y que en Uruguay hay una convivencia civilizada, democr\u00e1tica, libre y sobre eso tenemos que construir. La democracia sola no alcanza, hay que darle contenido para que la libertad del hombre vaya m\u00e1s all\u00e1 de lo formal. Eso no lo podemos perder nunca. M\u00e1s all\u00e1 de lo que se diga, no hay ning\u00fan medio que justifique terribles fines que algunos buscan.<\/p>\n<p>Jorge Gandini<\/p>\n","protected":false},"excerpt":{"rendered":"<p>45 a\u00f1os del golpe de estado y algo m\u00e1s de 33 a\u00f1os de la recuperaci\u00f3n democr\u00e1tica. Fueron 11 a\u00f1os y medio negros para el pa\u00eds. Mucha gente joven no tiene mucha conciencia porque no tiene memoria de ese hecho que sucedi\u00f3 antes que nacieran. Ya tiene 45 a\u00f1os aquel episodio y para entenderlo hay que [&hellip;]<\/p>\n","protected":false},"author":1,"featured_media":30499,"comment_status":"open","ping_status":"open","sticky":false,"template":"","format":"standard","meta":{"footnotes":""},"categories":[17],"tags":[],"class_list":["post-30731","post","type-post","status-publish","format-standard","has-post-thumbnail","hentry","category-columna"],"_links":{"self":[{"href":"https:\/\/alianzanacional.com.uy\/web\/wp-json\/wp\/v2\/posts\/30731","targetHints":{"allow":["GET"]}}],"collection":[{"href":"https:\/\/alianzanacional.com.uy\/web\/wp-json\/wp\/v2\/posts"}],"about":[{"href":"https:\/\/alianzanacional.com.uy\/web\/wp-json\/wp\/v2\/types\/post"}],"author":[{"embeddable":true,"href":"https:\/\/alianzanacional.com.uy\/web\/wp-json\/wp\/v2\/users\/1"}],"replies":[{"embeddable":true,"href":"https:\/\/alianzanacional.com.uy\/web\/wp-json\/wp\/v2\/comments?post=30731"}],"version-history":[{"count":1,"href":"https:\/\/alianzanacional.com.uy\/web\/wp-json\/wp\/v2\/posts\/30731\/revisions"}],"predecessor-version":[{"id":30732,"href":"https:\/\/alianzanacional.com.uy\/web\/wp-json\/wp\/v2\/posts\/30731\/revisions\/30732"}],"wp:featuredmedia":[{"embeddable":true,"href":"https:\/\/alianzanacional.com.uy\/web\/wp-json\/wp\/v2\/media\/30499"}],"wp:attachment":[{"href":"https:\/\/alianzanacional.com.uy\/web\/wp-json\/wp\/v2\/media?parent=30731"}],"wp:term":[{"taxonomy":"category","embeddable":true,"href":"https:\/\/alianzanacional.com.uy\/web\/wp-json\/wp\/v2\/categories?post=30731"},{"taxonomy":"post_tag","embeddable":true,"href":"https:\/\/alianzanacional.com.uy\/web\/wp-json\/wp\/v2\/tags?post=30731"}],"curies":[{"name":"wp","href":"https:\/\/api.w.org\/{rel}","templated":true}]}}