{"id":30734,"date":"2018-07-03T17:02:34","date_gmt":"2018-07-03T20:02:34","guid":{"rendered":"http:\/\/alianzanacional.com.uy\/web\/?p=30734"},"modified":"2018-07-03T17:02:34","modified_gmt":"2018-07-03T20:02:34","slug":"declaracion-ante-el-aumento-de-precios-de-ancap","status":"publish","type":"post","link":"https:\/\/alianzanacional.com.uy\/web\/declaracion-ante-el-aumento-de-precios-de-ancap\/","title":{"rendered":"Declaraci\u00f3n ante el aumento de precios de ANCAP"},"content":{"rendered":"<p><a href=\"https:\/\/alianzanacional.com.uy\/web\/wp-content\/uploads\/2018\/07\/337378.jpg\"><img fetchpriority=\"high\" decoding=\"async\" class=\"alignnone size-large wp-image-30736\" src=\"https:\/\/alianzanacional.com.uy\/web\/wp-content\/uploads\/2018\/07\/337378-700x385.jpg\" alt=\"\" width=\"620\" height=\"341\" srcset=\"https:\/\/alianzanacional.com.uy\/web\/wp-content\/uploads\/2018\/07\/337378-700x385.jpg 700w, https:\/\/alianzanacional.com.uy\/web\/wp-content\/uploads\/2018\/07\/337378-400x220.jpg 400w, https:\/\/alianzanacional.com.uy\/web\/wp-content\/uploads\/2018\/07\/337378-768x422.jpg 768w, https:\/\/alianzanacional.com.uy\/web\/wp-content\/uploads\/2018\/07\/337378.jpg 800w\" sizes=\"(max-width: 620px) 100vw, 620px\" \/><\/a><\/p>\n<p>Ante el aumento de precios que se anuncia a partir de la pr\u00f3xima medianoche por parte de ANCAP, el sector Alianza Nacional declara:<\/p>\n<p>Que el muy severo incremento de un 9% de las naftas no se explica exclusivamente por la evoluci\u00f3n del petr\u00f3leo y el tipo de cambio. El mismo sigue siendo consecuencia de la p\u00e9rdida patrimonial sufrida por ANCAP en los \u00faltimos a\u00f1os y de la decisi\u00f3n del gobierno de que sean los uruguayos quienes la capitalicen a trav\u00e9s del consumo.<\/p>\n<p>Que desde la ca\u00edda pronunciada del petr\u00f3leo en el segundo semestre de 2014, el Uruguay ha mantenido los precios de sus combustibles a niveles muy superiores a la cotizaci\u00f3n internacional del barril.<\/p>\n<p>Que la no alteraci\u00f3n del costo al consumidor del gasoil y el superg\u00e1s no hace a la decisi\u00f3n menos censurable, teniendo en cuenta que dichos derivados del petr\u00f3leo se encuentran por encima de los valores internacionales. En el caso del gasoil, es hist\u00f3rica la brecha entre el precio interno y el de paridad de importaci\u00f3n.<\/p>\n<p>Que la decisi\u00f3n oficial se inscribe en el contexto de las cuentas p\u00fablicas debilitadas que el pa\u00eds exhibe, considerando la alta carga impositiva \u2013 directa e indirecta \u2013 que grava los combustibles y el rescate de ANCAP que debi\u00f3 practicarse recientemente, cuando la empresa llevaba perdidos 800 millones de d\u00f3lares y estaba al borde del patrimonio negativo.<\/p>\n<p>Que los legisladores del sector han sido comisionados para convocar a la ministra de Industria y Energ\u00eda a la comisi\u00f3n respectiva de la C\u00e1mara de Representantes, a efectos de brindar las explicaciones pertinentes.<\/p>\n<p style=\"text-align: right;\">Montevideo, 3 de julio de 2018.<\/p>\n<p style=\"text-align: center;\"><a href=\"https:\/\/drive.google.com\/file\/d\/1bZVEiIyg0I_OvHgmSNQapMcILtHtFpro\/view?usp=sharing\">DESCARGUE EL ARCHIVO CON LA DECLARACI\u00d3N<\/a><\/p>\n","protected":false},"excerpt":{"rendered":"<p>Ante el aumento de precios que se anuncia a partir de la pr\u00f3xima medianoche por parte de ANCAP, el sector Alianza Nacional declara: Que el muy severo incremento de un 9% de las naftas no se explica exclusivamente por la evoluci\u00f3n del petr\u00f3leo y el tipo de cambio. El mismo sigue siendo consecuencia de la [&hellip;]<\/p>\n","protected":false},"author":1,"featured_media":30736,"comment_status":"open","ping_status":"open","sticky":false,"template":"","format":"standard","meta":{"footnotes":""},"categories":[304,16],"tags":[],"class_list":["post-30734","post","type-post","status-publish","format-standard","has-post-thumbnail","hentry","category-comunicados","category-noticias"],"_links":{"self":[{"href":"https:\/\/alianzanacional.com.uy\/web\/wp-json\/wp\/v2\/posts\/30734","targetHints":{"allow":["GET"]}}],"collection":[{"href":"https:\/\/alianzanacional.com.uy\/web\/wp-json\/wp\/v2\/posts"}],"about":[{"href":"https:\/\/alianzanacional.com.uy\/web\/wp-json\/wp\/v2\/types\/post"}],"author":[{"embeddable":true,"href":"https:\/\/alianzanacional.com.uy\/web\/wp-json\/wp\/v2\/users\/1"}],"replies":[{"embeddable":true,"href":"https:\/\/alianzanacional.com.uy\/web\/wp-json\/wp\/v2\/comments?post=30734"}],"version-history":[{"count":2,"href":"https:\/\/alianzanacional.com.uy\/web\/wp-json\/wp\/v2\/posts\/30734\/revisions"}],"predecessor-version":[{"id":30737,"href":"https:\/\/alianzanacional.com.uy\/web\/wp-json\/wp\/v2\/posts\/30734\/revisions\/30737"}],"wp:featuredmedia":[{"embeddable":true,"href":"https:\/\/alianzanacional.com.uy\/web\/wp-json\/wp\/v2\/media\/30736"}],"wp:attachment":[{"href":"https:\/\/alianzanacional.com.uy\/web\/wp-json\/wp\/v2\/media?parent=30734"}],"wp:term":[{"taxonomy":"category","embeddable":true,"href":"https:\/\/alianzanacional.com.uy\/web\/wp-json\/wp\/v2\/categories?post=30734"},{"taxonomy":"post_tag","embeddable":true,"href":"https:\/\/alianzanacional.com.uy\/web\/wp-json\/wp\/v2\/tags?post=30734"}],"curies":[{"name":"wp","href":"https:\/\/api.w.org\/{rel}","templated":true}]}}