{"id":30770,"date":"2018-07-15T20:43:58","date_gmt":"2018-07-15T23:43:58","guid":{"rendered":"http:\/\/alianzanacional.com.uy\/web\/?p=30770"},"modified":"2018-07-18T12:43:27","modified_gmt":"2018-07-18T15:43:27","slug":"larranaga-todas-las-elecciones-internas-terminan-polarizandose","status":"publish","type":"post","link":"https:\/\/alianzanacional.com.uy\/web\/larranaga-todas-las-elecciones-internas-terminan-polarizandose\/","title":{"rendered":"Larra\u00f1aga: \u201cMe obsesiona que el Estado cumpla una funci\u00f3n \u00e9tica de igualar oportunidades\u201d"},"content":{"rendered":"<p><a href=\"https:\/\/alianzanacional.com.uy\/web\/wp-content\/uploads\/2018\/07\/larranaga_dsc6555_1200w.jpg\"><img fetchpriority=\"high\" decoding=\"async\" src=\"https:\/\/alianzanacional.com.uy\/web\/wp-content\/uploads\/2018\/07\/larranaga_dsc6555_1200w-700x467.jpg\" alt=\"\" width=\"620\" height=\"414\" class=\"alignnone size-large wp-image-30771\" srcset=\"https:\/\/alianzanacional.com.uy\/web\/wp-content\/uploads\/2018\/07\/larranaga_dsc6555_1200w-700x467.jpg 700w, https:\/\/alianzanacional.com.uy\/web\/wp-content\/uploads\/2018\/07\/larranaga_dsc6555_1200w-400x267.jpg 400w, https:\/\/alianzanacional.com.uy\/web\/wp-content\/uploads\/2018\/07\/larranaga_dsc6555_1200w-768x512.jpg 768w, https:\/\/alianzanacional.com.uy\/web\/wp-content\/uploads\/2018\/07\/larranaga_dsc6555_1200w.jpg 1200w\" sizes=\"(max-width: 620px) 100vw, 620px\" \/><\/a><\/p>\n<p>Un \u201ccombatiente\u201d que tiene la convicci\u00f3n de que esta vez s\u00ed tendr\u00e1 la oportunidad de ser presidente.<br \/>\nEl senador Jorge Larra\u00f1aga sigue con el mismo objetivo como norte: ser el candidato \u00fanico del Partido Nacional. En su opini\u00f3n, s\u00f3lo es posible una interna blanca en la que compitan dos candidatos, ni uno m\u00e1s. Aunque prefiere no hablar de los matices con sus correligionarios, arriesga que las diferencias se terminan dirimiendo en las urnas. Adelanta que si se lo proponen, no aceptar\u00eda integrar una f\u00f3rmula como vicepresidente.<\/p>\n<p>En cuanto a la reforma constitucional que impulsa, asegura que es \u201cla reforma de la gente\u201d y una forma de \u201ccanalizar\u201d el reclamo por inseguridad. Descarta que los \u201cmilitares desembarquen frente al Palacio Legislativo con ametralladoras\u201d, opina que las cr\u00edticas que hizo el intendente de Maldonado, Enrique Ant\u00eda, a la iniciativa \u201cno son justas\u201d y concluye en que \u201ccuidar a la gente no es de izquierda ni de derecha\u201d.<\/p>\n<p><em>Luego de las \u00faltimas elecciones muchos pensaron que no volver\u00eda a candidatearse. Incluso usted dijo que era su \u00faltima vez. \u00bfQu\u00e9 lo impuls\u00f3 a presentarse nuevamente?<\/em><br \/>\nLos valores b\u00e1sicos que absorb\u00ed de mi familia fueron el sacrificio y la lucha. Esa es mi historia. Siempre sostuve que no hay nada que valga la pena y no cueste mucho. No tengo herencias en el marco pol\u00edtico, constru\u00ed mi trayectoria sobre la base de un proyecto pol\u00edtico y de mi esfuerzo. Tuve la audacia de ser intendente [de Paysand\u00fa] muy joven, con 32 a\u00f1os; despu\u00e9s pas\u00e9 a la palestra nacional, conform\u00e9 un grupo, y eso me llev\u00f3 a ser candidato \u00fanico del Partido Nacional [PN] contra el mejor Frente Amplio [FA] y el mejor Tabar\u00e9 V\u00e1zquez. Llegu\u00e9 al porcentaje m\u00e1s alto que obtuvo el PN desde la dictadura hasta ac\u00e1. Despu\u00e9s segu\u00ed en las dos campa\u00f1as siguientes y el a\u00f1o pasado decid\u00ed volver a ser precandidato porque creo que tengo un buen proyecto pol\u00edtico y una responsabilidad. No puedo ser espectador de un pa\u00eds que se cae por la pendiente sin que nadie haga nada. Tengo experiencia y una enorme fortaleza interior que me lleva hacia adelante incluso en situaciones complejas. Soy un combatiente.<\/p>\n<p><em>\u00bfQu\u00e9 escenario imagina en las pr\u00f3ximas internas?<\/em><br \/>\nEstoy convencido de que va a ser un escenario del candidato con la gente. Faltando tres meses para la interna de 2004, yo aparec\u00eda muy lejos en las encuestas pero termin\u00e9 ganando. En las \u00faltimas elecciones aparec\u00eda como favorito y termin\u00e9 perdiendo la elecci\u00f3n. Todas las internas y elecciones son distintas. Los modelos que se repiten muchas veces terminan fracasando o perdiendo.<\/p>\n<p><em>Hay algunos dirigentes que est\u00e1n a la espera de lanzar sus candidaturas, como la senadora Ver\u00f3nica Alonso o el grupo de los intendentes, \u00bfc\u00f3mo piensa que se terminar\u00e1 resolviendo la interna?<\/em><br \/>\nLe voy a expresar algo que est\u00e1 totalmente constatado: nunca he visto una elecci\u00f3n con tres o cuatro candidaturas. Todas las elecciones internas terminan polariz\u00e1ndose. No lo digo para disminuir a nadie, por favor, esa no es mi intenci\u00f3n. Lo que sostengo es que en todas las elecciones de nuestra historia siempre fueron dos expresiones las que terminaron captando la mayor atenci\u00f3n. Eso pas\u00f3 en 1999, 2004, 2009 y 2014. Y va a pasar en 2019.<\/p>\n<p><em>\u00bfY usted ser\u00e1 una de esas dos expresiones?<\/em><br \/>\nPor supuesto que aspiro y estoy convencido de ser el pr\u00f3ximo candidato \u00fanico del PN. Soy de esas personas que cuando salen, llegan hasta el final. Me embarqu\u00e9 en esta precandidatura porque tengo un proyecto, un equipo, ideas, experiencia y un relato de vida de mucho esfuerzo y resiliencia. Creo que para enfrentar cualquier actividad de la vida hay que saber sufrir y superar los sufrimientos para salir adelante. Tambi\u00e9n tengo pleno conocimiento del sistema pol\u00edtico. Me equivoqu\u00e9 en la anterior elecci\u00f3n cuando pronostiqu\u00e9 que ning\u00fan partido iba a tener mayor\u00edas parlamentarias, pero en esta elecci\u00f3n no me voy a equivocar. Estoy convencido de que ning\u00fan partido pol\u00edtico va a tener mayor\u00eda parlamentaria, por eso hablo de los liderazgos, porque van a ser necesarios si nuestro partido llega a la instancia del balotaje. En ese balotaje pretendo estar y estoy convencido de poder ganarlo.<\/p>\n<p><em>\u00bfCu\u00e1l va a ser su propuesta?<\/em><br \/>\nNuestro proyecto de hoy es un proyecto de justicia, en el que la sociedad y sus integrantes tienen que advertir que hay derechos y obligaciones, y el Estado tiene que cumplir un rol, dar oportunidades y garantizarlas. Por eso no concebimos que no estemos haciendo la revoluci\u00f3n m\u00e1s progresista que puede hacer una sociedad, que es la revoluci\u00f3n de la educaci\u00f3n. Esa es la reforma progresista que el pa\u00eds precisa y tiene que ser absolutamente prioritaria: no podemos tener futuro si fracasamos con nuestros ni\u00f1os. La educaci\u00f3n p\u00fablica tiene que ser el verdadero escudo de los pobres. Personalmente, me obsesiona que el Estado cumpla una funci\u00f3n \u00e9tica de igualar oportunidades, y hoy no hay igualdad de oportunidades. En nuestra concepci\u00f3n, el Estado debe cumplir dos objetivos fundamentales: garantizar la seguridad y crear igualdad de oportunidades. Esto es central. En el Uruguay de hoy hay necesidades redistributivas insatisfechas. La revoluci\u00f3n es cambiar entonces la educaci\u00f3n, la seguridad y modernizar las pol\u00edticas sociales, que llegaron para quedarse; no las pensamos tocar, pero s\u00ed modernizar y adecuar. A nosotros nos dijeron en 2005 que las pol\u00edticas sociales distributivas iban a tener un par de a\u00f1os y despu\u00e9s iban a encontrar la ruta de salida de la pobreza, pero al final las pol\u00edticas sociales terminaron siendo un reducto de asistencialismo, no de inclusi\u00f3n social y humana.<\/p>\n<p><em>\u00bfPero tiene en mente medidas concretas para estos problemas que se\u00f1ala?<\/em><br \/>\nSi le revelara qu\u00e9 voy a plantear, le estar\u00eda dando la estrategia a seguir en la pr\u00f3xima campa\u00f1a, y usted imaginar\u00e1 que las estrategias no se revelan. Habr\u00e1 que buscar aquellos mecanismos, que por supuesto los tenemos, pero que hoy no estamos en condiciones ni queremos anunciar cu\u00e1les van a ser.<\/p>\n<p><em>En el correr de un a\u00f1o fueron varios los dirigentes que decidieron abandonar su sector. \u00bfLe preocupan estas escisiones?<\/em><br \/>\nSiempre preocupa el posicionamiento diferente de quienes compartieron un proyecto durante muchos a\u00f1os. Estar\u00eda faltando a la verdad si le dijera una cosa diferente, pero tengo la necesidad de seguir adelante. Nuestro proyecto es un proyecto de pa\u00eds, de desarrollo, y yo tengo la obligaci\u00f3n imperiosa de seguir luchando. No me funciona el espejo retrovisor, lo perd\u00ed. \u00bfSabe por qu\u00e9? Porque uno no puede avanzar mirando para atr\u00e1s. Lo \u00fanico que hace es enlentecer su paso, enlentecer su marcha. No miro para atr\u00e1s ni me genera ning\u00fan tipo de expresi\u00f3n de resentimiento de ninguna naturaleza estas cosas, porque soy una persona optimista con una enorme e inquebrantable fuerza de voluntad, que me motiva en muchas cosas en la vida. Lo que a veces me genera sorpresa es que los dirigentes se van tantas veces como se anuncian en los medios de comunicaci\u00f3n. \u00a114 veces! \u00a125 veces! \u00a170 veces! Los que se fueron, se fueron. En el f\u00fatbol son los goles, en la pol\u00edtica son los votos. Veremos. Tenemos diferencias y esas diferencias los blancos las zanjamos en las urnas. Por eso, si hay algo inevitable en el PN, absolutamente inevitable, es la elecci\u00f3n interna.<\/p>\n<p><em>\u201cCada vez que el lacallismo fue grande, tuvimos un partido chico\u201d, dijo el a\u00f1o pasado en el programa Pisando fuerte. \u00bfLo sigue pensando?<\/em><br \/>\nLo dije una vez y forma parte de un pensamiento. Es evidente que con el doctor Lacalle Pou tenemos diferencias de ra\u00edces, de proyectos pol\u00edticos y hasta de historias. La candidatura del PN la va a resolver la gente en las urnas y la convenci\u00f3n seguramente va a ser la que determine la candidatura para la vicepresidencia, para la cual ya he expresado que no voy a ser candidato.<\/p>\n<p><em>El grupo de los intendentes viene agarrando viento en la camiseta, \u00bfpiensa que pueden proyectar a nivel nacional las ideas que tienen en lo local?<\/em><br \/>\nLos proyectos llevan tiempo. Yo fui constructor de un proyecto pol\u00edtico a lo largo de los a\u00f1os. Puedo hablar de desarrollo local, descentralizaci\u00f3n y desigualdad en el interior porque tengo la experiencia de conocer cada rinc\u00f3n de la rep\u00fablica. Todo depende de los referentes pol\u00edticos, lo que puedan resaltar o trasladar a la opini\u00f3n p\u00fablica nacional. Todo depende de los liderazgos que se puedan ejercer, y de que la gente los pueda acompa\u00f1ar. Haciendo referencia a mi experiencia, y no a la de nadie m\u00e1s, no es lo mismo la pol\u00edtica departamental que la nacional.<\/p>\n<p><em>Si no despega el grupo de intendentes, \u00bflos volver\u00eda a cobijar bajo su sector?<\/em><br \/>\nYo no entro en esas suposiciones, porque lo primero que van a decir es que \u201cLarra\u00f1aga especula con la perspectiva de que los intendentes vuelvan a su proyecto pol\u00edtico\u201d. Y no es as\u00ed. Las puertas obviamente est\u00e1n abiertas. Si hablamos de que tenemos que sumar voluntades afines al proyecto en el marco interpartidario, eso vale todav\u00eda m\u00e1s puertas adentro del partido. Los movimientos no son compartimentos estancos, tienen sus puertas abiertas.<\/p>\n<p><em>\u00bfCu\u00e1ntas firmas llevan recolectadas para impulsar el refer\u00e9ndum?<\/em><br \/>\nHemos lanzado algo as\u00ed como 200.000 papeletas, que implican unas 600.000 firmas, pero estamos en una fase que es de retorno de esas papeletas, entonces no hemos hecho todav\u00eda una evaluaci\u00f3n. Tenemos, s\u00ed, la impresi\u00f3n de que hay una important\u00edsima adhesi\u00f3n a nivel de la poblaci\u00f3n en general. Prueba de ello es que dirigentes de todos los sectores del PN han firmado, as\u00ed como relevantes dirigentes pol\u00edticos del Partido Colorado y alguna gente del FA.<\/p>\n<p><em>Hace unos d\u00edas, el intendente de Maldonado, Enrique Ant\u00eda, dijo en el programa En perspectiva que su reforma constitucional \u201cno conduce a nada\u201d, m\u00e1s bien parece \u201cuna se\u00f1al de \u2018aprovechemos la calentura de la gente\u2019\u201d y una estrategia para reposicionarse en la pol\u00edtica nuevamente. \u00bfQu\u00e9 opina de esto?<\/em><br \/>\nEsa es una referencia que no es justa ni con mi trayectoria pol\u00edtica ni con los valores que he procurado aplicar siempre en mi actividad pol\u00edtica. Esta es la reforma de la gente. La gente est\u00e1 pidiendo firmar y esta reforma logra canalizar ese reclamo de seguridad p\u00fablica. Es una reforma que les va a servir a los uruguayos dentro de 15 meses, cuando al otro d\u00eda de la instancia electoral se pueda empezar a aplicar, porque le va a dar al pr\u00f3ximo gobierno instrumentos contundentes.<\/p>\n<p><em>\u00bfEsta iniciativa lo vuelca m\u00e1s a la derecha?<\/em><br \/>\nNosotros somos blancos. No somos ni de izquierda ni de derecha. Estoy con- vencido de que si agarra a especialistas e intentan ubicar en un pizarr\u00f3n a los distintos referentes de la vida pol\u00edtica nacional, probablemente se ubique a los del FA hacia la izquierda y a m\u00ed me colocar\u00edan en una visi\u00f3n de centro. Y que no se diga que por llevar un intento de reforma constitucional de estas caracter\u00edsticas no somos centro, porque el cuidar a la gente no es de izquierda ni de derecha. En definitiva, hay quienes le terminan poniendo una etiqueta a nuestra reforma de derecha, demag\u00f3gica y populista, pero es como que yo expresara que si cuidar a la gente es de derecha, no cuidarla es de izquierda. Y yo no puedo hacer un agravio de esas caracter\u00edsticas.<\/p>\n<p><em>Tambi\u00e9n hubo cr\u00edticas del intendente de Cerro Largo, Sergio Botana, que dijo a la diaria lo siguiente: \u201cA Wilson [Ferreira Aldunate] de lo \u00fanico que lo vi arrepentido en su vida fue de haber votado la Ley de Seguridad del Estado, que termin\u00f3 siendo utilizada para sacar el Ej\u00e9rcito a la calle. Y yo digo que esto va en esa misma l\u00ednea [&#8230;]. No es bueno que los militares se mezclen con el delito ni que empiecen a tener manifestaciones de opini\u00f3n\u201d.<\/em><br \/>\nMire&#8230; lo que querr\u00eda principalmente Wilson Ferreira Aldunate es que se cuide a la gente. Estamos hablando de militares con funciones de Polic\u00eda. Es lo mismo que hizo el gobierno de Tabar\u00e9 V\u00e1zquez con el proyecto que ya tiene media sanci\u00f3n en la C\u00e1mara de Diputados, en el que se les confiere a todas las Fuerzas Armadas funciones de Polic\u00eda en los 20 kil\u00f3metros de la frontera. Estamos hablando de una guardia nacional que ha sido exitosa en otras partes del mundo, como Espa\u00f1a, Italia, Portugal, Holanda, Chile. No estamos previendo que los militares desembarquen frente al Palacio Legislativo con ametralladoras, estamos hablando de una segunda fuerza, con adiestramiento y preparaci\u00f3n, que cumpla con funciones de Polic\u00eda. A m\u00ed me parece central esto, tenemos que usar todos los recursos humanos para enfrentar una delincuencia que nos est\u00e1 desbordando. Los delincuentes van ganando la batalla y eso es inocultable, pese a los 32.000 polic\u00edas que tenemos. Hay un fracaso en la pol\u00edtica de seguridad. Con toda franqueza, no creo que esta sea una pol\u00edtica equivocada; muy por el contrario, la gente me lo indica con la firma, y de \u00faltima es elecci\u00f3n de la ciudadan\u00eda. Es una reforma constitucional flexible porque no requerir\u00eda otra reforma constitucional para cambiar esta reforma. Para los detractores que dicen que es mala cosa poner en un texto r\u00edgido determinadas disposiciones, yo les digo que no. Si se llegara a la comprobaci\u00f3n de que est\u00e1 mal, las mayor\u00edas parlamentarias pueden modificarlo.<\/p>\n<p><em>En su momento no acompa\u00f1\u00f3 la campa\u00f1a impulsada por el senador colorado Pedro Bordaberry para bajar la edad de imputabilidad e incluso cuestion\u00f3 que se quisiera resolver el problema de seguridad con cl\u00e1usulas r\u00edgidas. \u00bfQu\u00e9 fue lo que cambi\u00f3?<\/em><br \/>\nEs otro tema, otro tiempo, pasaron a\u00f1os. Esta reforma es mucho m\u00e1s integral. Refiere a muchos m\u00e1s temas y habla de toda la pol\u00edtica de seguridad, en cuanto incorpora una segunda fuerza al Ministerio del Interior en la represi\u00f3n del delito, determina el cumplimiento efectivo de las penas, da la posibilidad del allanamiento nocturno y establece la pena de reclusi\u00f3n permanente revisable. Yo en ese momento dije que no firmaba, pero hubo libertad de acci\u00f3n y muchos firmaron y acompa\u00f1aron. La gente laud\u00f3 en las urnas.<\/p>\n<p><em>Teniendo en cuenta las escisiones de su sector y el surgimiento de nuevas caras candidateables, \u00bfesta propuesta fortalece su candidatura en el partido?<\/em><br \/>\nBajo ning\u00fan punto de vista yo entro en una especulaci\u00f3n pol\u00edtica con este tema. Yo no acud\u00ed a este instrumento para especular pol\u00edticamente. \u00a1No, no, no! Yo llevo adelante este proyecto y recorro este camino porque creo que es lo que hay que hacer. Hay que cuidar a la gente, y el gobierno no lo est\u00e1 haciendo. Yo estoy haciendo algo. Usted me tendr\u00e1 que reconocer que no es el camino m\u00e1s c\u00f3modo. En definitiva, salimos nuevamente a subir la cuesta, el repecho, el cerro.<\/p>\n<p><em>\u00bfSiente que le puede llegar a jugar en contra?<\/em><br \/>\nNo digo que me puede jugar en contra o a favor. Lo que digo es que salimos con la convicci\u00f3n de que ten\u00edamos la obligaci\u00f3n de hacerlo y con la idea de defender un nuevo modelo en materia de seguridad que el pa\u00eds precisa. Sin especulaci\u00f3n de ninguna naturaleza. Lo anunciamos, lo resolvimos y lo hicimos. Muchos creyeron que no nos \u00edbamos a animar.<\/p>\n<p><strong>Buenas migas<\/strong><br \/>\nEl l\u00edder de Alianza Nacional cuenta que el relacionamiento con Jos\u00e9 Mujica se fue erosionando cuando el entonces presidente comenz\u00f3 a incumplir los acuerdos sellados con la oposici\u00f3n, por ejemplo, el Acuerdo Nacional en Educaci\u00f3n. No obstante, sostiene que se ha juntado con el intendente de Canelones, Yamand\u00fa Orsi, y han \u201ctenido una relaci\u00f3n de di\u00e1logo\u201d. Tambi\u00e9n hay otros referentes pol\u00edticos del FA con los que ha dialogado: \u201cHe tenido vinculaci\u00f3n con [Mario] Bergara, [Pablo] Ferreri y [Daniel] Mart\u00ednez\u201d. \u201cEl problema es que a veces estas relaciones terminan teniendo dificultades porque esos referentes, dentro del conglomerado del FA, muchas veces terminan perdiendo. Entonces, \u00bfpor qu\u00e9 V\u00e1zquez en el primer gobierno prioriz\u00f3 la unidad interna del FA y vol\u00f3 los entendimientos con la oposici\u00f3n para su participaci\u00f3n en las empresas p\u00fablicas? \u00bfY por qu\u00e9 tiene tremendas dificultades de suturar los desencuentros internos? Este segundo V\u00e1zquez termina flotando en el marco de un gobierno cuya fuerza pol\u00edtica est\u00e1 radicada en el Plenario, que mandata en un sentido y el otro a sus legisladores. Esas son las dificultades\u201d, acot\u00f3.<\/p>\n<p>Fuente: La Diaria<br \/>\nEscribe: Mariana Cianelli | Foto: Andr\u00e9s Cuenca<\/p>\n","protected":false},"excerpt":{"rendered":"<p>Un \u201ccombatiente\u201d que tiene la convicci\u00f3n de que esta vez s\u00ed tendr\u00e1 la oportunidad de ser presidente. El senador Jorge Larra\u00f1aga sigue con el mismo objetivo como norte: ser el candidato \u00fanico del Partido Nacional. En su opini\u00f3n, s\u00f3lo es posible una interna blanca en la que compitan dos candidatos, ni uno m\u00e1s. Aunque prefiere [&hellip;]<\/p>\n","protected":false},"author":1,"featured_media":30771,"comment_status":"open","ping_status":"open","sticky":false,"template":"","format":"standard","meta":{"footnotes":""},"categories":[163],"tags":[],"class_list":["post-30770","post","type-post","status-publish","format-standard","has-post-thumbnail","hentry","category-entrevistas"],"_links":{"self":[{"href":"https:\/\/alianzanacional.com.uy\/web\/wp-json\/wp\/v2\/posts\/30770","targetHints":{"allow":["GET"]}}],"collection":[{"href":"https:\/\/alianzanacional.com.uy\/web\/wp-json\/wp\/v2\/posts"}],"about":[{"href":"https:\/\/alianzanacional.com.uy\/web\/wp-json\/wp\/v2\/types\/post"}],"author":[{"embeddable":true,"href":"https:\/\/alianzanacional.com.uy\/web\/wp-json\/wp\/v2\/users\/1"}],"replies":[{"embeddable":true,"href":"https:\/\/alianzanacional.com.uy\/web\/wp-json\/wp\/v2\/comments?post=30770"}],"version-history":[{"count":2,"href":"https:\/\/alianzanacional.com.uy\/web\/wp-json\/wp\/v2\/posts\/30770\/revisions"}],"predecessor-version":[{"id":30782,"href":"https:\/\/alianzanacional.com.uy\/web\/wp-json\/wp\/v2\/posts\/30770\/revisions\/30782"}],"wp:featuredmedia":[{"embeddable":true,"href":"https:\/\/alianzanacional.com.uy\/web\/wp-json\/wp\/v2\/media\/30771"}],"wp:attachment":[{"href":"https:\/\/alianzanacional.com.uy\/web\/wp-json\/wp\/v2\/media?parent=30770"}],"wp:term":[{"taxonomy":"category","embeddable":true,"href":"https:\/\/alianzanacional.com.uy\/web\/wp-json\/wp\/v2\/categories?post=30770"},{"taxonomy":"post_tag","embeddable":true,"href":"https:\/\/alianzanacional.com.uy\/web\/wp-json\/wp\/v2\/tags?post=30770"}],"curies":[{"name":"wp","href":"https:\/\/api.w.org\/{rel}","templated":true}]}}