{"id":30922,"date":"2018-08-23T09:47:34","date_gmt":"2018-08-23T12:47:34","guid":{"rendered":"http:\/\/alianzanacional.com.uy\/web\/?p=30922"},"modified":"2018-08-23T09:47:34","modified_gmt":"2018-08-23T12:47:34","slug":"larranaga-lo-malo-es-ver-la-reforma-en-funcion-de-quien-la-impulsa-es-para-todos-los-uruguayos","status":"publish","type":"post","link":"https:\/\/alianzanacional.com.uy\/web\/larranaga-lo-malo-es-ver-la-reforma-en-funcion-de-quien-la-impulsa-es-para-todos-los-uruguayos\/","title":{"rendered":"Larra\u00f1aga: \u201cLo malo es ver la reforma en funci\u00f3n de quien la impulsa; es para todos los uruguayos\u201d"},"content":{"rendered":"<p><a href=\"https:\/\/alianzanacional.com.uy\/web\/wp-content\/uploads\/2018\/08\/i05852-678x380.jpg\"><img fetchpriority=\"high\" decoding=\"async\" src=\"https:\/\/alianzanacional.com.uy\/web\/wp-content\/uploads\/2018\/08\/i05852-678x380.jpg\" alt=\"\" width=\"678\" height=\"380\" class=\"alignnone size-full wp-image-30923\" srcset=\"https:\/\/alianzanacional.com.uy\/web\/wp-content\/uploads\/2018\/08\/i05852-678x380.jpg 678w, https:\/\/alianzanacional.com.uy\/web\/wp-content\/uploads\/2018\/08\/i05852-678x380-400x224.jpg 400w\" sizes=\"(max-width: 678px) 100vw, 678px\" \/><\/a><\/p>\n<p>Fueron entregadas las primeras 10.000 firmas recogidas en el departamento para impulsar mediante plebiscito la reforma de la Constituci\u00f3n, con acciones que endurezcan las penas en caso de delitos graves, promuevan el pleno cumplimiento de la pena y \u2013el punto m\u00e1s pol\u00e9mico\u2013 establezca una Guardia Nacional, en principio integrada por 2.000 militares entrenados en tareas de apoyo a la Polic\u00eda, que act\u00fae en cercana coordinaci\u00f3n con el Ministerio del Interior.<\/p>\n<p>El senador Jorge Larra\u00f1aga, l\u00edder de Alianza Nacional e impulsor de la reforma constitucional, se traslad\u00f3 a Paysand\u00fa para recibir de manos del diputado Nicol\u00e1s Olivera las primeras 10.000 firmas aunque asever\u00f3 que \u201chay muchas m\u00e1s por entregar y recolectar\u201d. En todo el pa\u00eds \u201cestamos superando las 100.000 firmas y tenemos distribuidas 200.000 papeletas (600.000 firmas), de modo que no tenemos dudas que vamos a alcanzar no solamente la cifra de 260.000 firmas que son necesarias, sino al menos 300.000 para tener la tranquilidad que los uruguayos decidamos con nuestro voto en las elecciones de octubre (domingo 27 de octubre de 2019) qu\u00e9 pa\u00eds queremos en materia de seguridad ciudadana\u201d.<\/p>\n<p>En EL TELEGRAFO, donde fue recibido por el director Alberto Baccaro, Larra\u00f1aga asegur\u00f3 que \u201cciertamente es pertinente la creaci\u00f3n de una Guardia Nacional\u201d y destac\u00f3 que tendr\u00e1 \u201cun efecto de compensaci\u00f3n, de equilibrio\u201d en la medida que \u201cla fuerza policial no tiene los recursos necesarios y no tiene permiso para el uso de armas en la mayor\u00eda de los casos. Esto provoca que haya zonas del pa\u00eds dominadas por los delincuentes, poder que los que ciudadanos respetan en la medida que de ellos dependen\u201d.<br \/>\nConcretamente, la reforma constitucional propone el cumplimiento efectivo de las penas para que en casos de delitos graves los delincuentes no puedan obtener beneficios que les permitan salir anticipadamente; la reclusi\u00f3n permanente revisable a los 30 a\u00f1os en delitos grav\u00edsimos como homicidios m\u00faltiples o violaci\u00f3n y homicidio a menores; que se regulen los allanamientos nocturnos en lugares donde se sospecha con debida fundamentaci\u00f3n que se est\u00e1n cometiendo delitos, y la creaci\u00f3n de una Guardia Nacional con efectivos militares para que colabore en determinadas tareas con la Polic\u00eda.<br \/>\n\u201cEsto es lo m\u00e1s urgente que tenemos los uruguayos para defendernos de los delincuentes. Porque de aqu\u00ed al 2020 el gobierno no har\u00e1 ninguna otra cosa y el pr\u00f3ximo gobierno, sea de la izquierda o el A, B o C, no tendr\u00e1 mayor\u00edas parlamentarias. Entonces en el Parlamento no ser\u00e1 sencillo establecer estas medidas. Pero el ciudadano lo puede hacer. Con efecto a dentro de catorce meses, al d\u00eda siguiente de la elecci\u00f3n nacional en primera vuelta. No es algo lejano como algunos pretenden hacer creer. La reforma garantiza que a fines de octubre de 2019 est\u00e9 en vigencia la imperativa que los jueces cumplan con lo que se determina, y que la ciudadan\u00eda sienta respaldo ante una ola de delitos que actualmente es imparable\u201d, subray\u00f3 Jorge Larra\u00f1aga.<\/p>\n<p><strong>UNA REFORMA REAL Y CONTUNDENTE<\/strong><\/p>\n<p>La Polic\u00eda Ciudadana que ha comenzado a ser planteada por otros sectores y partidos pol\u00edticos \u201ces algo completamente diferente. Hay que tener en cuenta que por imperio en el marco de las normas judiciales corresponde esa tarea al Ministerio del Interior y que por mandato constitucional, con esta reforma, se sostiene la creaci\u00f3n de la Guardia Nacional. No s\u00e9 por qu\u00e9 camino va esa propuesta\u201d, asegur\u00f3.<br \/>\nDescart\u00f3 adem\u00e1s que \u201csea una acci\u00f3n de distracci\u00f3n. Aqu\u00ed proponemos una reforma real y contundente y logramos con eso el respaldo de todos los sectores del Partido Nacional, m\u00e1s all\u00e1 de lo que expresan arriba sus dirigentes. Y eso pasa tambi\u00e9n con el Partido Colorado e incluso provoc\u00f3 el retorno de (Guillermo) Stirling al Partido Colorado al ser desautorizado por (Edgardo) Novick, quien prohibi\u00f3 la recolecci\u00f3n de firmas\u201d.<br \/>\nAsimismo asegur\u00f3 que \u201clo malo es ver la reforma en funci\u00f3n de quien la impulsa en lugar de advertir que esta reforma ser\u00e1 para todos los uruguayos, que permitir\u00e1 que un gobierno arranque el 1\u00ba de marzo (de 2020) con estos instrumentos. Me parece que aunque no sea m\u00e1gica ni pueda solucionar todo en un d\u00eda, es una forma de pegar un volantazo, de cambiar la direcci\u00f3n en la que vamos, que es la peor de todas\u201d.<br \/>\n\u201cY digo esto \u2013subray\u00f3\u2013 porque cualquiera sabe que b\u00e1sicamente se genera una grieta en la sociedad uruguaya. Cuando se recorre el pa\u00eds se advierte. Se vive en una forma en la cual se comparte el territorio pero no los mismos valores y principios. Por suerte, aun la mayor\u00eda de la ciudadan\u00eda se aferra a los buenos valores, pero no puede contra la sin ley de los delincuentes que no tienen en muchos casos castigo alguno\u201d.<\/p>\n<p><strong>GANAR EL PA\u00cdS, GANAR PAYSAND\u00da<\/strong><\/p>\n<p>Antes de despedirse, Jorge Larra\u00f1aga subray\u00f3 con su caracter\u00edstico \u00e9nfasis que \u201cvamos a ganar Paysand\u00fa y vamos a ganar tambi\u00e9n en el pa\u00eds\u201d. En lo departamental destac\u00f3 que \u201chemos tenido una renovaci\u00f3n importante con una dirigencia nueva que se une a quienes tienen experiencia. Eso me lleva al convencimiento de que vamos a tener un gran proyecto pol\u00edtico. Y expreso que con la misma fuerza que voy a luchar en lo nacional, voy a dar batalla par ayudar a que el partido gane en Paysand\u00fa\u201d.<br \/>\nY culmin\u00f3 con una enigm\u00e1tica frase: \u201cPero sin dudas y sin confusiones de ninguna naturaleza. Los que estaban en un lado, en un lado; los en otro lado, en otro lado\u201d.<\/p>\n<p>Fuente: El Tel\u00e9grafo<\/p>\n","protected":false},"excerpt":{"rendered":"<p>Fueron entregadas las primeras 10.000 firmas recogidas en el departamento para impulsar mediante plebiscito la reforma de la Constituci\u00f3n, con acciones que endurezcan las penas en caso de delitos graves, promuevan el pleno cumplimiento de la pena y \u2013el punto m\u00e1s pol\u00e9mico\u2013 establezca una Guardia Nacional, en principio integrada por 2.000 militares entrenados en tareas [&hellip;]<\/p>\n","protected":false},"author":1,"featured_media":30923,"comment_status":"open","ping_status":"open","sticky":false,"template":"","format":"standard","meta":{"footnotes":""},"categories":[163],"tags":[],"class_list":["post-30922","post","type-post","status-publish","format-standard","has-post-thumbnail","hentry","category-entrevistas"],"_links":{"self":[{"href":"https:\/\/alianzanacional.com.uy\/web\/wp-json\/wp\/v2\/posts\/30922","targetHints":{"allow":["GET"]}}],"collection":[{"href":"https:\/\/alianzanacional.com.uy\/web\/wp-json\/wp\/v2\/posts"}],"about":[{"href":"https:\/\/alianzanacional.com.uy\/web\/wp-json\/wp\/v2\/types\/post"}],"author":[{"embeddable":true,"href":"https:\/\/alianzanacional.com.uy\/web\/wp-json\/wp\/v2\/users\/1"}],"replies":[{"embeddable":true,"href":"https:\/\/alianzanacional.com.uy\/web\/wp-json\/wp\/v2\/comments?post=30922"}],"version-history":[{"count":1,"href":"https:\/\/alianzanacional.com.uy\/web\/wp-json\/wp\/v2\/posts\/30922\/revisions"}],"predecessor-version":[{"id":30924,"href":"https:\/\/alianzanacional.com.uy\/web\/wp-json\/wp\/v2\/posts\/30922\/revisions\/30924"}],"wp:featuredmedia":[{"embeddable":true,"href":"https:\/\/alianzanacional.com.uy\/web\/wp-json\/wp\/v2\/media\/30923"}],"wp:attachment":[{"href":"https:\/\/alianzanacional.com.uy\/web\/wp-json\/wp\/v2\/media?parent=30922"}],"wp:term":[{"taxonomy":"category","embeddable":true,"href":"https:\/\/alianzanacional.com.uy\/web\/wp-json\/wp\/v2\/categories?post=30922"},{"taxonomy":"post_tag","embeddable":true,"href":"https:\/\/alianzanacional.com.uy\/web\/wp-json\/wp\/v2\/tags?post=30922"}],"curies":[{"name":"wp","href":"https:\/\/api.w.org\/{rel}","templated":true}]}}