{"id":31018,"date":"2018-09-27T11:59:15","date_gmt":"2018-09-27T14:59:15","guid":{"rendered":"http:\/\/alianzanacional.com.uy\/web\/?p=31018"},"modified":"2018-09-27T11:59:15","modified_gmt":"2018-09-27T14:59:15","slug":"olivera-sobre-murro-un-ministro-que-este-haciendo-campana-politica-no-deberia-estar-ocupando-el-cargo","status":"publish","type":"post","link":"https:\/\/alianzanacional.com.uy\/web\/olivera-sobre-murro-un-ministro-que-este-haciendo-campana-politica-no-deberia-estar-ocupando-el-cargo\/","title":{"rendered":"Olivera sobre Murro: \u201cUn ministro que est\u00e9 haciendo campa\u00f1a pol\u00edtica no deber\u00eda estar ocupando el cargo\u201d"},"content":{"rendered":"<p><a href=\"https:\/\/alianzanacional.com.uy\/web\/wp-content\/uploads\/2018\/09\/OLIVERA-Nicol\u00e1s-_0.jpg\"><img fetchpriority=\"high\" decoding=\"async\" src=\"https:\/\/alianzanacional.com.uy\/web\/wp-content\/uploads\/2018\/09\/OLIVERA-Nicol\u00e1s-_0-700x321.jpg\" alt=\"\" width=\"620\" height=\"284\" class=\"alignnone size-large wp-image-31019\" srcset=\"https:\/\/alianzanacional.com.uy\/web\/wp-content\/uploads\/2018\/09\/OLIVERA-Nicol\u00e1s-_0-700x321.jpg 700w, https:\/\/alianzanacional.com.uy\/web\/wp-content\/uploads\/2018\/09\/OLIVERA-Nicol\u00e1s-_0-400x183.jpg 400w, https:\/\/alianzanacional.com.uy\/web\/wp-content\/uploads\/2018\/09\/OLIVERA-Nicol\u00e1s-_0-768x352.jpg 768w, https:\/\/alianzanacional.com.uy\/web\/wp-content\/uploads\/2018\/09\/OLIVERA-Nicol\u00e1s-_0.jpg 968w\" sizes=\"(max-width: 620px) 100vw, 620px\" \/><\/a><\/p>\n<p>El diputado Nicol\u00e1s Olivera (Partido Nacional) reclam\u00f3 la renuncia del ministro Ernesto Murro (MTSS), por estar dedic\u00e1ndose a impulsar su precandidatura en lugar de atender \u201clas horas aciagas\u201d en materia del problema del empleo en Paysand\u00fa y en el resto del pa\u00eds.<\/p>\n<p>\u201cHace tres a\u00f1os, en esta misma C\u00e1mara, presentamos una propuesta para declarar al departamento de Paysand\u00fa en emergencia laboral  tema que nos convoc\u00f3 varias veces, pero lamentablemente, la fuerza de gobierno no la acompa\u00f1\u00f3.<\/p>\n<p>En aquel momento, solicitamos que el gobierno se sensibilizara y que la ministra de Industria, Energ\u00eda y Miner\u00eda y el ministro de Trabajo y Seguridad Social fueran a Paysand\u00fa para consustanciarse de la dif\u00edcil situaci\u00f3n que exist\u00eda desde hace tres a\u00f1os, pero como todo el mundo sabe, eso se ha agudizado.<\/p>\n<p>En tal sentido, lo primero que quiero destacar es que la ministra Cosse acudi\u00f3 raudamente a Paysand\u00fa, y en m\u00e1s de una oportunidad. En realidad, es una ministra que tiene una presencia importante en el departamento, y creo que es bueno destacarlo, en aras de la lealtad. Sin embargo, a quien no le cay\u00f3 bien nuestra solicitud  y me lo hizo saber en forma muy molesta  fue al ministro de Trabajo y Seguridad Social, Ernesto Murro.<\/p>\n<p>De hecho, desde agosto de 2015 hasta ahora el proceso se fue agudizando, y culmin\u00f3 con el cierre de industrias, empresas y comercios.<\/p>\n<p>El Instituto Cuesta Duarte se\u00f1ala que en Paysand\u00fa hay una desocupaci\u00f3n del entorno del 12%; cifra distinta a las oficiales. Adem\u00e1s, en Paysand\u00fa  y en Uruguay  en los \u00faltimos cuatro a\u00f1os se han perdido cerca de cincuenta mil empleos.<\/p>\n<p>\u00a1Y bueno! Pasaron tres a\u00f1os \u00a1cost\u00f3!, pero el ministro de Trabajo y Seguridad Social hoy est\u00e1 en Paysand\u00fa. No s\u00e9 bien si est\u00e1 en calidad de ministro, en calidad de precandidato a la presidencia de la Rep\u00fablica, o de pre precandidato, como \u00e9l dice.<\/p>\n<p>Dese cuenta, se\u00f1or presidente, que el ministro, en una actividad organizada por su partido, el Frente Amplio, va a hablar del empleo, habiendo sido el ministro en cuya gesti\u00f3n se perdieron cerca de cincuenta mil empleos.<\/p>\n<p>El ministro dice que, debido a su precandidatura, est\u00e1 viviendo un precioso momento as\u00ed lo rotul\u00f3, pero mientras el se\u00f1or ministro vive su precioso momento, miles de uruguayos y, entre ellos, sanduceros est\u00e1n viviendo, quiz\u00e1s los peores momentos de su vida laboral, ya sea porque est\u00e1n en peligro de perder su empleo o porque ya lo perdieron y no encuentran otro.<\/p>\n<p>El presidente de los uruguayos, el doctor Tabar\u00e9 V\u00e1zquez Rosas, nos dijo que los ministros que quisieran hacer pol\u00edtica deber\u00edan renunciar.<\/p>\n<p>Hoy no me estoy tomando estos cinco minutos para hablar de la paup\u00e9rrima gesti\u00f3n del ministro Murro, sino para tomar la palabra del se\u00f1or presidente de la Rep\u00fablica, ya que un ministro que est\u00e9 haciendo campa\u00f1a pol\u00edtica no deber\u00eda estar ocupando el cargo. Por supuesto, si la Constituci\u00f3n lo habilita tiene todo el derecho a ser candidato y a participar en todos los actos que quiera, pero creo que en estas horas aciagas  no solamente para mi departamento, sino tambi\u00e9n para todo el pa\u00eds  necesitamos un ministro de Trabajo y Seguridad Social que no est\u00e9 preocupado por vivir ese \u201cprecioso momento\u201d, y que su desvelo sea la generaci\u00f3n de m\u00e1s fuentes de trabajo, cosa que no ha pasado en los m\u00e1s de tres a\u00f1os en que ha desarrollado su actividad al frente de la Cartera.<\/p>\n<p>Creo que ha llegado el momento de que el Uruguay se merezca  y se merece otro ministro de Trabajo y Seguridad Social, alguien que est\u00e9 al frente de una cartera a la que s\u00ed le importe generar empleo, que sea receptivo a los planteos de la sociedad y que, en definitiva, reaccione y no salga ahora a hacer campa\u00f1a pol\u00edtica. Necesitamos esa clase de ministros de Trabajo y Seguridad Social; no los que salen ahora a hacer excursiones pol\u00edticas.<\/p>\n<p>Creemos que le ha llegado el tiempo al ministro de Trabajo y Seguridad Social, que merecido tendr\u00e1 poder dedicarse a su actividad, pero que ya no deber\u00eda ser ministro de esa Cartera.<\/p>\n<p>Solicito, milagro mediante, que la versi\u00f3n taquigr\u00e1fica de mis palabras sea enviada al Presidente de la Rep\u00fablica y a las diecinueve juntas departamentales del pa\u00eds\u201d fueron las palabras del diputado sanducero durante la media hora previa del martes 18 de setiembre. <\/p>\n","protected":false},"excerpt":{"rendered":"<p>El diputado Nicol\u00e1s Olivera (Partido Nacional) reclam\u00f3 la renuncia del ministro Ernesto Murro (MTSS), por estar dedic\u00e1ndose a impulsar su precandidatura en lugar de atender \u201clas horas aciagas\u201d en materia del problema del empleo en Paysand\u00fa y en el resto del pa\u00eds. \u201cHace tres a\u00f1os, en esta misma C\u00e1mara, presentamos una propuesta para declarar al [&hellip;]<\/p>\n","protected":false},"author":1,"featured_media":31019,"comment_status":"open","ping_status":"open","sticky":false,"template":"","format":"standard","meta":{"footnotes":""},"categories":[164],"tags":[],"class_list":["post-31018","post","type-post","status-publish","format-standard","has-post-thumbnail","hentry","category-legislativas"],"_links":{"self":[{"href":"https:\/\/alianzanacional.com.uy\/web\/wp-json\/wp\/v2\/posts\/31018","targetHints":{"allow":["GET"]}}],"collection":[{"href":"https:\/\/alianzanacional.com.uy\/web\/wp-json\/wp\/v2\/posts"}],"about":[{"href":"https:\/\/alianzanacional.com.uy\/web\/wp-json\/wp\/v2\/types\/post"}],"author":[{"embeddable":true,"href":"https:\/\/alianzanacional.com.uy\/web\/wp-json\/wp\/v2\/users\/1"}],"replies":[{"embeddable":true,"href":"https:\/\/alianzanacional.com.uy\/web\/wp-json\/wp\/v2\/comments?post=31018"}],"version-history":[{"count":1,"href":"https:\/\/alianzanacional.com.uy\/web\/wp-json\/wp\/v2\/posts\/31018\/revisions"}],"predecessor-version":[{"id":31020,"href":"https:\/\/alianzanacional.com.uy\/web\/wp-json\/wp\/v2\/posts\/31018\/revisions\/31020"}],"wp:featuredmedia":[{"embeddable":true,"href":"https:\/\/alianzanacional.com.uy\/web\/wp-json\/wp\/v2\/media\/31019"}],"wp:attachment":[{"href":"https:\/\/alianzanacional.com.uy\/web\/wp-json\/wp\/v2\/media?parent=31018"}],"wp:term":[{"taxonomy":"category","embeddable":true,"href":"https:\/\/alianzanacional.com.uy\/web\/wp-json\/wp\/v2\/categories?post=31018"},{"taxonomy":"post_tag","embeddable":true,"href":"https:\/\/alianzanacional.com.uy\/web\/wp-json\/wp\/v2\/tags?post=31018"}],"curies":[{"name":"wp","href":"https:\/\/api.w.org\/{rel}","templated":true}]}}