{"id":31021,"date":"2018-09-27T12:09:26","date_gmt":"2018-09-27T15:09:26","guid":{"rendered":"http:\/\/alianzanacional.com.uy\/web\/?p=31021"},"modified":"2018-09-27T12:11:50","modified_gmt":"2018-09-27T15:11:50","slug":"abdala-solicito-informes-sobre-los-manejos-de-ute-en-el-area-de-distribucion","status":"publish","type":"post","link":"https:\/\/alianzanacional.com.uy\/web\/abdala-solicito-informes-sobre-los-manejos-de-ute-en-el-area-de-distribucion\/","title":{"rendered":"Abdala solicit\u00f3 informes sobre los manejos de UTE en el \u00e1rea de distribuci\u00f3n"},"content":{"rendered":"<p><a href=\"https:\/\/alianzanacional.com.uy\/web\/wp-content\/uploads\/2017\/09\/Pablo-Abdala-666x388.jpg\"><img fetchpriority=\"high\" decoding=\"async\" class=\"size-full wp-image-30133\" src=\"https:\/\/alianzanacional.com.uy\/web\/wp-content\/uploads\/2017\/09\/Pablo-Abdala-666x388.jpg\" alt=\"\" width=\"666\" height=\"388\" srcset=\"https:\/\/alianzanacional.com.uy\/web\/wp-content\/uploads\/2017\/09\/Pablo-Abdala-666x388.jpg 666w, https:\/\/alianzanacional.com.uy\/web\/wp-content\/uploads\/2017\/09\/Pablo-Abdala-666x388-400x233.jpg 400w\" sizes=\"(max-width: 666px) 100vw, 666px\" \/><\/a><\/p>\n<p><em>El diputado por Montevideo, Pablo Abdala, amparado en el art\u00edculo 118 de la Constituci\u00f3n de la\u00a0Rep\u00fablica, solicit\u00f3 se curse al Ministerio de Industria, Energ\u00eda y Miner\u00eda y, por su intermedio al\u00a0directorio de UTE, el siguiente Pedido de Informe, sobre los manejos de UTE en el \u00e1rea de distribuci\u00f3n.<\/em><\/p>\n<p style=\"text-align: right;\">Montevideo, 25 de setiembre de 2018.<\/p>\n<p style=\"text-align: left;\">Sr. Presidente de la C\u00e1mara de Representantes<br \/>\nDiputado Jorge Gandini<br \/>\nPresente:<\/p>\n<p style=\"text-align: left;\">De mi consideraci\u00f3n:<\/p>\n<p style=\"text-align: left;\">De acuerdo a las facultades que me confiere el art\u00edculo 118 de la Constituci\u00f3n de la<br \/>\nRep\u00fablica, pido se curse al Ministerio de Industria, Energ\u00eda y Miner\u00eda y, por su intermedio al<br \/>\ndirectorio de UTE, el siguiente:<\/p>\n<p style=\"text-align: center;\">\n<strong>PEDIDO DE INFORME<\/strong><\/p>\n<p style=\"text-align: left;\">\nCon relaci\u00f3n al informe elaborado por las gerencias de Distribuci\u00f3n y Comercial en el<br \/>\nexpediente 17003067, referido en el acta de directorio N\u00b0 18258 de 31 de agosto de 2017, del<br \/>\nque surge una disminuci\u00f3n de las inversiones en dichas \u00e1reas a partir del a\u00f1o 2015, que se habr\u00eda<br \/>\ntraducido en una afectaci\u00f3n de la calidad del servicio, pido se informe:<\/p>\n<p style=\"text-align: left;\">1. Si es correcta la versi\u00f3n, seg\u00fan la cual, el directorio encomend\u00f3 la elaboraci\u00f3n de un\u00a0nuevo informe, sobre el mismo asunto, a ra\u00edz de la publicaci\u00f3n en los medios del informe\u00a0referido en el ac\u00e1pite de la presente solicitud.<\/p>\n<p style=\"text-align: left;\">2. En caso afirmativo, s\u00edrvase indicar las razones de esa decisi\u00f3n.<\/p>\n<p style=\"text-align: left;\">3. En caso afirmativo, s\u00edrvase indicar a qui\u00e9n se encomend\u00f3 la realizaci\u00f3n de dicha tarea.<\/p>\n<p style=\"text-align: left;\">4. Indique quienes fueron los funcionarios que elaboraron y firmaron el informe elevado al\u00a0directorio el pasado a\u00f1o.<\/p>\n<p style=\"text-align: left;\">5. Ante la decisi\u00f3n del directorio de cursar el informe a la Oficina de Planeamiento y\u00a0Presupuesto (OPP), el Ministerio de Econom\u00eda y Finanzas (MEF) y el Ministerio de\u00a0Industria, Energ\u00eda y Miner\u00eda (MIEM), para que \u201cpueda(n) apreciarse los efectos que\u00a0tienen las restricciones presupuestales en esos servicios a cargo de este organismo\u201d,\u00a0s\u00edrvase indicar la respuesta que al respecto obtuvo el mismo de parte del Poder\u00a0Ejecutivo.<\/p>\n<p style=\"text-align: left;\">6. Si se han producido traslados de funcionarios o alg\u00fan otro tipo de medida excepcional en\u00a0al \u00e1mbito de las gerencias de Distribuci\u00f3n y Comercial, desde que el referido informe\u00a0tomara estado p\u00fablico.<\/p>\n<p style=\"text-align: center;\">\nPablo Abdala<br \/>\nRepresentante Nacional<\/p>\n","protected":false},"excerpt":{"rendered":"<p>El diputado por Montevideo, Pablo Abdala, amparado en el art\u00edculo 118 de la Constituci\u00f3n de la\u00a0Rep\u00fablica, solicit\u00f3 se curse al Ministerio de Industria, Energ\u00eda y Miner\u00eda y, por su intermedio al\u00a0directorio de UTE, el siguiente Pedido de Informe, sobre los manejos de UTE en el \u00e1rea de distribuci\u00f3n. Montevideo, 25 de setiembre de 2018. Sr. [&hellip;]<\/p>\n","protected":false},"author":1,"featured_media":30133,"comment_status":"open","ping_status":"open","sticky":false,"template":"","format":"standard","meta":{"footnotes":""},"categories":[164],"tags":[],"class_list":["post-31021","post","type-post","status-publish","format-standard","has-post-thumbnail","hentry","category-legislativas"],"_links":{"self":[{"href":"https:\/\/alianzanacional.com.uy\/web\/wp-json\/wp\/v2\/posts\/31021","targetHints":{"allow":["GET"]}}],"collection":[{"href":"https:\/\/alianzanacional.com.uy\/web\/wp-json\/wp\/v2\/posts"}],"about":[{"href":"https:\/\/alianzanacional.com.uy\/web\/wp-json\/wp\/v2\/types\/post"}],"author":[{"embeddable":true,"href":"https:\/\/alianzanacional.com.uy\/web\/wp-json\/wp\/v2\/users\/1"}],"replies":[{"embeddable":true,"href":"https:\/\/alianzanacional.com.uy\/web\/wp-json\/wp\/v2\/comments?post=31021"}],"version-history":[{"count":3,"href":"https:\/\/alianzanacional.com.uy\/web\/wp-json\/wp\/v2\/posts\/31021\/revisions"}],"predecessor-version":[{"id":31023,"href":"https:\/\/alianzanacional.com.uy\/web\/wp-json\/wp\/v2\/posts\/31021\/revisions\/31023"}],"wp:featuredmedia":[{"embeddable":true,"href":"https:\/\/alianzanacional.com.uy\/web\/wp-json\/wp\/v2\/media\/30133"}],"wp:attachment":[{"href":"https:\/\/alianzanacional.com.uy\/web\/wp-json\/wp\/v2\/media?parent=31021"}],"wp:term":[{"taxonomy":"category","embeddable":true,"href":"https:\/\/alianzanacional.com.uy\/web\/wp-json\/wp\/v2\/categories?post=31021"},{"taxonomy":"post_tag","embeddable":true,"href":"https:\/\/alianzanacional.com.uy\/web\/wp-json\/wp\/v2\/tags?post=31021"}],"curies":[{"name":"wp","href":"https:\/\/api.w.org\/{rel}","templated":true}]}}