{"id":31025,"date":"2018-09-27T12:15:43","date_gmt":"2018-09-27T15:15:43","guid":{"rendered":"http:\/\/alianzanacional.com.uy\/web\/?p=31025"},"modified":"2018-09-27T12:24:13","modified_gmt":"2018-09-27T15:24:13","slug":"hacia-la-institucionalizacion-del-congreso-nacional-de-ediles","status":"publish","type":"post","link":"https:\/\/alianzanacional.com.uy\/web\/hacia-la-institucionalizacion-del-congreso-nacional-de-ediles\/","title":{"rendered":"Hacia la institucionalizaci\u00f3n del Congreso Nacional de Ediles"},"content":{"rendered":"<p><a href=\"https:\/\/alianzanacional.com.uy\/web\/wp-content\/uploads\/2018\/09\/WhatsApp-Image-2018-09-14-at-13.41.19-1.jpeg\"><img fetchpriority=\"high\" decoding=\"async\" class=\"alignnone size-large wp-image-31027\" src=\"https:\/\/alianzanacional.com.uy\/web\/wp-content\/uploads\/2018\/09\/WhatsApp-Image-2018-09-14-at-13.41.19-1-700x467.jpeg\" alt=\"\" width=\"620\" height=\"414\" srcset=\"https:\/\/alianzanacional.com.uy\/web\/wp-content\/uploads\/2018\/09\/WhatsApp-Image-2018-09-14-at-13.41.19-1-700x467.jpeg 700w, https:\/\/alianzanacional.com.uy\/web\/wp-content\/uploads\/2018\/09\/WhatsApp-Image-2018-09-14-at-13.41.19-1-400x267.jpeg 400w, https:\/\/alianzanacional.com.uy\/web\/wp-content\/uploads\/2018\/09\/WhatsApp-Image-2018-09-14-at-13.41.19-1-768x512.jpeg 768w, https:\/\/alianzanacional.com.uy\/web\/wp-content\/uploads\/2018\/09\/WhatsApp-Image-2018-09-14-at-13.41.19-1.jpeg 1024w\" sizes=\"(max-width: 620px) 100vw, 620px\" \/><\/a><\/p>\n<p>El Presidente de la C\u00e1mara de Representantes, Diputado Jorge Gandini, es autor, junto a otros legisladores, del proyecto de ley que busca darle regulaci\u00f3n legal al Congreso Nacional de Ediles.<\/p>\n<p>\u201cEs una vieja aspiraci\u00f3n de los ediles de todo el pa\u00eds y todos los partidos, que el mismo deje de ser una asociaci\u00f3n civil con personer\u00eda jur\u00eddica, regulada por el derecho privado, y pase a ser un \u00f3rgano p\u00fablico, con mayor equilibrio formal con el Congreso Nacional de Intendentes, que tiene rango constitucional, consagrado en la \u00faltima reforma\u201d, se expresa en la exposici\u00f3n de motivos.<\/p>\n<p>\u201cHa costado mucho buscarle la forma, hay que entender donde se va a ubicar. Todo \u00f3rgano del Estado tiene una ubicaci\u00f3n en el ordenamiento institucional. No puede ser una dependencia del Congreso de Intendentes, no puede ser un ente aut\u00f3nomo, ni una empresa\u201d, explic\u00f3 Gandini.<\/p>\n<p>Por ello, el Presidente de la C\u00e1mara de Representantes dispuso una consulta jur\u00eddica, \u201cy proponemos crear el Congreso Nacional de Ediles (lo inspiramos en el art\u00edculo 262 de la Constituci\u00f3n) y lo ubicamos como un \u00f3rgano dentro de la persona Estado menor, o sea, de los gobiernos departamentales que est\u00e1n constituidos por las intendencias y las juntas departamentales.\u201d<\/p>\n<p>\u201cEl proyecto presentado es muy sencillo, que toma como fuente para varios de sus art\u00edculos, el estatuto que poseen hoy y creamos algunas respuestas nuevas\u201d, indic\u00f3.<\/p>\n<p><a href=\"https:\/\/alianzanacional.com.uy\/web\/wp-content\/uploads\/2018\/09\/Congreso-Ediles-Instit.pdf\">Se adjunta proyecto de Ley<\/a><\/p>\n","protected":false},"excerpt":{"rendered":"<p>El Presidente de la C\u00e1mara de Representantes, Diputado Jorge Gandini, es autor, junto a otros legisladores, del proyecto de ley que busca darle regulaci\u00f3n legal al Congreso Nacional de Ediles. \u201cEs una vieja aspiraci\u00f3n de los ediles de todo el pa\u00eds y todos los partidos, que el mismo deje de ser una asociaci\u00f3n civil con [&hellip;]<\/p>\n","protected":false},"author":1,"featured_media":31027,"comment_status":"open","ping_status":"open","sticky":false,"template":"","format":"standard","meta":{"footnotes":""},"categories":[164],"tags":[],"class_list":["post-31025","post","type-post","status-publish","format-standard","has-post-thumbnail","hentry","category-legislativas"],"_links":{"self":[{"href":"https:\/\/alianzanacional.com.uy\/web\/wp-json\/wp\/v2\/posts\/31025","targetHints":{"allow":["GET"]}}],"collection":[{"href":"https:\/\/alianzanacional.com.uy\/web\/wp-json\/wp\/v2\/posts"}],"about":[{"href":"https:\/\/alianzanacional.com.uy\/web\/wp-json\/wp\/v2\/types\/post"}],"author":[{"embeddable":true,"href":"https:\/\/alianzanacional.com.uy\/web\/wp-json\/wp\/v2\/users\/1"}],"replies":[{"embeddable":true,"href":"https:\/\/alianzanacional.com.uy\/web\/wp-json\/wp\/v2\/comments?post=31025"}],"version-history":[{"count":2,"href":"https:\/\/alianzanacional.com.uy\/web\/wp-json\/wp\/v2\/posts\/31025\/revisions"}],"predecessor-version":[{"id":31029,"href":"https:\/\/alianzanacional.com.uy\/web\/wp-json\/wp\/v2\/posts\/31025\/revisions\/31029"}],"wp:featuredmedia":[{"embeddable":true,"href":"https:\/\/alianzanacional.com.uy\/web\/wp-json\/wp\/v2\/media\/31027"}],"wp:attachment":[{"href":"https:\/\/alianzanacional.com.uy\/web\/wp-json\/wp\/v2\/media?parent=31025"}],"wp:term":[{"taxonomy":"category","embeddable":true,"href":"https:\/\/alianzanacional.com.uy\/web\/wp-json\/wp\/v2\/categories?post=31025"},{"taxonomy":"post_tag","embeddable":true,"href":"https:\/\/alianzanacional.com.uy\/web\/wp-json\/wp\/v2\/tags?post=31025"}],"curies":[{"name":"wp","href":"https:\/\/api.w.org\/{rel}","templated":true}]}}